{"id":7532,"date":"2018-07-17T20:56:14","date_gmt":"2018-07-17T20:56:14","guid":{"rendered":"http:\/\/fmriachuelo.com.ar\/?p=7532"},"modified":"2018-07-17T20:56:14","modified_gmt":"2018-07-17T20:56:14","slug":"intercambio-de-experiencias-desde-la-economia-popular","status":"publish","type":"post","link":"http:\/\/fmriachuelo.it10.com.ar\/index.php\/2018\/07\/17\/intercambio-de-experiencias-desde-la-economia-popular\/","title":{"rendered":"INTERCAMBIO DE EXPERIENCIAS DESDE LA ECONOM\u00cdA POPULAR"},"content":{"rendered":"<p><b>[Producci\u00f3n colectiva* 17\/07\/2018] En el d\u00eda de ayer la Comunidad Pacheco y FM Riachuelo se reunieron en una jornada de intercambio con el fin de compartir experiencias de Comunicaci\u00f3n y\u00a0Econom\u00eda Popular. El encuentro se realiz\u00f3 en la sede de la radio<\/b><strong>\u00a0en el barrio de La Boca.\u00a0<\/strong><\/p>\n<p>La Comunidad Pacheco es un proyecto de la Organizaci\u00f3n Voluntario Global. Est\u00e1 ubicada en el partido de Tigre y naci\u00f3 en el a\u00f1o 2014. Su prop\u00f3sito es capacitar a j\u00f3venes y adultos en huerta y jardiner\u00eda como forma alternativa de construir desde el trabajo comunitario la soberan\u00eda alimentaria. Junto con la FM Riachuelo, experiencia de comunicaci\u00f3n popular de la Organizaci\u00f3n Los Pibes, transitan un mismo camino en la construcci\u00f3n de otro mundo posible.<\/p>\n<p>Los y las compa\u00f1er@s del espacio Comunidad Pacheco visitaron y recorrieron el espacio de la radio comunitaria para conocer lo que realiza. Para culminar, se sumaron al Taller de Producci\u00f3n que se dicta todos los lunes a las 18.30 horas.<\/p>\n<p>Tambi\u00e9n visitaron el \u00a0estudio de radio y participaron del programa <strong>\u201cRitmo y Militancia<\/strong>\u201d. Luego compartieron el aire del programa <strong>\u201cAl Gran Pueblo Salud\u201d<\/strong> donde fueron <a href=\"https:\/\/radiocut.fm\/audiocut\/entrevista-a-valeria-gracia-y-matias-olivieri-de-la-comunidad-pacheco\/#f=show&amp;l=recent\">entrevistados sus coordinadores Valeria Gracia y Mat\u00edas Oliveri<\/a><b>.\u00a0<\/b><\/p>\n<p>A partir de diferentes actividades en la jornada los integrantes de las dos organizaciones intercambiaron ideas sobre las formas de hacer en las distintas realidades de sus territorios.<\/p>\n<p>El encuentro permiti\u00f3 reflexionar acerca de la construcci\u00f3n del conocimiento popular y de c\u00f3mo aprovechar los distintos saberes del otro en pos de mejorar cada experiencia de construcci\u00f3n en la lucha popular. La jornada finaliz\u00f3 con una ronda de mate y bizcochos, y un balance sobre la experiencia vivida.<\/p>\n<p><strong>\u00a0<img loading=\"lazy\" decoding=\"async\" class=\"alignnone size-full wp-image-7541\" src=\"http:\/\/fmriachuelo.com.ar\/wp-content\/uploads\/2018\/07\/IMG-20180717-WA0025.jpg\" alt=\"\" width=\"1280\" height=\"959\" srcset=\"http:\/\/fmriachuelo.it10.com.ar\/wp-content\/uploads\/2018\/07\/IMG-20180717-WA0025.jpg 1280w, http:\/\/fmriachuelo.it10.com.ar\/wp-content\/uploads\/2018\/07\/IMG-20180717-WA0025-300x225.jpg 300w, http:\/\/fmriachuelo.it10.com.ar\/wp-content\/uploads\/2018\/07\/IMG-20180717-WA0025-1024x767.jpg 1024w, http:\/\/fmriachuelo.it10.com.ar\/wp-content\/uploads\/2018\/07\/IMG-20180717-WA0025-768x575.jpg 768w, http:\/\/fmriachuelo.it10.com.ar\/wp-content\/uploads\/2018\/07\/IMG-20180717-WA0025-750x562.jpg 750w, http:\/\/fmriachuelo.it10.com.ar\/wp-content\/uploads\/2018\/07\/IMG-20180717-WA0025-1140x854.jpg 1140w\" sizes=\"auto, (max-width: 1280px) 100vw, 1280px\" \/><\/strong><\/p>\n<p><strong>\u00a0<\/strong><strong>\u00a0<\/strong><strong><em>*Nota producida colectivamente por FM Riachuelo y Comunidad Pacheco en el Taller de producci\u00f3n<\/em><\/strong><\/p>\n<p>&nbsp;<\/p>\n","protected":false},"excerpt":{"rendered":"<p>[Producci\u00f3n colectiva* 17\/07\/2018] En el d\u00eda de ayer la Comunidad Pacheco y FM Riachuelo se reunieron en una jornada de intercambio con el fin de compartir experiencias de Comunicaci\u00f3n y\u00a0Econom\u00eda Popular. El encuentro se realiz\u00f3 en la sede de la radio\u00a0en el barrio de La Boca.\u00a0 La Comunidad Pacheco es un proyecto de la Organizaci\u00f3n [&hellip;]<\/p>\n","protected":false},"author":5,"featured_media":7536,"comment_status":"open","ping_status":"open","sticky":false,"template":"","format":"standard","meta":{"_monsterinsights_skip_tracking":false,"_monsterinsights_sitenote_active":false,"_monsterinsights_sitenote_note":"","_monsterinsights_sitenote_category":0,"jnews-multi-image_gallery":[],"jnews_single_post":[],"jnews_primary_category":[],"_joinchat":[],"footnotes":""},"categories":[80,76,77],"tags":[],"class_list":["post-7532","post","type-post","status-publish","format-standard","has-post-thumbnail","hentry","category-educacion","category-salud-comunitaria","category-soberania"],"_links":{"self":[{"href":"http:\/\/fmriachuelo.it10.com.ar\/index.php\/wp-json\/wp\/v2\/posts\/7532","targetHints":{"allow":["GET"]}}],"collection":[{"href":"http:\/\/fmriachuelo.it10.com.ar\/index.php\/wp-json\/wp\/v2\/posts"}],"about":[{"href":"http:\/\/fmriachuelo.it10.com.ar\/index.php\/wp-json\/wp\/v2\/types\/post"}],"author":[{"embeddable":true,"href":"http:\/\/fmriachuelo.it10.com.ar\/index.php\/wp-json\/wp\/v2\/users\/5"}],"replies":[{"embeddable":true,"href":"http:\/\/fmriachuelo.it10.com.ar\/index.php\/wp-json\/wp\/v2\/comments?post=7532"}],"version-history":[{"count":0,"href":"http:\/\/fmriachuelo.it10.com.ar\/index.php\/wp-json\/wp\/v2\/posts\/7532\/revisions"}],"wp:featuredmedia":[{"embeddable":true,"href":"http:\/\/fmriachuelo.it10.com.ar\/index.php\/wp-json\/wp\/v2\/media\/7536"}],"wp:attachment":[{"href":"http:\/\/fmriachuelo.it10.com.ar\/index.php\/wp-json\/wp\/v2\/media?parent=7532"}],"wp:term":[{"taxonomy":"category","embeddable":true,"href":"http:\/\/fmriachuelo.it10.com.ar\/index.php\/wp-json\/wp\/v2\/categories?post=7532"},{"taxonomy":"post_tag","embeddable":true,"href":"http:\/\/fmriachuelo.it10.com.ar\/index.php\/wp-json\/wp\/v2\/tags?post=7532"}],"curies":[{"name":"wp","href":"https:\/\/api.w.org\/{rel}","templated":true}]}}