{"id":752,"date":"2015-01-28T09:00:00","date_gmt":"2015-01-28T09:00:00","guid":{"rendered":"http:\/\/fmriachuelo.observatorioess.org.ar\/index.php\/2015\/01\/28\/palestina-y-la-realidad-actual\/"},"modified":"2025-03-25T16:42:36","modified_gmt":"2025-03-25T19:42:36","slug":"palestina-y-la-realidad-actual","status":"publish","type":"post","link":"http:\/\/fmriachuelo.it10.com.ar\/index.php\/2015\/01\/28\/palestina-y-la-realidad-actual\/","title":{"rendered":"PALESTINA Y LA REALIDAD ACTUAL"},"content":{"rendered":"<p><span style=\"color: red;font-family: Verdana, sans-serif;font-size: large\"><strong>NI\u00d1OS PALESTINOS EN LA CARCEL DE ISRAEL<\/strong><\/span><br \/><span style=\"font-family: Verdana, sans-serif\">Gazat\u00edes piden liberaci\u00f3n de ni\u00f1a palestina arrestada por Israel<\/span><\/p>\n<div style=\"clear: both;text-align: center\"><a href=\"http:\/\/4.bp.blogspot.com\/-n0xNsS2aNv8\/VMhD-uGMN0I\/AAAAAAAAClk\/woCwxGFQzjI\/s1600\/ni%C3%B1os%2Bpalestinos.jpg\" style=\"margin-left: 1em;margin-right: 1em\"><img loading=\"lazy\" decoding=\"async\" border=\"0\" src=\"http:\/\/4.bp.blogspot.com\/-n0xNsS2aNv8\/VMhD-uGMN0I\/AAAAAAAAClk\/woCwxGFQzjI\/s1600\/ni%C3%B1os%2Bpalestinos.jpg\" height=\"168\" width=\"400\" \/><\/a><\/div>\n<p><span style=\"font-family: Verdana, sans-serif\">Malak al-Jatib es una ni\u00f1a palestina que con tan solo 14 a\u00f1os est\u00e1 detenida en una c\u00e1rcel del r\u00e9gimen israel\u00ed.&nbsp; <br \/> Ni\u00f1os de Gaza se manifiestan delante de una sede de la Organizaci\u00f3n de las Naciones Unidas (ONU) para protestar por la detenci\u00f3n continuada de ni\u00f1os palestinos en la Cisjordania ocupada y, en particular, por la detenci\u00f3n de Malak al-Jatib, una ni\u00f1a de 14 a\u00f1os que las fuerzas israel\u00edes detuvieron el pasado 31 de diciembre cuando volv\u00eda a casa del colegio. Malak sigue en prisi\u00f3n y sus padres contin\u00faan sin poder establecer contacto con ella.<\/p>\n<p> Seg\u00fan informes de organizaciones de derechos humanos, el 95 por ciento de los ni\u00f1os palestinos detenidos es obligado a admitir unos cargos que no ha cometido. Esta vez, el pretexto israel\u00ed para detener a esta menor palestina ha sido lanzar piedras.<\/span><br \/><a name='more'><\/a><span style=\"font-family: Verdana, sans-serif\"><br \/> Malak es la detenida m\u00e1s joven que actualmente hay en las c\u00e1rceles israel\u00edes. Euro-Mid, la organizaci\u00f3n defensora de los derechos humanos, denuncia su detenci\u00f3n y advierte de que, en cuatro a\u00f1os, el r\u00e9gimen de Tel Aviv ha detenido a 3000 ni\u00f1os palestinos, la mayor\u00eda de ellos de Al-Quds (Jerusal\u00e9n), expuestos de forma generalizada a maltratos f\u00edsicos.<\/p>\n<p> Malak, mientras tanto, sigue detenida sin poder hablar con sus padres. Sin importar su edad o su vulnerabilidad ante tribunales militares israel\u00edes se ha convertido en una v\u00edctima m\u00e1s de la ocupaci\u00f3n. <\/span><br \/><span style=\"color: blue;font-family: Verdana\">Fuente: Palestina Libre, Producci\u00f3n Riachuelo<\/span><\/p>\n<div style=\"clear: both;text-align: center\"><a href=\"http:\/\/3.bp.blogspot.com\/-MC51kWngTdc\/VMhCxvXJzTI\/AAAAAAAAClc\/VrVKIWjF5QM\/s1600\/COOP%2BRIACHIUELO%2BPRODUCCIONES.jpg\" style=\"clear: left;float: left;margin-bottom: 1em;margin-right: 1em\"><img loading=\"lazy\" decoding=\"async\" border=\"0\" src=\"http:\/\/3.bp.blogspot.com\/-MC51kWngTdc\/VMhCxvXJzTI\/AAAAAAAAClc\/VrVKIWjF5QM\/s1600\/COOP%2BRIACHIUELO%2BPRODUCCIONES.jpg\" height=\"58\" width=\"200\" \/><\/a><\/div>\n","protected":false},"excerpt":{"rendered":"<p>NI\u00d1OS PALESTINOS EN LA CARCEL DE ISRAELGazat\u00edes piden liberaci\u00f3n de ni\u00f1a palestina arrestada por Israel Malak al-Jatib es una ni\u00f1a palestina que con tan solo 14 a\u00f1os est\u00e1 detenida en una c\u00e1rcel del r\u00e9gimen israel\u00ed.&nbsp; Ni\u00f1os de Gaza se manifiestan delante de una sede de la Organizaci\u00f3n de las Naciones Unidas (ONU) para protestar por [&hellip;]<\/p>\n","protected":false},"author":4,"featured_media":0,"comment_status":"open","ping_status":"open","sticky":false,"template":"","format":"standard","meta":{"_monsterinsights_skip_tracking":false,"_monsterinsights_sitenote_active":false,"_monsterinsights_sitenote_note":"","_monsterinsights_sitenote_category":0,"jnews-multi-image_gallery":[],"jnews_single_post":{"format":"standard"},"jnews_primary_category":[],"_joinchat":[],"footnotes":""},"categories":[58],"tags":[119,167],"class_list":["post-752","post","type-post","status-publish","format-standard","hentry","category-noticiariachuelo","tag-derechos-humanos","tag-politica-internacional"],"_links":{"self":[{"href":"http:\/\/fmriachuelo.it10.com.ar\/index.php\/wp-json\/wp\/v2\/posts\/752","targetHints":{"allow":["GET"]}}],"collection":[{"href":"http:\/\/fmriachuelo.it10.com.ar\/index.php\/wp-json\/wp\/v2\/posts"}],"about":[{"href":"http:\/\/fmriachuelo.it10.com.ar\/index.php\/wp-json\/wp\/v2\/types\/post"}],"author":[{"embeddable":true,"href":"http:\/\/fmriachuelo.it10.com.ar\/index.php\/wp-json\/wp\/v2\/users\/4"}],"replies":[{"embeddable":true,"href":"http:\/\/fmriachuelo.it10.com.ar\/index.php\/wp-json\/wp\/v2\/comments?post=752"}],"version-history":[{"count":1,"href":"http:\/\/fmriachuelo.it10.com.ar\/index.php\/wp-json\/wp\/v2\/posts\/752\/revisions"}],"predecessor-version":[{"id":22494,"href":"http:\/\/fmriachuelo.it10.com.ar\/index.php\/wp-json\/wp\/v2\/posts\/752\/revisions\/22494"}],"wp:attachment":[{"href":"http:\/\/fmriachuelo.it10.com.ar\/index.php\/wp-json\/wp\/v2\/media?parent=752"}],"wp:term":[{"taxonomy":"category","embeddable":true,"href":"http:\/\/fmriachuelo.it10.com.ar\/index.php\/wp-json\/wp\/v2\/categories?post=752"},{"taxonomy":"post_tag","embeddable":true,"href":"http:\/\/fmriachuelo.it10.com.ar\/index.php\/wp-json\/wp\/v2\/tags?post=752"}],"curies":[{"name":"wp","href":"https:\/\/api.w.org\/{rel}","templated":true}]}}