{"id":750,"date":"2015-01-28T13:15:00","date_gmt":"2015-01-28T13:15:00","guid":{"rendered":"http:\/\/fmriachuelo.observatorioess.org.ar\/index.php\/2015\/01\/28\/hospital-borda-y-un-nuevo-maltrato-a-los-mas-vulnerables\/"},"modified":"2025-03-25T16:44:54","modified_gmt":"2025-03-25T19:44:54","slug":"hospital-borda-y-un-nuevo-maltrato-a-los-mas-vulnerables","status":"publish","type":"post","link":"http:\/\/fmriachuelo.it10.com.ar\/index.php\/2015\/01\/28\/hospital-borda-y-un-nuevo-maltrato-a-los-mas-vulnerables\/","title":{"rendered":"HOSPITAL BORDA Y UN NUEVO MALTRATO A LOS MAS VULNERABLES"},"content":{"rendered":"<p><span style=\"color: red;font-family: Verdana, sans-serif;font-size: large\"><strong>LAS POLITICAS DEL GOBIERNO DE LA CIUDAD<\/strong><\/span><br \/><span style=\"font-family: Verdana, sans-serif;font-size: large\"><span style=\"font-size: small\"><strong>Un verano sin aire ni ventiladores<\/strong><\/span><\/p>\n<div style=\"clear: both;text-align: center\"><span style=\"font-size: small\"><strong><a href=\"http:\/\/4.bp.blogspot.com\/-ew2YDPfwleA\/VMjf4gvFJ0I\/AAAAAAAACmM\/NqPXkGOhiNw\/s1600\/9621432-borda_calle.jpg\" style=\"clear: left;float: left;margin-bottom: 1em;margin-right: 1em\"><img loading=\"lazy\" decoding=\"async\" border=\"0\" src=\"http:\/\/4.bp.blogspot.com\/-ew2YDPfwleA\/VMjf4gvFJ0I\/AAAAAAAACmM\/NqPXkGOhiNw\/s1600\/9621432-borda_calle.jpg\" height=\"224\" width=\"320\" \/><\/a><\/strong><\/span><\/div>\n<p><span style=\"font-size: small\">Trabajadores denunciaron que el sistema el\u00e9ctrico no soporta la carga de los aires acondicionados instalados por el gobierno porte\u00f1o.<\/p>\n<p>El verano en el Hospital Nueropsiqui\u00e1trico Borda se siente un poco m\u00e1s fuerte que en el resto de la Ciudad. La Asociaci\u00f3n de Profesionales denunci\u00f3 que los aires acondicionados que instal\u00f3 el gobierno en la mayor\u00eda de los pabellones no funcionan. \u201cComo no son industriales, sino de hogar, no soportan estar las 24 horas prendidos, tienen sucios los filtros y no hay personal capacitado para hacer el mantenimiento\u201d, indica un comunicado de los trabajadores.<\/span><br \/><span style=\"font-size: small\">Adem\u00e1s, como la instalaci\u00f3n el\u00e9ctrica no fue reforzada, tampoco funcionan los ventiladores de techo. \u201cComo no pueden funcionar las dos cosas al mismo tiempo, desconectaron los ventiladores\u201d, a\u00f1ade el comunicado.<br \/><a name='more'><\/a><br \/>La Asociaci\u00f3n de Profesionales tambi\u00e9n detall\u00f3 problemas en el funcionamiento de los ascensores. Los trabajadores piden un informe del \u201cestado actual de las obras en ejecuci\u00f3n, y solicitamos el mantenimiento adecuado de lo que se realiz\u00f3\u201d.<\/span><br \/><span style=\"font-size: small\">\u201cEs t\u00edpico del macrismo: hacen las obras, pero las cosas funcionan a medias\u201d, indic\u00f3 a Diario Z Marcelo Frondizi, delegado de ATE en el Borda. Frondizi adem\u00e1s remarc\u00f3 las demoras en la reapertura del Taller Protegido 19, que fue violentamente desalojado y demolido el 26 de abril de 2013. \u201cHace casi dos a\u00f1os que nos tiraron el taller abajo. Desde entonces el Taller funciona en el \u00e1rea de carpinter\u00eda de manera muy precaria, entre las m\u00e1quinas\u201d, concluy\u00f3 el delegado sindical.<\/span><br \/><\/span><span style=\"color: blue;font-family: Verdana, sans-serif\">Fuente: DiarioZ, Producci\u00f3n Riachuelo<\/span><\/p>\n<div style=\"clear: both;text-align: center\"><a href=\"http:\/\/4.bp.blogspot.com\/-2AwoP-BvRWs\/VMjeuRk9GOI\/AAAAAAAACmA\/mxrxabIiJz8\/s1600\/COOP%2BRIACHIUELO%2BPRODUCCIONES.jpg\" style=\"clear: left;float: left;margin-bottom: 1em;margin-right: 1em\"><img loading=\"lazy\" decoding=\"async\" border=\"0\" src=\"http:\/\/4.bp.blogspot.com\/-2AwoP-BvRWs\/VMjeuRk9GOI\/AAAAAAAACmA\/mxrxabIiJz8\/s1600\/COOP%2BRIACHIUELO%2BPRODUCCIONES.jpg\" height=\"58\" width=\"200\" \/><\/a><\/div>\n<p><span style=\"font-family: Verdana, sans-serif\"><\/p>\n<p>&nbsp;<\/span><\/p>\n","protected":false},"excerpt":{"rendered":"<p>LAS POLITICAS DEL GOBIERNO DE LA CIUDADUn verano sin aire ni ventiladores Trabajadores denunciaron que el sistema el\u00e9ctrico no soporta la carga de los aires acondicionados instalados por el gobierno porte\u00f1o. El verano en el Hospital Nueropsiqui\u00e1trico Borda se siente un poco m\u00e1s fuerte que en el resto de la Ciudad. La Asociaci\u00f3n de Profesionales [&hellip;]<\/p>\n","protected":false},"author":4,"featured_media":0,"comment_status":"open","ping_status":"open","sticky":false,"template":"","format":"standard","meta":{"_monsterinsights_skip_tracking":false,"_monsterinsights_sitenote_active":false,"_monsterinsights_sitenote_note":"","_monsterinsights_sitenote_category":0,"jnews-multi-image_gallery":[],"jnews_single_post":{"format":"standard"},"jnews_primary_category":[],"_joinchat":[],"footnotes":""},"categories":[58],"tags":[69],"class_list":["post-750","post","type-post","status-publish","format-standard","hentry","category-noticiariachuelo","tag-salud"],"_links":{"self":[{"href":"http:\/\/fmriachuelo.it10.com.ar\/index.php\/wp-json\/wp\/v2\/posts\/750","targetHints":{"allow":["GET"]}}],"collection":[{"href":"http:\/\/fmriachuelo.it10.com.ar\/index.php\/wp-json\/wp\/v2\/posts"}],"about":[{"href":"http:\/\/fmriachuelo.it10.com.ar\/index.php\/wp-json\/wp\/v2\/types\/post"}],"author":[{"embeddable":true,"href":"http:\/\/fmriachuelo.it10.com.ar\/index.php\/wp-json\/wp\/v2\/users\/4"}],"replies":[{"embeddable":true,"href":"http:\/\/fmriachuelo.it10.com.ar\/index.php\/wp-json\/wp\/v2\/comments?post=750"}],"version-history":[{"count":1,"href":"http:\/\/fmriachuelo.it10.com.ar\/index.php\/wp-json\/wp\/v2\/posts\/750\/revisions"}],"predecessor-version":[{"id":22495,"href":"http:\/\/fmriachuelo.it10.com.ar\/index.php\/wp-json\/wp\/v2\/posts\/750\/revisions\/22495"}],"wp:attachment":[{"href":"http:\/\/fmriachuelo.it10.com.ar\/index.php\/wp-json\/wp\/v2\/media?parent=750"}],"wp:term":[{"taxonomy":"category","embeddable":true,"href":"http:\/\/fmriachuelo.it10.com.ar\/index.php\/wp-json\/wp\/v2\/categories?post=750"},{"taxonomy":"post_tag","embeddable":true,"href":"http:\/\/fmriachuelo.it10.com.ar\/index.php\/wp-json\/wp\/v2\/tags?post=750"}],"curies":[{"name":"wp","href":"https:\/\/api.w.org\/{rel}","templated":true}]}}