{"id":7485,"date":"2018-07-16T13:07:59","date_gmt":"2018-07-16T13:07:59","guid":{"rendered":"http:\/\/fmriachuelo.com.ar\/?p=7485"},"modified":"2018-07-16T13:07:59","modified_gmt":"2018-07-16T13:07:59","slug":"festival-a-un-ano-del-asesinato-de-cristian-paraguita-toledo","status":"publish","type":"post","link":"http:\/\/fmriachuelo.it10.com.ar\/index.php\/2018\/07\/16\/festival-a-un-ano-del-asesinato-de-cristian-paraguita-toledo\/","title":{"rendered":"FESTIVAL A UN A\u00d1O DEL ASESINATO DE CRISTIAN \u00abPARAG\u00dcITA\u00bb TOLEDO"},"content":{"rendered":"<p><strong>[*Por Colectivo de Medios de Comunicaci\u00f3n Popular* 16\/07\/2018]\u00a0El 15 de julio de 2017 Cristi\u00e1n \u00abParag\u00fcita\u00bb Toledo fue asesinado por Adri\u00e1n Gustavo Otero, bombero de la polic\u00eda de la Ciudad de Buenos Aires. A un a\u00f1o, familiares, amigxs y organizaciones realizaron un festival con el lema \u201cdefendiendo la alegr\u00eda\u201d, para rendirle homenaje y seguir exigiendo justicia de cara al juicio que iniciar\u00e1 el pr\u00f3ximo 4 de septiembre.<\/strong><br \/>\nLa ma\u00f1ana del 15 de julio de 2017 helaba. Era s\u00e1bado, muchxs j\u00f3venes regresaban del baile de madrugada, como tantas otras veces. Tambi\u00e9n Cristian hab\u00eda salido a bailar con dos amigos, Carlos Gavil\u00e1n y Jorge Daniel Nadalich. A la ma\u00f1ana siguiente, Parag\u00fcita ten\u00eda que ir a trabajar a la ferreter\u00eda que est\u00e1 frente a la parroquia Caacup\u00e9 en la Villa 21-24, ubicada en el barrio de Barracas. Cristi\u00e1n ten\u00eda un rato para dormir, como todos los viernes en los que sal\u00eda y luego le tocaba trabajar.<br \/>\nDe regreso del baile, el auto en el que ven\u00edan Parag\u00fcita y sus amigos se cruz\u00f3 con el auto en el que iba Adri\u00e1n Gustavo Otero, polic\u00eda de la ciudad, que portaba su arma, a\u00fan sin estar en servicio. Tuvieron alg\u00fan intercambio por el tr\u00e1nsito y Otero persigui\u00f3 el auto de los pibes que volv\u00edan del baile. Dispar\u00f3 m\u00e1s de una vez contra ellos y el auto, hasta que finalmente los hizo chocar en V\u00e9lez Sarsfield y Santo Domingo. Parag\u00fcita ten\u00eda un disparo de arma de fuego y, cuando llegaron los integrantes de la Comisar\u00eda 30, ya estaba muerto. Carlos y Daniel resultaron detenidos. El polic\u00eda autor de los disparos tambi\u00e9n.<\/p>\n<p>Empezar\u00eda as\u00ed el periplo de su coartada: un intento de robo y una persecuci\u00f3n por ese motivo. Los \u00fanicos dos testigos del asesinato, amigos de Cristi\u00e1n, permanecieron presos durante algunas horas, y fueron liberados producto de la concentraci\u00f3n de familiares, amigxs y organizaciones en las puertas de la Comisar\u00eda 30, ese s\u00e1bado 15 de julio de 2017. Carlos, integrante de la Comisi\u00f3n de Derechos Humanos de la Villa 21\/24, recuerda la concentraci\u00f3n y lo que los medios masivos informaron esa ma\u00f1ana: \u201cinmediatamente reproducen lo que sale a decir la polic\u00eda, que fue abatido un delincuente\u201d.<\/p>\n<p>Pero la organizaci\u00f3n popular no se hizo esperar, ya que \u201ctodo el barrio sali\u00f3 a reclamar, a pedir que est\u00e9 preso el asesino, que liberen a los amigos y que se d\u00e9 vuelta eso. Todos participamos. Tambi\u00e9n medios alternativos y barriales\u201d, agrega. El trabajo es doble para quienes son asesinados y adem\u00e1s viven en barrios populares: \u201ctener que dar vuelta la cosa tambi\u00e9n es un dolor tremendo. Encima de la muerte, sufrir eso. Mancillar el honor de una persona de bien, como se dec\u00eda antes. Dar vuelta eso tambi\u00e9n es otro proceso doloroso para la familia, por suerte eso se pudo revertir inmediatamente\u201d, concluye.<\/p>\n<p>Un a\u00f1o pas\u00f3 del asesinato de Cristian Parag\u00fcita Toledo. Un a\u00f1o en que Leo, su mam\u00e1, dice que se siente acompa\u00f1ada, abrazada por un barrio que se re\u00fane para rendirle homenaje. Dicen, todxs quienes hablan de Parag\u00fcita, que era un pibe amiguero, que todxs lo conoc\u00edan, que laburaba, que se juntaba con sus amigos. Que le gustaba mucho escuchar m\u00fasica y que, por eso, eligen para este homenaje, en el primer a\u00f1o, un lema: defendiendo la alegr\u00eda.<\/p>\n<p>&nbsp;<\/p>\n<p>\u201cPara recordarle a \u00e9l como era \u00e9l\u201d, dice Leo, su mam\u00e1. Aunque este a\u00f1o sin Cristian duele \u201cnunca va a dejar de ser duro porque ya no lo tengo m\u00e1s. Me cortaron los brazos y las piernas desde que \u00e9l se fue. Hasta el final voy a ir para que Otero cumpla la condena que merece\u201d, termina Leo, no sin vidriarse sus ojos.<\/p>\n<p>El festival a un a\u00f1o del asesinato de Parag\u00fcita se llev\u00f3 acabo el s\u00e1bado 14 de julio, frente a la capilla de la Caacup\u00e9 y de la ferreter\u00eda donde \u00e9l trabajaba, en la villa 21\/24. En esa cuadra hay una ermita. Su foto, con su perro, la camiseta. Ah\u00ed se juntan sus amigxs a diario. Un vecino pasa, la toca y se persigna. Hay juegos para ni\u00f1os y ni\u00f1as y m\u00fasica. Merienda, jugo, bolsitas de juegos. Las remeras con la cara de Parag\u00fcita abundan. Leo, sus amigxs, su famila y vecinxs, llevan la remera con su cara. El clima es festivo, Parag\u00fcita era un pibe muy alegre, dicen -m\u00e1s de una vez- quienes lo conocieron, que pareciera son casi todxs en el barrio. La calle se vuelve espacio de encuentro en el festival por Parag\u00fcita. Esa calle que se vuelve espacio p\u00fablico con un sentido distinto en los barrios populares, de una vecindad que se palpita m\u00e1s cercana. En palabras del Padre Toto, cura villero que acompa\u00f1a desde el comienzo la exigencia de justicia, \u201cla villa da lecci\u00f3n a gente de otros sectores sociales. El 50% de los habitantes de la villa tiene menos de 18 a\u00f1os, hay una poblaci\u00f3n infantojuvenil y en la villa se vive el espacio p\u00fablico como un espacio de todos, de todos de verdad. Hay capacidad de hacer fiesta. Cosa que en muchos lugares no. Hay un sentido de vecindad, una madre es madre de sus hijos y de los del pasillo, lo que le pasa al de al lado me incumbe, me influye. Hay una solidaridad natural en la villa de la cual muchos otros barrios debieran aprender\u201d.<\/p>\n<p><img loading=\"lazy\" decoding=\"async\" class=\"alignnone size-full wp-image-7488\" src=\"http:\/\/fmriachuelo.com.ar\/wp-content\/uploads\/2018\/07\/WhatsApp-Image-2018-07-16-at-9.37.50-AM.jpeg\" alt=\"\" width=\"1280\" height=\"834\" srcset=\"http:\/\/fmriachuelo.it10.com.ar\/wp-content\/uploads\/2018\/07\/WhatsApp-Image-2018-07-16-at-9.37.50-AM.jpeg 1280w, http:\/\/fmriachuelo.it10.com.ar\/wp-content\/uploads\/2018\/07\/WhatsApp-Image-2018-07-16-at-9.37.50-AM-300x195.jpeg 300w, http:\/\/fmriachuelo.it10.com.ar\/wp-content\/uploads\/2018\/07\/WhatsApp-Image-2018-07-16-at-9.37.50-AM-1024x667.jpeg 1024w, http:\/\/fmriachuelo.it10.com.ar\/wp-content\/uploads\/2018\/07\/WhatsApp-Image-2018-07-16-at-9.37.50-AM-768x500.jpeg 768w, http:\/\/fmriachuelo.it10.com.ar\/wp-content\/uploads\/2018\/07\/WhatsApp-Image-2018-07-16-at-9.37.50-AM-750x489.jpeg 750w, http:\/\/fmriachuelo.it10.com.ar\/wp-content\/uploads\/2018\/07\/WhatsApp-Image-2018-07-16-at-9.37.50-AM-1140x743.jpeg 1140w\" sizes=\"auto, (max-width: 1280px) 100vw, 1280px\" \/><\/p>\n<p>El barrio de Parag\u00fcita, como tantos otros barrios populares de la Ciudad de Buenos Aires, est\u00e1n sitiados por las fuerzas de (in)seguridad. En Barracas se pasea desafiante la Prefectura. Tienen sus puestos fijos, en las entradas y salidas de los barrios. Las brigadas de civil se adentran en las callecitas, y circulan sin identificaci\u00f3n, revisando, requisando, levantando a los pibes. El asesino de Cristian Parag\u00fcita Toledo es polic\u00eda de la ciudad. Actualmente espera el juicio preso. El 4 de septiembre empieza la nueva etapa: el juicio oral y p\u00fablico. La condena debe ser ejemplar, dice Carlos, de la comisi\u00f3n de derechos humanos de la villa 21\/24, \u201cque haya una condena efectiva y que este se\u00f1or termine donde tiene que estar y que sirva para que las fuerzas de seguridad entiendan que no pueden hacer esto con cualquiera. Si hubo una muerte que la lloramos, tenemos que conseguir que estas cosas no sucedan m\u00e1s\u201d.<br \/>\nPorque las muertes de los pibes de las barriadas populares no pueden ser en vano, desde la alegr\u00eda y la organizaci\u00f3n popular, un barrio se levanta, exige justicia por su vecino asesinado. Por Parag\u00fcita, y para que no pase nunca m\u00e1s.<\/p>\n<p><strong>*FM La Caterva, FM Riachuelo, La Retaguardia, Agencia Paco Urondo, Sur Capitalino, ANCAP*<\/strong><\/p>\n","protected":false},"excerpt":{"rendered":"<p>[*Por Colectivo de Medios de Comunicaci\u00f3n Popular* 16\/07\/2018]\u00a0El 15 de julio de 2017 Cristi\u00e1n \u00abParag\u00fcita\u00bb Toledo fue asesinado por Adri\u00e1n Gustavo Otero, bombero de la polic\u00eda de la Ciudad de Buenos Aires. A un a\u00f1o, familiares, amigxs y organizaciones realizaron un festival con el lema \u201cdefendiendo la alegr\u00eda\u201d, para rendirle homenaje y seguir exigiendo justicia [&hellip;]<\/p>\n","protected":false},"author":5,"featured_media":7487,"comment_status":"open","ping_status":"open","sticky":false,"template":"","format":"standard","meta":{"_monsterinsights_skip_tracking":false,"_monsterinsights_sitenote_active":false,"_monsterinsights_sitenote_note":"","_monsterinsights_sitenote_category":0,"jnews-multi-image_gallery":[],"jnews_single_post":[],"jnews_primary_category":[],"_joinchat":[],"footnotes":""},"categories":[78,79,76],"tags":[],"class_list":["post-7485","post","type-post","status-publish","format-standard","has-post-thumbnail","hentry","category-economia-popular","category-nadie-se-salva-solo","category-salud-comunitaria"],"_links":{"self":[{"href":"http:\/\/fmriachuelo.it10.com.ar\/index.php\/wp-json\/wp\/v2\/posts\/7485","targetHints":{"allow":["GET"]}}],"collection":[{"href":"http:\/\/fmriachuelo.it10.com.ar\/index.php\/wp-json\/wp\/v2\/posts"}],"about":[{"href":"http:\/\/fmriachuelo.it10.com.ar\/index.php\/wp-json\/wp\/v2\/types\/post"}],"author":[{"embeddable":true,"href":"http:\/\/fmriachuelo.it10.com.ar\/index.php\/wp-json\/wp\/v2\/users\/5"}],"replies":[{"embeddable":true,"href":"http:\/\/fmriachuelo.it10.com.ar\/index.php\/wp-json\/wp\/v2\/comments?post=7485"}],"version-history":[{"count":0,"href":"http:\/\/fmriachuelo.it10.com.ar\/index.php\/wp-json\/wp\/v2\/posts\/7485\/revisions"}],"wp:featuredmedia":[{"embeddable":true,"href":"http:\/\/fmriachuelo.it10.com.ar\/index.php\/wp-json\/wp\/v2\/media\/7487"}],"wp:attachment":[{"href":"http:\/\/fmriachuelo.it10.com.ar\/index.php\/wp-json\/wp\/v2\/media?parent=7485"}],"wp:term":[{"taxonomy":"category","embeddable":true,"href":"http:\/\/fmriachuelo.it10.com.ar\/index.php\/wp-json\/wp\/v2\/categories?post=7485"},{"taxonomy":"post_tag","embeddable":true,"href":"http:\/\/fmriachuelo.it10.com.ar\/index.php\/wp-json\/wp\/v2\/tags?post=7485"}],"curies":[{"name":"wp","href":"https:\/\/api.w.org\/{rel}","templated":true}]}}