{"id":748,"date":"2015-01-29T01:28:00","date_gmt":"2015-01-29T01:28:00","guid":{"rendered":"http:\/\/fmriachuelo.observatorioess.org.ar\/index.php\/2015\/01\/29\/amenazan-a-los-trabajadores-de-molino-osiris\/"},"modified":"2025-03-25T16:47:44","modified_gmt":"2025-03-25T19:47:44","slug":"amenazan-a-los-trabajadores-de-molino-osiris","status":"publish","type":"post","link":"http:\/\/fmriachuelo.it10.com.ar\/index.php\/2015\/01\/29\/amenazan-a-los-trabajadores-de-molino-osiris\/","title":{"rendered":"AMENAZAN A LOS TRABAJADORES DE MOLINO OSIRIS"},"content":{"rendered":"<p><span style=\"color: red;font-family: Verdana, sans-serif;font-size: large\"><strong>LA PATRONAL INTENTA DESPOJAR A LOS TRABAJADORES DE SUS LEGITIMOS DERECHOS<\/strong><\/span><br \/><span style=\"color: black;font-family: Verdana, sans-serif\"><strong>AMENAZARON CON CUCHILLOS Y SEVILLANAS A LOS TRABAJADORES&nbsp; <\/strong><\/span><br \/><span style=\"font-family: Verdana, sans-serif\"><strong>Difundimos<\/strong><\/span><\/p>\n<div style=\"clear: both;text-align: center\"><a href=\"http:\/\/4.bp.blogspot.com\/-V6tmmP7GHTE\/VMmKEUT_wYI\/AAAAAAAACm0\/5fhtxP7PNQQ\/s1600\/Molino-Osiris.png\" style=\"clear: left;float: left;margin-bottom: 1em;margin-right: 1em\"><img loading=\"lazy\" decoding=\"async\" border=\"0\" src=\"http:\/\/4.bp.blogspot.com\/-V6tmmP7GHTE\/VMmKEUT_wYI\/AAAAAAAACm0\/5fhtxP7PNQQ\/s1600\/Molino-Osiris.png\" height=\"320\" width=\"237\" \/><\/a><\/div>\n<p><span lang=\"ES\">El pasado lunes 26, pasadas las 20 hs., los trabajadores de Molino Osiris sufrieron el ataque y amedrentamiento de un grupo de 30 patovicas armados con cuchillos y sevillanas, que sin orden judicial mediante, intentaron desalojar el lugar a pedido de Mar\u00eda Cristina Lisanti y Rafael Cisilino, due\u00f1os de la f\u00e1brica.<\/span><\/p>\n<div style=\"background: white\"><span lang=\"ES\">Hace tres meses que los trabajadores est\u00e1n ocupando pac\u00edficamente las instalaciones luego del abandono y vaciamiento por parte de los due\u00f1os, y ante la falta de respuestas o avances en las instancias de mediaci\u00f3n a cargo del Ministerio de Trabajo.&nbsp;<\/span><\/div>\n<p><span lang=\"ES\"><strong>Escuch\u00e1 la entrevista que hicieron en Radio Sur a<\/strong><\/span><br \/><span style=\"font-size: large\"><\/span><a href=\"http:\/\/www.divshare.com\/download\/26755575-c81\"><span style=\"font-size: large\">RAMON TRABAJADOR DEL MOLINO OSIRIS<\/span><\/a><\/p>\n<div style=\"clear: both;text-align: center\"><a href=\"http:\/\/2.bp.blogspot.com\/-j1GJTHGJ0Kc\/VMmLyGDBe3I\/AAAAAAAACm8\/jKSrN38gIGs\/s1600\/315958_258891770813927_100000793184215_653247_731960630_n.jpg\" style=\"clear: left;float: left;margin-bottom: 1em;margin-right: 1em\"><img loading=\"lazy\" decoding=\"async\" border=\"0\" src=\"http:\/\/2.bp.blogspot.com\/-j1GJTHGJ0Kc\/VMmLyGDBe3I\/AAAAAAAACm8\/jKSrN38gIGs\/s1600\/315958_258891770813927_100000793184215_653247_731960630_n.jpg\" height=\"150\" width=\"200\" \/><\/a><\/div>\n<p><a name='more'><\/a><\/p>\n<div style=\"background: white\"><span lang=\"ES\">Durante este tiempo los trabajadores han iniciando un proceso de organizaci\u00f3n en cooperativa para defender y preservar sus puestos laborales y la fuente de ingreso para sus familias.<\/span><\/div>\n<p><\/p>\n<div style=\"background: white\"><span lang=\"ES\">Convocan a una concentraci\u00f3n el d\u00eda jueves 29 a las 17 hs. en la f\u00e1brica (Chutro 3168 Parque Patricios) para repudiar el accionar violento de los due\u00f1os y una definitiva soluci\u00f3n para las familias a las que se adeudan indemnizaciones y salarios.<\/span><\/div>\n<p><\/p>\n<div style=\"background: white\"><span lang=\"ES\">Contactos de prensa:<\/span><\/div>\n<p><\/p>\n<div style=\"background: white\"><span lang=\"ES\">Luis: 1125492423<br \/>Ram\u00f3n: 1132648522<\/span><\/div>\n<div style=\"background: white\"><span lang=\"ES\"><span style=\"color: blue\">Fuente: Ctep Argentina, Producci\u00f3n Riachuelo<\/span><\/span><\/div>\n<div style=\"clear: both;text-align: center\"><a href=\"http:\/\/1.bp.blogspot.com\/-LMQGaHMIogE\/VMmMyWb4lAI\/AAAAAAAACnE\/9Y0eBFeaLxU\/s1600\/COOP%2BRIACHIUELO%2BPRODUCCIONES.jpg\" style=\"clear: left;float: left;margin-bottom: 1em;margin-right: 1em\"><img loading=\"lazy\" decoding=\"async\" border=\"0\" src=\"http:\/\/1.bp.blogspot.com\/-LMQGaHMIogE\/VMmMyWb4lAI\/AAAAAAAACnE\/9Y0eBFeaLxU\/s1600\/COOP%2BRIACHIUELO%2BPRODUCCIONES.jpg\" height=\"58\" width=\"200\" \/><\/a><\/div>\n<div style=\"background: white\"><span lang=\"ES\"><\/span>&nbsp;<\/div>\n","protected":false},"excerpt":{"rendered":"<p>LA PATRONAL INTENTA DESPOJAR A LOS TRABAJADORES DE SUS LEGITIMOS DERECHOSAMENAZARON CON CUCHILLOS Y SEVILLANAS A LOS TRABAJADORES&nbsp; Difundimos El pasado lunes 26, pasadas las 20 hs., los trabajadores de Molino Osiris sufrieron el ataque y amedrentamiento de un grupo de 30 patovicas armados con cuchillos y sevillanas, que sin orden judicial mediante, intentaron desalojar [&hellip;]<\/p>\n","protected":false},"author":4,"featured_media":0,"comment_status":"open","ping_status":"open","sticky":false,"template":"","format":"standard","meta":{"_monsterinsights_skip_tracking":false,"_monsterinsights_sitenote_active":false,"_monsterinsights_sitenote_note":"","_monsterinsights_sitenote_category":0,"jnews-multi-image_gallery":[],"jnews_single_post":{"format":"standard"},"jnews_primary_category":[],"_joinchat":[],"footnotes":""},"categories":[58],"tags":[157,148],"class_list":["post-748","post","type-post","status-publish","format-standard","hentry","category-noticiariachuelo","tag-nadie-se-salva-solo","tag-trabajo"],"_links":{"self":[{"href":"http:\/\/fmriachuelo.it10.com.ar\/index.php\/wp-json\/wp\/v2\/posts\/748","targetHints":{"allow":["GET"]}}],"collection":[{"href":"http:\/\/fmriachuelo.it10.com.ar\/index.php\/wp-json\/wp\/v2\/posts"}],"about":[{"href":"http:\/\/fmriachuelo.it10.com.ar\/index.php\/wp-json\/wp\/v2\/types\/post"}],"author":[{"embeddable":true,"href":"http:\/\/fmriachuelo.it10.com.ar\/index.php\/wp-json\/wp\/v2\/users\/4"}],"replies":[{"embeddable":true,"href":"http:\/\/fmriachuelo.it10.com.ar\/index.php\/wp-json\/wp\/v2\/comments?post=748"}],"version-history":[{"count":1,"href":"http:\/\/fmriachuelo.it10.com.ar\/index.php\/wp-json\/wp\/v2\/posts\/748\/revisions"}],"predecessor-version":[{"id":22498,"href":"http:\/\/fmriachuelo.it10.com.ar\/index.php\/wp-json\/wp\/v2\/posts\/748\/revisions\/22498"}],"wp:attachment":[{"href":"http:\/\/fmriachuelo.it10.com.ar\/index.php\/wp-json\/wp\/v2\/media?parent=748"}],"wp:term":[{"taxonomy":"category","embeddable":true,"href":"http:\/\/fmriachuelo.it10.com.ar\/index.php\/wp-json\/wp\/v2\/categories?post=748"},{"taxonomy":"post_tag","embeddable":true,"href":"http:\/\/fmriachuelo.it10.com.ar\/index.php\/wp-json\/wp\/v2\/tags?post=748"}],"curies":[{"name":"wp","href":"https:\/\/api.w.org\/{rel}","templated":true}]}}