{"id":7475,"date":"2018-07-13T22:17:03","date_gmt":"2018-07-13T22:17:03","guid":{"rendered":"http:\/\/fmriachuelo.com.ar\/?p=7475"},"modified":"2018-07-13T22:17:03","modified_gmt":"2018-07-13T22:17:03","slug":"feria-popular-en-la-plaza-matheu","status":"publish","type":"post","link":"http:\/\/fmriachuelo.it10.com.ar\/index.php\/2018\/07\/13\/feria-popular-en-la-plaza-matheu\/","title":{"rendered":"FERIA POPULAR EN LA PLAZA MATHEU"},"content":{"rendered":"<p>Como todos los viernes se realiz\u00f3 la Feria\u00a0 Popular organizada por la\u00a0 Ctep Capital, en la Plaza Matheu del barrio de La Boca. Desde las 10 de la ma\u00f1ana se instalaron diferentes puestos con productos textiles y alimenticios. Con esta iniciativa se busca promover el trabajo que realizan diferentes organizaciones sociales en torno a la\u00a0 econom\u00eda popular.<\/p>\n<p>FM Riachuelo se hizo presente y convers\u00f3 con Hugo que es vendedor de empanadas, caf\u00e9 y tortas fritas asegur\u00f3 que <strong><em>\u201cde esta manera lograron una fuente de trabajo que nos permite transitar la complicada situaci\u00f3n econ\u00f3mica actual\u201d. A su declaraci\u00f3n se sum\u00f3 la de Jesica, que vende ropa usada para poder costear su econom\u00eda diaria, ella cont\u00f3 que se vio favorecida con los precios accesibles y que las pocas horas que demanda permanecer en la feria les abre una posibilidad a muchos vecinos de tener un ingreso extra.<\/em><\/strong><\/p>\n<p>En el puesto del almac\u00e9n El Plumerillo, Evelyn, integrante\u00a0 de la Casa Popular El Patio, dijo que <strong><em>\u201cla feria brinda la posibilidad de mostrar a la gente que es m\u00e1s accesible comprar productos sin intermediarios\u201d<\/em><\/strong>. Desde los almacenes El Plumerillo consiguen los productos al costo y comercializan especialmente alimentos. A su vez, Liliana, coment\u00f3 que <strong><em>\u201cno hay otra feria cercana, salvo la del Parque Lezama y\u00a0 \u00a0esta feria me aporta un nuevo ingreso por medio de la venta de ropa usada, ya que con mi trabajo en el Bachillerato Popular de la zona, no me alcanza para llegar a fin de mes.\u201d<\/em><\/strong><\/p>\n<p><img loading=\"lazy\" decoding=\"async\" class=\"alignnone size-full wp-image-7477\" src=\"http:\/\/fmriachuelo.com.ar\/wp-content\/uploads\/2018\/07\/WhatsApp-Image-2018-07-13-at-3.43.48-PM.jpeg\" alt=\"\" width=\"1152\" height=\"768\" srcset=\"http:\/\/fmriachuelo.it10.com.ar\/wp-content\/uploads\/2018\/07\/WhatsApp-Image-2018-07-13-at-3.43.48-PM.jpeg 1152w, http:\/\/fmriachuelo.it10.com.ar\/wp-content\/uploads\/2018\/07\/WhatsApp-Image-2018-07-13-at-3.43.48-PM-300x200.jpeg 300w, http:\/\/fmriachuelo.it10.com.ar\/wp-content\/uploads\/2018\/07\/WhatsApp-Image-2018-07-13-at-3.43.48-PM-1024x683.jpeg 1024w, http:\/\/fmriachuelo.it10.com.ar\/wp-content\/uploads\/2018\/07\/WhatsApp-Image-2018-07-13-at-3.43.48-PM-768x512.jpeg 768w, http:\/\/fmriachuelo.it10.com.ar\/wp-content\/uploads\/2018\/07\/WhatsApp-Image-2018-07-13-at-3.43.48-PM-750x500.jpeg 750w, http:\/\/fmriachuelo.it10.com.ar\/wp-content\/uploads\/2018\/07\/WhatsApp-Image-2018-07-13-at-3.43.48-PM-1140x760.jpeg 1140w\" sizes=\"auto, (max-width: 1152px) 100vw, 1152px\" \/><\/p>\n<p>Finalmente Nadia, referente del Movimiento Popular la \u00a0Dignidad, asegur\u00f3 \u00a0que <strong><em>\u201cla mayor particularidad es que\u00a0 facilitan los puestos a los vecinos del lugar para fomentar la participaci\u00f3n, adem\u00e1s de la importancia de que las cooperativas y empresas recuperadas que distribuyen los productos permiten de\u00a0 esta forma garantizar los precios bajos, que ayudan a palear la crisis.\u00bb<\/em><\/strong><\/p>\n","protected":false},"excerpt":{"rendered":"<p>Como todos los viernes se realiz\u00f3 la Feria\u00a0 Popular organizada por la\u00a0 Ctep Capital, en la Plaza Matheu del barrio de La Boca. Desde las 10 de la ma\u00f1ana se instalaron diferentes puestos con productos textiles y alimenticios. Con esta iniciativa se busca promover el trabajo que realizan diferentes organizaciones sociales en torno a la\u00a0 [&hellip;]<\/p>\n","protected":false},"author":5,"featured_media":7476,"comment_status":"open","ping_status":"open","sticky":false,"template":"","format":"standard","meta":{"_monsterinsights_skip_tracking":false,"_monsterinsights_sitenote_active":false,"_monsterinsights_sitenote_note":"","_monsterinsights_sitenote_category":0,"jnews-multi-image_gallery":[],"jnews_single_post":[],"jnews_primary_category":[],"_joinchat":[],"footnotes":""},"categories":[78,76,75],"tags":[],"class_list":["post-7475","post","type-post","status-publish","format-standard","has-post-thumbnail","hentry","category-economia-popular","category-salud-comunitaria","category-trabajo"],"_links":{"self":[{"href":"http:\/\/fmriachuelo.it10.com.ar\/index.php\/wp-json\/wp\/v2\/posts\/7475","targetHints":{"allow":["GET"]}}],"collection":[{"href":"http:\/\/fmriachuelo.it10.com.ar\/index.php\/wp-json\/wp\/v2\/posts"}],"about":[{"href":"http:\/\/fmriachuelo.it10.com.ar\/index.php\/wp-json\/wp\/v2\/types\/post"}],"author":[{"embeddable":true,"href":"http:\/\/fmriachuelo.it10.com.ar\/index.php\/wp-json\/wp\/v2\/users\/5"}],"replies":[{"embeddable":true,"href":"http:\/\/fmriachuelo.it10.com.ar\/index.php\/wp-json\/wp\/v2\/comments?post=7475"}],"version-history":[{"count":0,"href":"http:\/\/fmriachuelo.it10.com.ar\/index.php\/wp-json\/wp\/v2\/posts\/7475\/revisions"}],"wp:featuredmedia":[{"embeddable":true,"href":"http:\/\/fmriachuelo.it10.com.ar\/index.php\/wp-json\/wp\/v2\/media\/7476"}],"wp:attachment":[{"href":"http:\/\/fmriachuelo.it10.com.ar\/index.php\/wp-json\/wp\/v2\/media?parent=7475"}],"wp:term":[{"taxonomy":"category","embeddable":true,"href":"http:\/\/fmriachuelo.it10.com.ar\/index.php\/wp-json\/wp\/v2\/categories?post=7475"},{"taxonomy":"post_tag","embeddable":true,"href":"http:\/\/fmriachuelo.it10.com.ar\/index.php\/wp-json\/wp\/v2\/tags?post=7475"}],"curies":[{"name":"wp","href":"https:\/\/api.w.org\/{rel}","templated":true}]}}