{"id":7472,"date":"2018-07-13T22:22:56","date_gmt":"2018-07-13T22:22:56","guid":{"rendered":"http:\/\/fmriachuelo.com.ar\/?p=7472"},"modified":"2018-07-13T22:22:56","modified_gmt":"2018-07-13T22:22:56","slug":"solidaridad-de-la-ctep-con-los-trabajadores-despedidos-de-telam","status":"publish","type":"post","link":"http:\/\/fmriachuelo.it10.com.ar\/index.php\/2018\/07\/13\/solidaridad-de-la-ctep-con-los-trabajadores-despedidos-de-telam\/","title":{"rendered":"SOLIDARIDAD DE LA CTEP CON LOS TRABAJADORES DESPEDIDOS DE TELAM"},"content":{"rendered":"<p><strong>[FM RIACHUELO 13\/07\/018] \u00a0El Secretario General de Confederaci\u00f3n de Trabajadores de la Econom\u00eda Popular \u00a0Esteban \u201cGringo\u201d Castro acompa\u00f1ado por Lito Borello, Secretario de Derechos Humanos de la CTEP y Gildo Onotaro del Movimiento Evita, se acercaron hasta la Sede de T\u00e9lam en Av. Belgrano 347, llevando su apoyo y solidaridad a la lucha que los trabajadores despedidos vienen dando desde el 26 de junio.<\/strong><\/p>\n<p>La asamblea comenz\u00f3 alrededor de las 14 hs, entre cantos y abrazos los despedidos de T\u00e9lam festejaron, pero sin perder de vista que la lucha continua. El fallo del Juzgado Laboral N\u00b0 22 \u00a0declara ilegales los despidos de la Agencia con lo que la reincorporaci\u00f3n de los 5 trabajadores a los que se refiere el fallo podr\u00eda ser extendida a los 357 despedidos. Seg\u00fan el dictamen la empresa debi\u00f3 haber pedido un proceso preventivo de crisis antes de pretender echar al 40 por ciento de la planta.<\/p>\n<p>El m\u00e1ximo dirigente la CTEP se sumo a la lucha de los trabajadores de la siguiente manera:<\/p>\n<p><strong><em>\u201cvengo a expresar nuestra solidaridad y tambi\u00e9n a invitarlos a una gran movilizaci\u00f3n el 7 de Agosto desde San Cayetano, y expresar las reivindicaciones de todos los trabajadores, va a ser un hecho hist\u00f3rico\u201d. Por otro lado expreso:\u201d Macri ya no gobierna<\/em><\/strong>, <strong><em>ahora gobierna el Fondo Monetario Internacional y su pol\u00edtica; con la unidad de todo el movimiento obrero vamos a dar batalla a este gobierno\u201d. Finalizo su exposici\u00f3n diciendo: \u201cPara nosotros la consigna es paz, pan y trabajo y el fondo al carajo\u201d.<\/em><\/strong><\/p>\n<p>&nbsp;<\/p>\n<p><img loading=\"lazy\" decoding=\"async\" class=\"alignnone size-full wp-image-7482\" src=\"http:\/\/fmriachuelo.com.ar\/wp-content\/uploads\/2018\/07\/WhatsApp-Image-2018-07-13-at-16.52.41.jpeg\" alt=\"\" width=\"1152\" height=\"768\" srcset=\"http:\/\/fmriachuelo.it10.com.ar\/wp-content\/uploads\/2018\/07\/WhatsApp-Image-2018-07-13-at-16.52.41.jpeg 1152w, http:\/\/fmriachuelo.it10.com.ar\/wp-content\/uploads\/2018\/07\/WhatsApp-Image-2018-07-13-at-16.52.41-300x200.jpeg 300w, http:\/\/fmriachuelo.it10.com.ar\/wp-content\/uploads\/2018\/07\/WhatsApp-Image-2018-07-13-at-16.52.41-1024x683.jpeg 1024w, http:\/\/fmriachuelo.it10.com.ar\/wp-content\/uploads\/2018\/07\/WhatsApp-Image-2018-07-13-at-16.52.41-768x512.jpeg 768w, http:\/\/fmriachuelo.it10.com.ar\/wp-content\/uploads\/2018\/07\/WhatsApp-Image-2018-07-13-at-16.52.41-750x500.jpeg 750w, http:\/\/fmriachuelo.it10.com.ar\/wp-content\/uploads\/2018\/07\/WhatsApp-Image-2018-07-13-at-16.52.41-1140x760.jpeg 1140w\" sizes=\"auto, (max-width: 1152px) 100vw, 1152px\" \/><\/p>\n<p>&nbsp;<\/p>\n<p>La jornada continu\u00f3 con la \u00a0asamblea interna de los trabajadores despedidos \u00a0para seguir discutiendo como sigue la lucha.<\/p>\n","protected":false},"excerpt":{"rendered":"<p>[FM RIACHUELO 13\/07\/018] \u00a0El Secretario General de Confederaci\u00f3n de Trabajadores de la Econom\u00eda Popular \u00a0Esteban \u201cGringo\u201d Castro acompa\u00f1ado por Lito Borello, Secretario de Derechos Humanos de la CTEP y Gildo Onotaro del Movimiento Evita, se acercaron hasta la Sede de T\u00e9lam en Av. Belgrano 347, llevando su apoyo y solidaridad a la lucha que los [&hellip;]<\/p>\n","protected":false},"author":5,"featured_media":7481,"comment_status":"open","ping_status":"open","sticky":false,"template":"","format":"standard","meta":{"_monsterinsights_skip_tracking":false,"_monsterinsights_sitenote_active":false,"_monsterinsights_sitenote_note":"","_monsterinsights_sitenote_category":0,"jnews-multi-image_gallery":[],"jnews_single_post":[],"jnews_primary_category":[],"_joinchat":[],"footnotes":""},"categories":[78,76,75],"tags":[],"class_list":["post-7472","post","type-post","status-publish","format-standard","has-post-thumbnail","hentry","category-economia-popular","category-salud-comunitaria","category-trabajo"],"_links":{"self":[{"href":"http:\/\/fmriachuelo.it10.com.ar\/index.php\/wp-json\/wp\/v2\/posts\/7472","targetHints":{"allow":["GET"]}}],"collection":[{"href":"http:\/\/fmriachuelo.it10.com.ar\/index.php\/wp-json\/wp\/v2\/posts"}],"about":[{"href":"http:\/\/fmriachuelo.it10.com.ar\/index.php\/wp-json\/wp\/v2\/types\/post"}],"author":[{"embeddable":true,"href":"http:\/\/fmriachuelo.it10.com.ar\/index.php\/wp-json\/wp\/v2\/users\/5"}],"replies":[{"embeddable":true,"href":"http:\/\/fmriachuelo.it10.com.ar\/index.php\/wp-json\/wp\/v2\/comments?post=7472"}],"version-history":[{"count":0,"href":"http:\/\/fmriachuelo.it10.com.ar\/index.php\/wp-json\/wp\/v2\/posts\/7472\/revisions"}],"wp:featuredmedia":[{"embeddable":true,"href":"http:\/\/fmriachuelo.it10.com.ar\/index.php\/wp-json\/wp\/v2\/media\/7481"}],"wp:attachment":[{"href":"http:\/\/fmriachuelo.it10.com.ar\/index.php\/wp-json\/wp\/v2\/media?parent=7472"}],"wp:term":[{"taxonomy":"category","embeddable":true,"href":"http:\/\/fmriachuelo.it10.com.ar\/index.php\/wp-json\/wp\/v2\/categories?post=7472"},{"taxonomy":"post_tag","embeddable":true,"href":"http:\/\/fmriachuelo.it10.com.ar\/index.php\/wp-json\/wp\/v2\/tags?post=7472"}],"curies":[{"name":"wp","href":"https:\/\/api.w.org\/{rel}","templated":true}]}}