{"id":747,"date":"2015-01-29T13:23:00","date_gmt":"2015-01-29T13:23:00","guid":{"rendered":"http:\/\/fmriachuelo.observatorioess.org.ar\/index.php\/2015\/01\/29\/comunidad-de-estados-latinoamericanos-y-caribenos-celac-cumbre-de-presidentes\/"},"modified":"2025-03-25T16:49:47","modified_gmt":"2025-03-25T19:49:47","slug":"comunidad-de-estados-latinoamericanos-y-caribenos-celac-cumbre-de-presidentes","status":"publish","type":"post","link":"http:\/\/fmriachuelo.it10.com.ar\/index.php\/2015\/01\/29\/comunidad-de-estados-latinoamericanos-y-caribenos-celac-cumbre-de-presidentes\/","title":{"rendered":"COMUNIDAD DE ESTADOS LATINOAMERICANOS Y CARIBE\u00d1OS, CELAC, CUMBRE DE PRESIDENTES"},"content":{"rendered":"<h1><span style=\"color: red;font-family: Verdana, sans-serif\">LOS PUEBLOS ORGANIZADOS DE AMERICA<\/span><\/h1>\n<h1><span style=\"font-family: Verdana, sans-serif;font-size: small\"><strong>Presidente Morales: La integraci\u00f3n da esperanzas a los pueblos de Latinoam\u00e9rica y el Caribe<\/strong><\/span><\/h1>\n<div style=\"clear: both;text-align: center\"><a href=\"http:\/\/3.bp.blogspot.com\/--3eRajB1SNc\/VMozVg74b7I\/AAAAAAAACnU\/KFB_Fw1R_Q8\/s1600\/Evo-Morales3-e1422498595722.jpg\" style=\"clear: left;float: left;margin-bottom: 1em;margin-right: 1em\"><img loading=\"lazy\" decoding=\"async\" border=\"0\" src=\"http:\/\/3.bp.blogspot.com\/--3eRajB1SNc\/VMozVg74b7I\/AAAAAAAACnU\/KFB_Fw1R_Q8\/s1600\/Evo-Morales3-e1422498595722.jpg\" height=\"224\" width=\"320\" \/><\/a><\/div>\n<div><span><\/p>\n<div style=\"text-align: justify\"><span style=\"font-family: Verdana, sans-serif\">El presidente de Bolivia, Evo Morales, destac\u00f3 este mi\u00e9rcoles que la Comunidad de Estados Latinoamericanos y Caribe\u00f1os (Celac) representa para el pueblo latinoamericano y caribe\u00f1o la unidad de la regi\u00f3n que permitir\u00e1 materializar la independencia definitiva por la que lucharon los libertadores.<\/p>\n<p>\u201cEsta integraci\u00f3n de Am\u00e9rica Latina y el Caribe nos da mucha esperanza a los pueblos, a las fuerzas sociales de nuestro continente\u201d, celebr\u00f3 durante su intervenci\u00f3n en la II Cumbre de la Celac, que se desarrolla en Costa Rica.<\/p>\n<p>Por ello, llam\u00f3 a consolidar el proceso de soberan\u00eda regional que en el actualidad emprenden las naciones. \u201cEsta integraci\u00f3n es despu\u00e9s de casi 200 a\u00f1os de fundaci\u00f3n de la Rep\u00fablica, 200 a\u00f1os sometidos a distintos imperios, no es casual que antes surg\u00edan movimientos pol\u00edticos de liberaci\u00f3n anticapitalistas, antiimperialistas. Pero, \u00bfqu\u00e9 pasaba? Ocurr\u00edan dictaduras militares, golpes de Estado\u201d, record\u00f3.<\/span><a name='more'><\/a><span style=\"font-family: Verdana, sans-serif\"><br \/>\u201cQue sea una liberaci\u00f3n definitiva para nuestros pueblos, no s\u00f3lo una integraci\u00f3n porque todav\u00eda hay intereses internos y externos que quieren acabar nuestros procesos de cambio\u201d, advirti\u00f3.<\/p>\n<p><strong>Bolivia insta al cese del bloqueo econ\u00f3mico contra Cuba<\/strong><\/p>\n<p>El Jefe de Estado boliviano destac\u00f3 que el restablecimiento de las relaciones entre Cuba y Estados Unidos, ocurrida el pasado 17 de diciembre, es producto de la fuerza y la conciencia del pueblo antillano.<\/p>\n<p>\u201cEl restablecimiento de las relaciones diplom\u00e1ticas no es legado del presidente Obama, es por la lucha, la conciencia y la unidad del pueblo cubano y la unidad del mundo entero frente a una injusticia que es el bloque econ\u00f3mico. Esperamos que este restablecimiento termine en el levantamiento del bloque econ\u00f3mico\u201d, manifest\u00f3.<\/p>\n<p>Igualmente, reconoci\u00f3 el valor del pueblo cubano porque \u201cnunca ha claudicado frente a chantajes y condicionamientos, nos ense\u00f1a que nunca hay que claudicar ante la dominaci\u00f3n imperial\u201d.<\/p>\n<p><strong>Llamado a la paz a la Farc-Ep<\/strong><\/p>\n<p>Por otra parte, Morales llam\u00f3 a las Fuerzas Armadas Revolucionarias de Colombia-Ej\u00e9rcito del Pueblo (Farc-EP) a dar el paso definitivo para sellar el acuerdo de paz, que adelanta con el Gobierno neogranadino.<\/p>\n<p>\u201c\u00bfLos hermanos de la Farc no se dan cuenta que los guerrilleros de d\u00e9cadas pasadas ya son presidentes, presidentes democr\u00e1ticamente electos? Las revoluciones ahora se hacen con conciencia, revoluciones pac\u00edficas, participativas y democr\u00e1ticas. Ya no necesitamos levantar armas para hacer revoluciones\u201d, reflexion\u00f3.<\/p>\n<p>Advirti\u00f3 al grupo guerrillero que en reiteradas oportunidades el imperio ha utilizado como excusa el combate a la lucha armada para invadir otros pa\u00edses. \u201cSi somos revolucionarios, anticapitalistas y antiimperialistas no podemos ser instrumentos del imperio\u201d, alert\u00f3<\/span>.<\/p>\n<div style=\"text-align: justify\"><span style=\"color: blue;font-family: Verdana, sans-serif\">Fuente: PSUV, Producci\u00f3n Riachuelo<\/span><\/div>\n<div style=\"clear: both;text-align: center\"><a href=\"http:\/\/1.bp.blogspot.com\/-XVSEmkQh-Dc\/VMo0Llqlv-I\/AAAAAAAACnc\/aNPNE4_s0DM\/s1600\/COOP%2BRIACHIUELO%2BPRODUCCIONES.jpg\" style=\"clear: left;float: left;margin-bottom: 1em;margin-right: 1em\"><img loading=\"lazy\" decoding=\"async\" border=\"0\" src=\"http:\/\/1.bp.blogspot.com\/-XVSEmkQh-Dc\/VMo0Llqlv-I\/AAAAAAAACnc\/aNPNE4_s0DM\/s1600\/COOP%2BRIACHIUELO%2BPRODUCCIONES.jpg\" height=\"58\" width=\"200\" \/><\/a><\/div>\n<div style=\"text-align: justify\">&nbsp;<\/div>\n<\/div>\n<p><\/span><\/div>\n","protected":false},"excerpt":{"rendered":"<p>LOS PUEBLOS ORGANIZADOS DE AMERICA Presidente Morales: La integraci\u00f3n da esperanzas a los pueblos de Latinoam\u00e9rica y el Caribe El presidente de Bolivia, Evo Morales, destac\u00f3 este mi\u00e9rcoles que la Comunidad de Estados Latinoamericanos y Caribe\u00f1os (Celac) representa para el pueblo latinoamericano y caribe\u00f1o la unidad de la regi\u00f3n que permitir\u00e1 materializar la independencia definitiva [&hellip;]<\/p>\n","protected":false},"author":4,"featured_media":0,"comment_status":"open","ping_status":"open","sticky":false,"template":"","format":"standard","meta":{"_monsterinsights_skip_tracking":false,"_monsterinsights_sitenote_active":false,"_monsterinsights_sitenote_note":"","_monsterinsights_sitenote_category":0,"jnews-multi-image_gallery":[],"jnews_single_post":{"format":"standard"},"jnews_primary_category":[],"_joinchat":[],"footnotes":""},"categories":[58],"tags":[70],"class_list":["post-747","post","type-post","status-publish","format-standard","hentry","category-noticiariachuelo","tag-de-la-patria-grande"],"_links":{"self":[{"href":"http:\/\/fmriachuelo.it10.com.ar\/index.php\/wp-json\/wp\/v2\/posts\/747","targetHints":{"allow":["GET"]}}],"collection":[{"href":"http:\/\/fmriachuelo.it10.com.ar\/index.php\/wp-json\/wp\/v2\/posts"}],"about":[{"href":"http:\/\/fmriachuelo.it10.com.ar\/index.php\/wp-json\/wp\/v2\/types\/post"}],"author":[{"embeddable":true,"href":"http:\/\/fmriachuelo.it10.com.ar\/index.php\/wp-json\/wp\/v2\/users\/4"}],"replies":[{"embeddable":true,"href":"http:\/\/fmriachuelo.it10.com.ar\/index.php\/wp-json\/wp\/v2\/comments?post=747"}],"version-history":[{"count":1,"href":"http:\/\/fmriachuelo.it10.com.ar\/index.php\/wp-json\/wp\/v2\/posts\/747\/revisions"}],"predecessor-version":[{"id":22499,"href":"http:\/\/fmriachuelo.it10.com.ar\/index.php\/wp-json\/wp\/v2\/posts\/747\/revisions\/22499"}],"wp:attachment":[{"href":"http:\/\/fmriachuelo.it10.com.ar\/index.php\/wp-json\/wp\/v2\/media?parent=747"}],"wp:term":[{"taxonomy":"category","embeddable":true,"href":"http:\/\/fmriachuelo.it10.com.ar\/index.php\/wp-json\/wp\/v2\/categories?post=747"},{"taxonomy":"post_tag","embeddable":true,"href":"http:\/\/fmriachuelo.it10.com.ar\/index.php\/wp-json\/wp\/v2\/tags?post=747"}],"curies":[{"name":"wp","href":"https:\/\/api.w.org\/{rel}","templated":true}]}}