{"id":7463,"date":"2018-07-11T18:44:36","date_gmt":"2018-07-11T18:44:36","guid":{"rendered":"http:\/\/fmriachuelo.com.ar\/?p=7463"},"modified":"2018-07-11T18:44:36","modified_gmt":"2018-07-11T18:44:36","slug":"vamos-a-ir-desde-buenos-aires-a-respaldar-a-lxs-companerxs","status":"publish","type":"post","link":"http:\/\/fmriachuelo.it10.com.ar\/index.php\/2018\/07\/11\/vamos-a-ir-desde-buenos-aires-a-respaldar-a-lxs-companerxs\/","title":{"rendered":"\u201cVAMOS A IR DESDE BUENOS AIRES A  RESPALDAR A LXS COMPA\u00d1ERXS\u201d"},"content":{"rendered":"<p>En un chispazo informativo desde la Fm Riachuelo conversamos con Esteban \u201cGringo\u201d Castro, Secretario de la Confederaci\u00f3n de Trabajadorxs de la Econom\u00eda Popular y con el compa\u00f1ero Sergio S\u00e1nchez de Ctep, que nos contaron la situaci\u00f3n sobre la detenci\u00f3n injusta de los compa\u00f1eros cartoneros, quienes reclamaban mejores condiciones laborales, frente al municipio de la localidad de San Pedro, en la Provincia de Buenos Aires.<\/p>\n<p>S\u00e1nchez denuncio, que \u201cel municipio se negaba a entregar guantes y ropa de trabajo, para que los compa\u00f1eros, pudieran mejorar las condiciones \u201cinfrahumanas\u201d de trabajo, en el basural de San Pedro. Tambi\u00e9n se\u00f1alo las intenciones del municipio de privatizar el sistema de reciclado empujando a los trabajadores a condiciones a\u00fan m\u00e1s miserables.<\/p>\n<p>Gringo Castro Secretario Nacional de la Ctep, en declaraciones a Fm Riachuelo hizo responsable de este conflicto al intendente \u00a0Cecilio Salazar \u00a0del PRO. Y advirti\u00f3, que \u201cSi esta es la respuesta del intendente, la respuesta nuestra va hacer m\u00e1s contundente. Si es necesario, vamos a ir desde Buenos Aires a respaldar la lucha de los compa\u00f1eros\u201d.<\/p>\n<p>Escuch\u00e1 las declaraciones del \u00a0Gringo Castro:<\/p>\n<p><a href=\"https:\/\/radiocut.fm\/audiocut\/chispazo-informativo-con-el-gringo-castro-ctep-por-represion-de-cartoneros-en-san-pedro\/\">https:\/\/radiocut.fm\/audiocut\/chispazo-informativo-con-el-gringo-castro-ctep-por-represion-de-cartoneros-en-san-pedro\/\u00a0\u00a0\u00a0<\/a><\/p>\n<p>(Noticia en desarrollo)<\/p>\n<p>&nbsp;<\/p>\n","protected":false},"excerpt":{"rendered":"<p>En un chispazo informativo desde la Fm Riachuelo conversamos con Esteban \u201cGringo\u201d Castro, Secretario de la Confederaci\u00f3n de Trabajadorxs de la Econom\u00eda Popular y con el compa\u00f1ero Sergio S\u00e1nchez de Ctep, que nos contaron la situaci\u00f3n sobre la detenci\u00f3n injusta de los compa\u00f1eros cartoneros, quienes reclamaban mejores condiciones laborales, frente al municipio de la localidad [&hellip;]<\/p>\n","protected":false},"author":5,"featured_media":7464,"comment_status":"open","ping_status":"open","sticky":false,"template":"","format":"standard","meta":{"_monsterinsights_skip_tracking":false,"_monsterinsights_sitenote_active":false,"_monsterinsights_sitenote_note":"","_monsterinsights_sitenote_category":0,"jnews-multi-image_gallery":[],"jnews_single_post":[],"jnews_primary_category":[],"_joinchat":[],"footnotes":""},"categories":[78,76,75],"tags":[],"class_list":["post-7463","post","type-post","status-publish","format-standard","has-post-thumbnail","hentry","category-economia-popular","category-salud-comunitaria","category-trabajo"],"_links":{"self":[{"href":"http:\/\/fmriachuelo.it10.com.ar\/index.php\/wp-json\/wp\/v2\/posts\/7463","targetHints":{"allow":["GET"]}}],"collection":[{"href":"http:\/\/fmriachuelo.it10.com.ar\/index.php\/wp-json\/wp\/v2\/posts"}],"about":[{"href":"http:\/\/fmriachuelo.it10.com.ar\/index.php\/wp-json\/wp\/v2\/types\/post"}],"author":[{"embeddable":true,"href":"http:\/\/fmriachuelo.it10.com.ar\/index.php\/wp-json\/wp\/v2\/users\/5"}],"replies":[{"embeddable":true,"href":"http:\/\/fmriachuelo.it10.com.ar\/index.php\/wp-json\/wp\/v2\/comments?post=7463"}],"version-history":[{"count":0,"href":"http:\/\/fmriachuelo.it10.com.ar\/index.php\/wp-json\/wp\/v2\/posts\/7463\/revisions"}],"wp:featuredmedia":[{"embeddable":true,"href":"http:\/\/fmriachuelo.it10.com.ar\/index.php\/wp-json\/wp\/v2\/media\/7464"}],"wp:attachment":[{"href":"http:\/\/fmriachuelo.it10.com.ar\/index.php\/wp-json\/wp\/v2\/media?parent=7463"}],"wp:term":[{"taxonomy":"category","embeddable":true,"href":"http:\/\/fmriachuelo.it10.com.ar\/index.php\/wp-json\/wp\/v2\/categories?post=7463"},{"taxonomy":"post_tag","embeddable":true,"href":"http:\/\/fmriachuelo.it10.com.ar\/index.php\/wp-json\/wp\/v2\/tags?post=7463"}],"curies":[{"name":"wp","href":"https:\/\/api.w.org\/{rel}","templated":true}]}}