{"id":7449,"date":"2018-07-10T14:59:37","date_gmt":"2018-07-10T14:59:37","guid":{"rendered":"http:\/\/fmriachuelo.com.ar\/?p=7449"},"modified":"2018-07-10T14:59:37","modified_gmt":"2018-07-10T14:59:37","slug":"me-lo-mataron","status":"publish","type":"post","link":"http:\/\/fmriachuelo.it10.com.ar\/index.php\/2018\/07\/10\/me-lo-mataron\/","title":{"rendered":"\u00abME LO MATARON\u00bb"},"content":{"rendered":"<p><strong>[Colectivo de Medios de Comunicaci\u00f3n Popular* 10\/07\/2018]\u00a0\u00a0<\/strong>\u00a0A 9 a\u00f1os de los asesinatos de Kiki Lezcano y Ezequiel Blanco, se realiz\u00f3 un nuevo festival cultural que recuerda al joven asesinado junto a su amigo Ezequiel Blanco por el polic\u00eda federal Daniel Veyga, absuelto por el TOC 16 el a\u00f1o pasado. La jornada cont\u00f3 con una gran presencia de familiares de v\u00edctimas de la violencia institucional. La frase del t\u00edtulo, que podr\u00eda salir de la boca de tantas familias diezmadas por el gatillo f\u00e1cil, esta vez la pronunci\u00f3 Ang\u00e9lica Urquiza, la mam\u00e1 de Kiki.<\/p>\n<p>Visitar la \u201cCasita de Kiki\u201d en la Villa 20 de Lugano es siempre movilizador. Puede que sea para asistir a alguna de las m\u00faltiples actividades que all\u00ed se realizan: el comedor El Enano, el apoyo escolar para les pibes del barrio, el acompa\u00f1amiento a familiares de v\u00edctimas de violencia institucional, talleres de educaci\u00f3n popular, etc. Pero es sin dudas especial hacerlo cuando realizan el festival cultural que recuerda a los j\u00f3venes Jonathan \u201cKiki\u201d Lezcano y Ezequiel Blanco, asesinados por el polic\u00eda federal Daniel Veyga, el 8 de julio de 2009.<\/p>\n<p><img loading=\"lazy\" decoding=\"async\" class=\"wp-image-7455 size-medium alignright\" src=\"http:\/\/fmriachuelo.com.ar\/wp-content\/uploads\/2018\/07\/WhatsApp-Image-2018-07-10-at-11.37.18-1-300x195.jpeg\" alt=\"\" width=\"300\" height=\"195\" srcset=\"http:\/\/fmriachuelo.it10.com.ar\/wp-content\/uploads\/2018\/07\/WhatsApp-Image-2018-07-10-at-11.37.18-1-300x195.jpeg 300w, http:\/\/fmriachuelo.it10.com.ar\/wp-content\/uploads\/2018\/07\/WhatsApp-Image-2018-07-10-at-11.37.18-1-768x498.jpeg 768w, http:\/\/fmriachuelo.it10.com.ar\/wp-content\/uploads\/2018\/07\/WhatsApp-Image-2018-07-10-at-11.37.18-1-750x487.jpeg 750w, http:\/\/fmriachuelo.it10.com.ar\/wp-content\/uploads\/2018\/07\/WhatsApp-Image-2018-07-10-at-11.37.18-1.jpeg 960w\" sizes=\"auto, (max-width: 300px) 100vw, 300px\" \/><\/p>\n<p>Desde temprano les militantes de la Casita, junto con familiares, amigas\/os y vecinas\/os preparan las calles del barrio para recibir a quienes se arriman a compartir una tarde de memoria, donde se sigue buscando verdad y justicia. Desde la participaci\u00f3n de un grupo de payasas\/os al espacio de juegos para les pibes, desde la radio abierta a las bandas sonando en el escenario, desde la muestra fotogr\u00e1fica a la parrilla con precios populares; son muchas las actividades que se realizan con el fin de construir entre todas y todos el acompa\u00f1amiento necesario para que sea este, tambi\u00e9n, un d\u00eda de alegr\u00eda. Es que tanto Ang\u00e9lica, la mam\u00e1 de Kiki, como cada una\/o de sus hermanas\/os llevan esa memoria adelante como un ejemplo de lucha por lo que pas\u00f3, pero con un fuerte compromiso por lo que est\u00e1 por venir. As\u00ed naci\u00f3 esta Casita, que en estos a\u00f1os de malaria econ\u00f3mica ha sumado una nueva actividad para el barrio: un comedor popular.<\/p>\n<p><img loading=\"lazy\" decoding=\"async\" class=\"wp-image-7454 size-medium alignleft\" src=\"http:\/\/fmriachuelo.com.ar\/wp-content\/uploads\/2018\/07\/WhatsApp-Image-2018-07-10-at-11.37.16-1-300x204.jpeg\" alt=\"\" width=\"300\" height=\"204\" srcset=\"http:\/\/fmriachuelo.it10.com.ar\/wp-content\/uploads\/2018\/07\/WhatsApp-Image-2018-07-10-at-11.37.16-1-300x204.jpeg 300w, http:\/\/fmriachuelo.it10.com.ar\/wp-content\/uploads\/2018\/07\/WhatsApp-Image-2018-07-10-at-11.37.16-1-768x522.jpeg 768w, http:\/\/fmriachuelo.it10.com.ar\/wp-content\/uploads\/2018\/07\/WhatsApp-Image-2018-07-10-at-11.37.16-1-750x510.jpeg 750w, http:\/\/fmriachuelo.it10.com.ar\/wp-content\/uploads\/2018\/07\/WhatsApp-Image-2018-07-10-at-11.37.16-1.jpeg 960w\" sizes=\"auto, (max-width: 300px) 100vw, 300px\" \/>El Festival es tambi\u00e9n una oportunidad para que familiares de v\u00edctimas de violencia institucional se acerquen a contar su caso, y a organizarse para buscar justicia. Un camino que no es para nada sencillo, especialmente para quienes menos tienen. Eso lo vive d\u00eda a d\u00eda Ang\u00e9lica, que tras esperar 8 a\u00f1os un juicio, tuvo que escuchar c\u00f3mo el Tribunal Oral Criminal N\u00famero 16 sobrese\u00eda al asesino de su hijo. Esta lucha, que sigue abierta, la impulsa a acompa\u00f1ar a todas esas madres que se acercan a la Casita, y que encuentran en el Poder Judicial m\u00e1s trabas que ayuda. All\u00ed la vimos en Tribunales, junto a Roxana Cainzos, por ejemplo, cuando el caso de Nehuen Rodr\u00edguez lleg\u00f3 al juicio oral. Y as\u00ed la vemos en cada marcha, cada acto donde pueda sumar su palabra y sexperiencia de organizaci\u00f3n.<\/p>\n<p>En la tarde del domingo 8 de julio de este 2018 se vivi\u00f3 un momento especialmente emotivo. Fue cuando se conform\u00f3 una ronda de madres y familiares frente al escenario, contaron sus casos y reclamaron al un\u00edsono justicia por las pibas y los pibes asesinados por las fuerzas de seguridad. En sus voces estuvieron nuevamente presentes Marcos Acu\u00f1a, Jonatan Herrera, Nehuen Rodr\u00edguez, Omar Cigar\u00e1n, Pablo C\u00e9sar Reynaga, Fabi\u00e1n Gorosito, Pablo \u201cPaly\u201d Alcorta, Marco Antonio Nu\u00f1ez. Nombres de un exterminio silencioso, y de un dolor que se transforma en lucha en las barriadas populares. Escuchar de tantas bocas el terrible \u201cme lo mataron\u201d, sentir su falta en carne propia. Juntas\/os invitaron a sumarse a la Marcha Nacional contra el Gatillo F\u00e1cil y la represi\u00f3n del Estado, que se realizar\u00e1 el 27\/8 a las 16 horas de Congreso a Plaza de Mayo. La marcha tambi\u00e9n ser\u00e1 en Tucum\u00e1n, Rosario, Mar del Plata, Neuqu\u00e9n, Bariloche, C\u00f3rdoba, Mendoza, San Juan y Santiago del Estero.<\/p>\n<p><img loading=\"lazy\" decoding=\"async\" class=\"aligncenter wp-image-7456 size-full\" src=\"http:\/\/fmriachuelo.com.ar\/wp-content\/uploads\/2018\/07\/WhatsApp-Image-2018-07-10-at-11.37.15.jpeg\" alt=\"\" width=\"960\" height=\"614\" srcset=\"http:\/\/fmriachuelo.it10.com.ar\/wp-content\/uploads\/2018\/07\/WhatsApp-Image-2018-07-10-at-11.37.15.jpeg 960w, http:\/\/fmriachuelo.it10.com.ar\/wp-content\/uploads\/2018\/07\/WhatsApp-Image-2018-07-10-at-11.37.15-300x192.jpeg 300w, http:\/\/fmriachuelo.it10.com.ar\/wp-content\/uploads\/2018\/07\/WhatsApp-Image-2018-07-10-at-11.37.15-768x491.jpeg 768w, http:\/\/fmriachuelo.it10.com.ar\/wp-content\/uploads\/2018\/07\/WhatsApp-Image-2018-07-10-at-11.37.15-750x480.jpeg 750w\" sizes=\"auto, (max-width: 960px) 100vw, 960px\" \/><\/p>\n<p>\u201cQuer\u00eda agradecer de coraz\u00f3n a coraz\u00f3n a los familiares, decirles que estamos juntas\u201d, dijo al cierre Ang\u00e9lica. \u201cNos paramos en el dolor y seguimos con amor, para que a otras madres no les pase\u201d, agreg\u00f3 emocionada. Un ejemplo de lucha que nos impulsa hacia un camino de justicia, que s\u00f3lo se lograr\u00e1 organizadas\/os. Porque como dijo Ang\u00e9lica: \u201ctenemos que hacernos visibles, porque somos los invisibles para aquellos que est\u00e1n en el poder\u201d.<\/p>\n<p>*FM La Caterva, FM Riachuelo, La Retaguardia, Agencia Paco Urondo, Sur Capitalino, ANCAP<\/p>\n<p><img loading=\"lazy\" decoding=\"async\" class=\"aligncenter wp-image-7450 size-full\" src=\"http:\/\/fmriachuelo.com.ar\/wp-content\/uploads\/2018\/07\/WhatsApp-Image-2018-07-10-at-11.36.53.jpeg\" alt=\"\" width=\"960\" height=\"640\" srcset=\"http:\/\/fmriachuelo.it10.com.ar\/wp-content\/uploads\/2018\/07\/WhatsApp-Image-2018-07-10-at-11.36.53.jpeg 960w, http:\/\/fmriachuelo.it10.com.ar\/wp-content\/uploads\/2018\/07\/WhatsApp-Image-2018-07-10-at-11.36.53-300x200.jpeg 300w, http:\/\/fmriachuelo.it10.com.ar\/wp-content\/uploads\/2018\/07\/WhatsApp-Image-2018-07-10-at-11.36.53-768x512.jpeg 768w, http:\/\/fmriachuelo.it10.com.ar\/wp-content\/uploads\/2018\/07\/WhatsApp-Image-2018-07-10-at-11.36.53-750x500.jpeg 750w\" sizes=\"auto, (max-width: 960px) 100vw, 960px\" \/><\/p>\n<p>&nbsp;<\/p>\n","protected":false},"excerpt":{"rendered":"<p>[Colectivo de Medios de Comunicaci\u00f3n Popular* 10\/07\/2018]\u00a0\u00a0\u00a0A 9 a\u00f1os de los asesinatos de Kiki Lezcano y Ezequiel Blanco, se realiz\u00f3 un nuevo festival cultural que recuerda al joven asesinado junto a su amigo Ezequiel Blanco por el polic\u00eda federal Daniel Veyga, absuelto por el TOC 16 el a\u00f1o pasado. La jornada cont\u00f3 con una gran [&hellip;]<\/p>\n","protected":false},"author":5,"featured_media":7452,"comment_status":"open","ping_status":"open","sticky":false,"template":"","format":"standard","meta":{"_monsterinsights_skip_tracking":false,"_monsterinsights_sitenote_active":false,"_monsterinsights_sitenote_note":"","_monsterinsights_sitenote_category":0,"jnews-multi-image_gallery":[],"jnews_single_post":[],"jnews_primary_category":[],"_joinchat":[],"footnotes":""},"categories":[79,76],"tags":[],"class_list":["post-7449","post","type-post","status-publish","format-standard","has-post-thumbnail","hentry","category-nadie-se-salva-solo","category-salud-comunitaria"],"_links":{"self":[{"href":"http:\/\/fmriachuelo.it10.com.ar\/index.php\/wp-json\/wp\/v2\/posts\/7449","targetHints":{"allow":["GET"]}}],"collection":[{"href":"http:\/\/fmriachuelo.it10.com.ar\/index.php\/wp-json\/wp\/v2\/posts"}],"about":[{"href":"http:\/\/fmriachuelo.it10.com.ar\/index.php\/wp-json\/wp\/v2\/types\/post"}],"author":[{"embeddable":true,"href":"http:\/\/fmriachuelo.it10.com.ar\/index.php\/wp-json\/wp\/v2\/users\/5"}],"replies":[{"embeddable":true,"href":"http:\/\/fmriachuelo.it10.com.ar\/index.php\/wp-json\/wp\/v2\/comments?post=7449"}],"version-history":[{"count":0,"href":"http:\/\/fmriachuelo.it10.com.ar\/index.php\/wp-json\/wp\/v2\/posts\/7449\/revisions"}],"wp:featuredmedia":[{"embeddable":true,"href":"http:\/\/fmriachuelo.it10.com.ar\/index.php\/wp-json\/wp\/v2\/media\/7452"}],"wp:attachment":[{"href":"http:\/\/fmriachuelo.it10.com.ar\/index.php\/wp-json\/wp\/v2\/media?parent=7449"}],"wp:term":[{"taxonomy":"category","embeddable":true,"href":"http:\/\/fmriachuelo.it10.com.ar\/index.php\/wp-json\/wp\/v2\/categories?post=7449"},{"taxonomy":"post_tag","embeddable":true,"href":"http:\/\/fmriachuelo.it10.com.ar\/index.php\/wp-json\/wp\/v2\/tags?post=7449"}],"curies":[{"name":"wp","href":"https:\/\/api.w.org\/{rel}","templated":true}]}}