{"id":744,"date":"2015-01-30T02:20:00","date_gmt":"2015-01-30T02:20:00","guid":{"rendered":"http:\/\/fmriachuelo.observatorioess.org.ar\/index.php\/2015\/01\/30\/movimiento-patriotico-revolucionario-quebracho-y-las-falsas-acusaciones-a-fernando-esteche\/"},"modified":"2025-03-25T16:53:01","modified_gmt":"2025-03-25T19:53:01","slug":"movimiento-patriotico-revolucionario-quebracho-y-las-falsas-acusaciones-a-fernando-esteche","status":"publish","type":"post","link":"http:\/\/fmriachuelo.it10.com.ar\/index.php\/2015\/01\/30\/movimiento-patriotico-revolucionario-quebracho-y-las-falsas-acusaciones-a-fernando-esteche\/","title":{"rendered":"MOVIMIENTO PATRIOTICO REVOLUCIONARIO QUEBRACHO Y LAS FALSAS ACUSACIONES A FERNANDO ESTECHE"},"content":{"rendered":"<p><span style=\"font-family: Verdana, sans-serif\"><strong>REPRODUCIMOS<\/strong><\/span><\/p>\n<div style=\"clear: both;text-align: center\"><span style=\"font-family: Verdana, sans-serif\"><strong><a href=\"http:\/\/4.bp.blogspot.com\/-KiMAEblYKC8\/VMrpoVTVuAI\/AAAAAAAACoI\/0bsLuwpr3Lo\/s1600\/QUEBRACHO.jpg\" style=\"margin-left: 1em;margin-right: 1em\"><img loading=\"lazy\" decoding=\"async\" border=\"0\" src=\"http:\/\/4.bp.blogspot.com\/-KiMAEblYKC8\/VMrpoVTVuAI\/AAAAAAAACoI\/0bsLuwpr3Lo\/s1600\/QUEBRACHO.jpg\" height=\"266\" width=\"400\" \/><\/a><\/strong><\/span><\/div>\n<p><span style=\"font-family: Verdana, sans-serif\"><strong>SOLO LA VERDAD NOS HAR\u00c1 LIBRES<\/strong><br \/> DECLARACI\u00d3N DEL MPR QUEBRACHO:<br \/> Ante los hechos que son de dominio p\u00fablico y en los cuales involucran a Fernando Esteche, Secretario Pol\u00edtico de nuestra Organizaci\u00f3n; la Direcci\u00f3n Nacional y el conjunto de la militancia del Movimiento Patri\u00f3tico Revolucionario QUEBRACHO, declaramos:<br \/>-Estamos frente a una maniobra de caracter\u00edsticas mafiosas que pretende condicionar la vida pol\u00edtica de los argentinos y los tiempos venideros; una maniobra que se mont\u00f3 sobre el ataque terrorista contra la AMIA y que ya sobrepas\u00f3 en mucho la letra de la denuncia presentada por Nisman;<br \/>-Se trata de un ataque a la Soberan\u00eda y la Independencia, operando artera e inescrupulosamente, con denuncias alevosas y falsas, y magnicidios; un ataque sobre la credibilidad y gobernabilidad de la Naci\u00f3n y sus Instituciones;<\/span><a name='more'><\/a><span style=\"font-family: Verdana, sans-serif\"><br \/>-Para concretar semejante ataque no s\u00f3lo fue necesario contar con operadores de inteligencia internacional y sicarios, sino adem\u00e1s, echar mano de la penetraci\u00f3n que ostentan tanto en el poder judicial de la Argentina, en ciertas corporaciones comunicacionales y sectores pol\u00edticos locales;<br \/>-Desmentimos tener alg\u00fan tipo de vinculaci\u00f3n con maniobras de encubrimiento y b\u00fasqueda de impunidad. Tampoco creemos que lo tengan los imputados por la denuncia que son reconocidos militantes populares o funcionarios del gobierno;<br \/>-Como ante otras circunstancias, decimos Quien quiera o\u00edr, que oiga. Este ataque abre dos campos muy claros: o se opera, se vectoriza y se construye un sentido com\u00fan con la mentira y la infamia, o se defiende la Patria, se desmiente y se denuncia la maniobra;<br \/>-Lamentamos ver algunos dirigentes de organizaciones populares asociados a personajes empleados de embajadas extranjeras imperialistas, haciendo el juego a esta maniobra antipatri\u00f3tica;<br \/>-Llamamos a detectar, denunciar, no ser funcional a las llamadas \u201coperaciones de prensa\u201d que est\u00e1n construyendo verdades a partir de machacar con mentiras, manipular informaci\u00f3n y profundizar la confusi\u00f3n; operaciones que tienen como veh\u00edculo principal a periodistas y dirigentes pol\u00edticos, desplegadas a trav\u00e9s de distintos medios de comunicaci\u00f3n masiva;<br \/>-La militancia y los dirigentes populares deben ser sumamente responsables y no negociar su dignidad por una fugaz aparici\u00f3n medi\u00e1tica;<br \/>-El silencio en este caso s\u00f3lo aporta confusi\u00f3n: llamamos a toda la militancia patri\u00f3tica a pronunciarse en solidaridad con los compa\u00f1eros atacados, y fundamentalmente, aunar filas en defensa de la soberan\u00eda e independencia de nuestro pa\u00eds;<br \/>-Reivindicamos a nuestro compa\u00f1ero Fernando Esteche como dirigente de nuestra Organizaci\u00f3n, encarcelado y perseguido varias veces a lo largo de su extensa trayectoria militante. Deploramos las livianas asociaciones que sin ning\u00fan tipo de sustento hacen respecto de su persona quienes llevan adelante esta maniobra desatada con la denuncia del fiscal Nisman.<br \/> 26 de enero de 2015<\/span><br \/><span style=\"color: blue;font-family: Verdana\">Fuente: MPR Quebracho, Producci\u00f3n Riachuelo<\/span><\/p>\n<div style=\"clear: both;text-align: center\"><a href=\"http:\/\/4.bp.blogspot.com\/--1eAV7D5toM\/VMrqD3d3xOI\/AAAAAAAACoQ\/hj-RVmNI00o\/s1600\/COOP%2BRIACHIUELO%2BPRODUCCIONES.jpg\" style=\"clear: left;float: left;margin-bottom: 1em;margin-right: 1em\"><img loading=\"lazy\" decoding=\"async\" border=\"0\" src=\"http:\/\/4.bp.blogspot.com\/--1eAV7D5toM\/VMrqD3d3xOI\/AAAAAAAACoQ\/hj-RVmNI00o\/s1600\/COOP%2BRIACHIUELO%2BPRODUCCIONES.jpg\" height=\"58\" width=\"200\" \/><\/a><\/div>\n","protected":false},"excerpt":{"rendered":"<p>REPRODUCIMOS SOLO LA VERDAD NOS HAR\u00c1 LIBRES DECLARACI\u00d3N DEL MPR QUEBRACHO: Ante los hechos que son de dominio p\u00fablico y en los cuales involucran a Fernando Esteche, Secretario Pol\u00edtico de nuestra Organizaci\u00f3n; la Direcci\u00f3n Nacional y el conjunto de la militancia del Movimiento Patri\u00f3tico Revolucionario QUEBRACHO, declaramos:-Estamos frente a una maniobra de caracter\u00edsticas mafiosas que [&hellip;]<\/p>\n","protected":false},"author":4,"featured_media":0,"comment_status":"open","ping_status":"open","sticky":false,"template":"","format":"standard","meta":{"_monsterinsights_skip_tracking":false,"_monsterinsights_sitenote_active":false,"_monsterinsights_sitenote_note":"","_monsterinsights_sitenote_category":0,"jnews-multi-image_gallery":[],"jnews_single_post":{"format":"standard"},"jnews_primary_category":[],"_joinchat":[],"footnotes":""},"categories":[58],"tags":[122],"class_list":["post-744","post","type-post","status-publish","format-standard","hentry","category-noticiariachuelo","tag-derecho-a-la-protesta-social"],"_links":{"self":[{"href":"http:\/\/fmriachuelo.it10.com.ar\/index.php\/wp-json\/wp\/v2\/posts\/744","targetHints":{"allow":["GET"]}}],"collection":[{"href":"http:\/\/fmriachuelo.it10.com.ar\/index.php\/wp-json\/wp\/v2\/posts"}],"about":[{"href":"http:\/\/fmriachuelo.it10.com.ar\/index.php\/wp-json\/wp\/v2\/types\/post"}],"author":[{"embeddable":true,"href":"http:\/\/fmriachuelo.it10.com.ar\/index.php\/wp-json\/wp\/v2\/users\/4"}],"replies":[{"embeddable":true,"href":"http:\/\/fmriachuelo.it10.com.ar\/index.php\/wp-json\/wp\/v2\/comments?post=744"}],"version-history":[{"count":1,"href":"http:\/\/fmriachuelo.it10.com.ar\/index.php\/wp-json\/wp\/v2\/posts\/744\/revisions"}],"predecessor-version":[{"id":22502,"href":"http:\/\/fmriachuelo.it10.com.ar\/index.php\/wp-json\/wp\/v2\/posts\/744\/revisions\/22502"}],"wp:attachment":[{"href":"http:\/\/fmriachuelo.it10.com.ar\/index.php\/wp-json\/wp\/v2\/media?parent=744"}],"wp:term":[{"taxonomy":"category","embeddable":true,"href":"http:\/\/fmriachuelo.it10.com.ar\/index.php\/wp-json\/wp\/v2\/categories?post=744"},{"taxonomy":"post_tag","embeddable":true,"href":"http:\/\/fmriachuelo.it10.com.ar\/index.php\/wp-json\/wp\/v2\/tags?post=744"}],"curies":[{"name":"wp","href":"https:\/\/api.w.org\/{rel}","templated":true}]}}