{"id":7420,"date":"2018-07-05T20:02:50","date_gmt":"2018-07-05T20:02:50","guid":{"rendered":"http:\/\/fmriachuelo.com.ar\/?p=7420"},"modified":"2018-07-05T20:02:50","modified_gmt":"2018-07-05T20:02:50","slug":"aca-esta-el-pueblo-alla-estan-los-delincuentes","status":"publish","type":"post","link":"http:\/\/fmriachuelo.it10.com.ar\/index.php\/2018\/07\/05\/aca-esta-el-pueblo-alla-estan-los-delincuentes\/","title":{"rendered":"\u00abAC\u00c1 EST\u00c1 EL PUEBLO, ALL\u00c1 EST\u00c1N LOS DELINCUENTES\u00bb"},"content":{"rendered":"<p><strong>[FM RIACHUELO 05\/07\/2018] En el d\u00eda de hoy se realiz\u00f3 la marcha nacional de los trabajadores y trabajadoras de prensa, organizada por Sipreba para exigirle al Ministro Hern\u00e1n Lombardi la reincorporaci\u00f3n de los 357 despidos de la Agencia Nacional de Noticias T\u00e9lam. La concentraci\u00f3n comenz\u00f3 a la una de la tarde en el Obelisco y termin\u00f3 en frente al edificio del Centro Cultural Kirchner.\u00a0\u00a0<\/strong><\/p>\n<p>Acompa\u00f1aron la masiva movilizaci\u00f3n diversos movimientos sociales nucleados en la Confederaci\u00f3n de Trabajadores de la Econom\u00eda Popular junto a distintos sindicatos como\u00a0 bancarios y de vialidad que vienen sufriendo el ajuste del gobierno de Macri.\u00a0 Tambien\u00a0 fueron parte de esta marcha dirigentes pol\u00edticos para solidarizarse con toda la clase trabajadora.<\/p>\n<p>El Secretario General de la Ctep Esteban \u00abGringo\u00bb Castro, dijo a FM Riachuelo que, el gobierno esta teniendo una estrategia integral\u00a0 de como destruir y dividir la clase trabajadora. En este sentido, los movimientos sociales deben tener una estrategia para no permitir esa destrucci\u00f3n.<\/p>\n<p><img loading=\"lazy\" decoding=\"async\" class=\"alignnone size-full wp-image-7427\" src=\"http:\/\/fmriachuelo.com.ar\/wp-content\/uploads\/2018\/07\/WhatsApp-Image-2018-07-05-at-3.01.39-PM-1.jpeg\" alt=\"\" width=\"1032\" height=\"774\" srcset=\"http:\/\/fmriachuelo.it10.com.ar\/wp-content\/uploads\/2018\/07\/WhatsApp-Image-2018-07-05-at-3.01.39-PM-1.jpeg 1032w, http:\/\/fmriachuelo.it10.com.ar\/wp-content\/uploads\/2018\/07\/WhatsApp-Image-2018-07-05-at-3.01.39-PM-1-300x225.jpeg 300w, http:\/\/fmriachuelo.it10.com.ar\/wp-content\/uploads\/2018\/07\/WhatsApp-Image-2018-07-05-at-3.01.39-PM-1-1024x768.jpeg 1024w, http:\/\/fmriachuelo.it10.com.ar\/wp-content\/uploads\/2018\/07\/WhatsApp-Image-2018-07-05-at-3.01.39-PM-1-768x576.jpeg 768w, http:\/\/fmriachuelo.it10.com.ar\/wp-content\/uploads\/2018\/07\/WhatsApp-Image-2018-07-05-at-3.01.39-PM-1-750x563.jpeg 750w\" sizes=\"auto, (max-width: 1032px) 100vw, 1032px\" \/><\/p>\n<p>Como muestra de unidad estuvo presente Sa\u00fal P\u00e9rez ex combatiente de Malvinas \u00a0que enfatiz\u00f3 su compromiso con la lucha de los trabajadores de T\u00e9lam, como agradecimiento por haber\u00a0 difundido una imagen de \u00e9l c\u00f3mo sobreviviente de Malvinas, lo que posibilito en ese momento hist\u00f3rico el reencuentro con sus familiares.<\/p>\n<p>Lito Borello secretario de DDHH de la Ctep tambi\u00e9n se solidariz\u00f3 con los trabajadores de prensa y dijo a Fm Riachuelo durante la movilizaci\u00f3n al CCK que\u00a0 \u00ab<em><strong>m\u00e1s all\u00e1 de ser solidarios, hay que ver esta lucha de los trabajadores de T\u00e9lam en el marco de la aplicaci\u00f3n de un modelo de dominaci\u00f3n que viene haciendo estragos en el mundo. Esta\u00a0 recolonizaci\u00f3n en Am\u00e9rica Latina esta poniendo en peligro la paz y la democracia, es muy dif\u00edcil de imaginar que haya paz y democracia con este nivel de injusticia y sometimiento.\u00bb<\/strong><\/em><\/p>\n<p>Uno de los discursos durante el cierre de la jornada de lucha,\u00a0fue la del Secretario Gremial de Sitrapren , Daniel Segal, qui\u00e9n\u00a0 destac\u00f3 <strong><em>\u201cac\u00e1 estamos compa\u00f1erxs, est\u00e1 pasando algo muy particular, est\u00e1 ac\u00e1 todo el espectro pol\u00edtico, todo el espectro sindical; d\u00e9monos vuelta compa\u00f1erxs y miremos que al lado nuestro hay alguien que \u00a0hace un rato estaba en la vereda de en frente y hoy estamos todos juntos. Eso nos tiene que ense\u00f1ar una cosa: ac\u00e1 est\u00e1 el pueblo, all\u00e1 est\u00e1n los delincuentes, tenemos que defender nuestra fuente de trabajo.\u201d<\/em><\/strong><\/p>\n<p><img loading=\"lazy\" decoding=\"async\" class=\"alignnone size-full wp-image-7421\" src=\"http:\/\/fmriachuelo.com.ar\/wp-content\/uploads\/2018\/07\/WhatsApp-Image-2018-07-05-at-1.27.35-PM-1.jpeg\" alt=\"\" width=\"1152\" height=\"768\" srcset=\"http:\/\/fmriachuelo.it10.com.ar\/wp-content\/uploads\/2018\/07\/WhatsApp-Image-2018-07-05-at-1.27.35-PM-1.jpeg 1152w, http:\/\/fmriachuelo.it10.com.ar\/wp-content\/uploads\/2018\/07\/WhatsApp-Image-2018-07-05-at-1.27.35-PM-1-300x200.jpeg 300w, http:\/\/fmriachuelo.it10.com.ar\/wp-content\/uploads\/2018\/07\/WhatsApp-Image-2018-07-05-at-1.27.35-PM-1-1024x683.jpeg 1024w, http:\/\/fmriachuelo.it10.com.ar\/wp-content\/uploads\/2018\/07\/WhatsApp-Image-2018-07-05-at-1.27.35-PM-1-768x512.jpeg 768w, http:\/\/fmriachuelo.it10.com.ar\/wp-content\/uploads\/2018\/07\/WhatsApp-Image-2018-07-05-at-1.27.35-PM-1-750x500.jpeg 750w, http:\/\/fmriachuelo.it10.com.ar\/wp-content\/uploads\/2018\/07\/WhatsApp-Image-2018-07-05-at-1.27.35-PM-1-1140x760.jpeg 1140w\" sizes=\"auto, (max-width: 1152px) 100vw, 1152px\" \/><\/p>\n<p>El acto finaliz\u00f3 con el discurso de \u00a0Carla \u00a0Gaudensi, Secretaria de Acci\u00f3n Social de Sipreba, que sostuvo <em><b>\u201c quiero reivindicar a los compa\u00f1eros y compa\u00f1eras de T\u00e9lam porque est\u00e1n\u00a0dando una lucha ejemplar\u00a0<\/b><\/em><i><b>(&#8230;) Esta lucha en defensa de los medios p\u00fablicos\u00a0es\u00a0<\/b><\/i><b><i>hist\u00f3rica, tenemos historia de lucha, y esta vez no va a ser la excepci\u00f3n,\u00a0 tenemos que tener paciencia y a veces cuesta, la lucha es larga, pero la victoria es nuestra.\u00bb<\/i><\/b><\/p>\n<p>&nbsp;<\/p>\n","protected":false},"excerpt":{"rendered":"<p>[FM RIACHUELO 05\/07\/2018] En el d\u00eda de hoy se realiz\u00f3 la marcha nacional de los trabajadores y trabajadoras de prensa, organizada por Sipreba para exigirle al Ministro Hern\u00e1n Lombardi la reincorporaci\u00f3n de los 357 despidos de la Agencia Nacional de Noticias T\u00e9lam. La concentraci\u00f3n comenz\u00f3 a la una de la tarde en el Obelisco y [&hellip;]<\/p>\n","protected":false},"author":5,"featured_media":7424,"comment_status":"open","ping_status":"open","sticky":false,"template":"","format":"standard","meta":{"_monsterinsights_skip_tracking":false,"_monsterinsights_sitenote_active":false,"_monsterinsights_sitenote_note":"","_monsterinsights_sitenote_category":0,"jnews-multi-image_gallery":[],"jnews_single_post":[],"jnews_primary_category":[],"_joinchat":[],"footnotes":""},"categories":[76,77,75],"tags":[],"class_list":["post-7420","post","type-post","status-publish","format-standard","has-post-thumbnail","hentry","category-salud-comunitaria","category-soberania","category-trabajo"],"_links":{"self":[{"href":"http:\/\/fmriachuelo.it10.com.ar\/index.php\/wp-json\/wp\/v2\/posts\/7420","targetHints":{"allow":["GET"]}}],"collection":[{"href":"http:\/\/fmriachuelo.it10.com.ar\/index.php\/wp-json\/wp\/v2\/posts"}],"about":[{"href":"http:\/\/fmriachuelo.it10.com.ar\/index.php\/wp-json\/wp\/v2\/types\/post"}],"author":[{"embeddable":true,"href":"http:\/\/fmriachuelo.it10.com.ar\/index.php\/wp-json\/wp\/v2\/users\/5"}],"replies":[{"embeddable":true,"href":"http:\/\/fmriachuelo.it10.com.ar\/index.php\/wp-json\/wp\/v2\/comments?post=7420"}],"version-history":[{"count":0,"href":"http:\/\/fmriachuelo.it10.com.ar\/index.php\/wp-json\/wp\/v2\/posts\/7420\/revisions"}],"wp:featuredmedia":[{"embeddable":true,"href":"http:\/\/fmriachuelo.it10.com.ar\/index.php\/wp-json\/wp\/v2\/media\/7424"}],"wp:attachment":[{"href":"http:\/\/fmriachuelo.it10.com.ar\/index.php\/wp-json\/wp\/v2\/media?parent=7420"}],"wp:term":[{"taxonomy":"category","embeddable":true,"href":"http:\/\/fmriachuelo.it10.com.ar\/index.php\/wp-json\/wp\/v2\/categories?post=7420"},{"taxonomy":"post_tag","embeddable":true,"href":"http:\/\/fmriachuelo.it10.com.ar\/index.php\/wp-json\/wp\/v2\/tags?post=7420"}],"curies":[{"name":"wp","href":"https:\/\/api.w.org\/{rel}","templated":true}]}}