{"id":7414,"date":"2018-07-05T02:10:37","date_gmt":"2018-07-05T02:10:37","guid":{"rendered":"http:\/\/fmriachuelo.com.ar\/?p=7414"},"modified":"2018-07-05T02:10:37","modified_gmt":"2018-07-05T02:10:37","slug":"lito-borello-las-organizaciones-sociales-queremos-discutir-trabajo-no-politicas-asistenciales","status":"publish","type":"post","link":"http:\/\/fmriachuelo.it10.com.ar\/index.php\/2018\/07\/05\/lito-borello-las-organizaciones-sociales-queremos-discutir-trabajo-no-politicas-asistenciales\/","title":{"rendered":"LITO BORELLO: \u201cLAS ORGANIZACIONES SOCIALES QUEREMOS DISCUTIR TRABAJO, NO POL\u00cdTICAS ASISTENCIALES\u201d"},"content":{"rendered":"<p><b>[FM RIACHUELO 04\/07\/018] Rompe el C<\/b><b>erco Informativo entrevist\u00f3 al S<\/b><b>ecretario de Derechos Humanos de la CTEP,\u00a0<\/b><b>Lito<\/b><b>\u00a0<\/b><b>Borello<\/b><b>, luego de que se haya realizado una\u00a0 reuni\u00f3n entre la Ministra de Desarrollo Social, Carolina Stanley, y los movimientos sociales. El referente expres\u00f3 su preocupaci\u00f3n respecto de las medidas del gobierno de CAMBIEMOS, que ofrecen soluciones a corto plazo y de tipo asistencial, cuando el reclamo de las organizaciones es por trabajo genuino en el marco de la econom\u00eda popular. Tambi\u00e9n critic\u00f3 el modelo de exclusi\u00f3n del gobierno de\u00a0<\/b><b>Macri<\/b><b>, que pone en peligro la paz social y la democracia.<\/b><\/p>\n<p><b>Fm Riachuelo: \u00bfQu\u00e9 se habl\u00f3 en la reuni\u00f3n con la Ministra de Desarrollo Social y qu\u00e9 an\u00e1lisis podes hacer sobre la misma?<\/b><\/p>\n<p><b>Lito<\/b><b>\u00a0<\/b><b>Borello<\/b><b>:\u00a0<\/b>-La CTEP, CCC y Barrios de Pie sacaron un comunicado en el cual ponen blanco sobre negro\u00a0la grave situaci\u00f3n en la que se\u00a0est\u00e1\u00a0poniendo a los sectores\u00a0m\u00e1s\u00a0empobrecidos de la sociedad. Situaci\u00f3n que se agrava por las pol\u00edticas implementadas por el gobierno nacional, y que van generando\u00a0m\u00e1s\u00a0desigualdades que anticipan tragedias. Por lo tanto si bien es cierto que se hizo una reuni\u00f3n en la cual participaron las organizaciones sociales y la pastoral de la iglesia, sigue quedando la sensaci\u00f3n de bronca y preocupaci\u00f3n sobre el no acusar recibo de la grave situaci\u00f3n que atraviesan los sectores populares.\u00a0Adem\u00e1s\u00a0el tema sigue estando instalado en el ministerio de desarrollo\u00a0social cuando las\u00a0organizaciones de la econom\u00eda popular queremos discutir trabajo, y no pol\u00edticas asistenciales.\u00a0Est\u00e1\u00a0claro que la situaci\u00f3n es tan grave y critica para la paz social, que es necesario que haya paliativos de tipo urgente, pero\u00a0tambi\u00e9n\u00a0es cierto que queremos discutir las cinco leyes que se\u00a0presentaron, y queremos discutir trabajo. La verdad que estamos muy preocupados porque la reuni\u00f3n no encuentra asidero en la interpretaci\u00f3n de la ministra.<\/p>\n<p><b>FMR:<\/b><b>\u00a0<\/b><b>\u00bfEstuvo presenta la propia Ministra en la reuni\u00f3n?<\/b><\/p>\n<p><b>LB:-<\/b>La reuni\u00f3n\u00a0fue\u00a0con la ministra Stanley\u00a0y sus asistentes.\u00a0No es que le falte estatura al \u00e1mbito que discute, pero es algo ya\u00a0remanido\u00a0en el gobierno nacional,\u00a0que habla mucho de dialogo\u00a0pero aparecen pocas soluciones. En\u00a0los\u00a0territorios el hambre\u00a0est\u00e1\u00a0creciendo, en las escuelas los comedores est\u00e1n acusando una situaci\u00f3n\u00a0que\u00a0los maestros\u00a0ya\u00a0no saben\u00a0c\u00f3mo\u00a0paliar y el encarecimiento de las condiciones de vida\u00a0m\u00e1s\u00a0b\u00e1sicas y urgentes, las\u00a0padecemos\u00a0d\u00eda\u00a0tras\u00a0d\u00eda. Sin embargo la discusi\u00f3n no avanza en el sentido y urgencia que tendr\u00eda que avanzar.<\/p>\n<p><b>FMR:\u00a0<\/b><b>\u00bf<\/b><b>Q<\/b><b>u\u00e9<\/b><b>\u00a0lectura haces de este gesto de dialogo que tiene el gobierno con las organizaciones sociales,\u00a0<\/b><b>que no tiene con otros sectores?<\/b><\/p>\n<p><b>LB:-<\/b>La sensaci\u00f3n es que no les parece importante lo que se\u00a0est\u00e1\u00a0anidando en nuestro pueblo. No les interesa saber que est\u00e1n llevando al tren a chocar de frente.\u00a0Est\u00e1\u00a0claro que las organizaciones gremiales\u00a0y sociales\u00a0tenemos que tener\u00a0una vocaci\u00f3n de dialogo para encontrar soluciones, pero parece que es un gobierno sordo. Hay reclamos todos los d\u00edas de punta a punta del pa\u00eds y de distintos sectores que vienen mostrando el padecimiento de nuestro\u00a0pueblo, y ni hablar de la lamentable relaci\u00f3n con el FMI, que es muy conocida por todos y sabemos que ser\u00e1 perjudicial para la\u00a0naci\u00f3n\u00a0y sin embargo, siguen como si nada. Uno podr\u00eda pensar que no lo ven o se equivocan. La verdad es que queda poco espacio para imaginar con ese nivel de ingenuidad. Evidentemente es el contenido pol\u00edtico e\u00a0ideol\u00f3gico\u00a0de este gobierno para pocos. Tienen un proyecto\u00a0para una argentina muy chiquita.<\/p>\n<p><b>FMR:\u00a0<\/b><b>Hay cinco leyes que se presentaron desde los movimientos sociales en la marcha federal<\/b><b>;\u00a0<\/b><b>integraci\u00f3n urbana, emergencia alimentaria, acceso a la tier<\/b><b>r<\/b><b>a, cupo en obra\u00a0<\/b><b>p\u00fablica<\/b><b>\u00a0comunitaria y emergencia en adicciones. \u00bf<\/b><b>C\u00f3mo<\/b><b>\u00a0se encaminan esas leyes, que discuten cambios estructurales y no paliativos como propone el gobierno?<\/b><\/p>\n<p><b>LB:-<\/b>Est\u00e1n\u00a0haciendo cambios que generan cada vez\u00a0m\u00e1s\u00a0\u00a0concentraci\u00f3n en pocas manos tanto de la riqueza como del poder,\u00a0est\u00e1n llev\u00e1ndonos a un pa\u00eds para los pocos poderosos, a costa del hambre y del perjuicio para nuestra patria. Y no es que no saben o no se dan cuenta, ese es el modelo, los intereses que ellos defienden y lo que\u00a0vienen\u00a0a hacer. Y ni paliativos est\u00e1n dando. Por eso la preocupaci\u00f3n que tenemos\u00a0es\u00a0que se\u00a0est\u00e1\u00a0poniendo en riesgo la paz social y hasta la democracia con estos niveles de desigualdad\u00a0que est\u00e1n generando sus pol\u00edticas.<\/p>\n<p><b>FMR:\u00a0<\/b><b>A esto se suman los despidos en el sector formal, que pasan a engrosar las filas de la econom\u00eda popular<\/b><b>.<\/b><\/p>\n<p><b>LB:-<\/b>Pareciera que todo lo van a querer solucionar con peque\u00f1as medidas de corte social. Pero ni eso alcanza. Los comedores y merenderos no dan abasto. En los barrios cada vez\u00a0m\u00e1s gente viene a pedir que se ampl\u00eden los cupos para alimentos, y esto a la vez no nos da la posibilidad de discutir trabajo de la econom\u00eda popular. Venimos plante\u00e1ndoles la necesidad de generar toda una l\u00ednea de trabajo, de alimentos producidos desde\u00a0la\u00a0econom\u00eda\u00a0popular y no est\u00e1n haciendo caso a este reclamo. Cada vez quedan menos expectativas y queda\u00a0m\u00e1s\u00a0claro que la calle la protesta y la lucha son las \u00fanicas que pueden conquistar una situaci\u00f3n distinta para nuestro pueblo.<\/p>\n","protected":false},"excerpt":{"rendered":"<p>[FM RIACHUELO 04\/07\/018] Rompe el Cerco Informativo entrevist\u00f3 al Secretario de Derechos Humanos de la CTEP,\u00a0Lito\u00a0Borello, luego de que se haya realizado una\u00a0 reuni\u00f3n entre la Ministra de Desarrollo Social, Carolina Stanley, y los movimientos sociales. El referente expres\u00f3 su preocupaci\u00f3n respecto de las medidas del gobierno de CAMBIEMOS, que ofrecen soluciones a corto plazo [&hellip;]<\/p>\n","protected":false},"author":5,"featured_media":7415,"comment_status":"open","ping_status":"open","sticky":false,"template":"","format":"standard","meta":{"_monsterinsights_skip_tracking":false,"_monsterinsights_sitenote_active":false,"_monsterinsights_sitenote_note":"","_monsterinsights_sitenote_category":0,"jnews-multi-image_gallery":[],"jnews_single_post":[],"jnews_primary_category":[],"_joinchat":[],"footnotes":""},"categories":[76],"tags":[],"class_list":["post-7414","post","type-post","status-publish","format-standard","has-post-thumbnail","hentry","category-salud-comunitaria"],"_links":{"self":[{"href":"http:\/\/fmriachuelo.it10.com.ar\/index.php\/wp-json\/wp\/v2\/posts\/7414","targetHints":{"allow":["GET"]}}],"collection":[{"href":"http:\/\/fmriachuelo.it10.com.ar\/index.php\/wp-json\/wp\/v2\/posts"}],"about":[{"href":"http:\/\/fmriachuelo.it10.com.ar\/index.php\/wp-json\/wp\/v2\/types\/post"}],"author":[{"embeddable":true,"href":"http:\/\/fmriachuelo.it10.com.ar\/index.php\/wp-json\/wp\/v2\/users\/5"}],"replies":[{"embeddable":true,"href":"http:\/\/fmriachuelo.it10.com.ar\/index.php\/wp-json\/wp\/v2\/comments?post=7414"}],"version-history":[{"count":0,"href":"http:\/\/fmriachuelo.it10.com.ar\/index.php\/wp-json\/wp\/v2\/posts\/7414\/revisions"}],"wp:featuredmedia":[{"embeddable":true,"href":"http:\/\/fmriachuelo.it10.com.ar\/index.php\/wp-json\/wp\/v2\/media\/7415"}],"wp:attachment":[{"href":"http:\/\/fmriachuelo.it10.com.ar\/index.php\/wp-json\/wp\/v2\/media?parent=7414"}],"wp:term":[{"taxonomy":"category","embeddable":true,"href":"http:\/\/fmriachuelo.it10.com.ar\/index.php\/wp-json\/wp\/v2\/categories?post=7414"},{"taxonomy":"post_tag","embeddable":true,"href":"http:\/\/fmriachuelo.it10.com.ar\/index.php\/wp-json\/wp\/v2\/tags?post=7414"}],"curies":[{"name":"wp","href":"https:\/\/api.w.org\/{rel}","templated":true}]}}