{"id":7403,"date":"2018-07-02T21:02:28","date_gmt":"2018-07-02T21:02:28","guid":{"rendered":"http:\/\/fmriachuelo.com.ar\/?p=7403"},"modified":"2018-07-02T21:02:28","modified_gmt":"2018-07-02T21:02:28","slug":"conferencia-contra-los-despidos-en-telam","status":"publish","type":"post","link":"http:\/\/fmriachuelo.it10.com.ar\/index.php\/2018\/07\/02\/conferencia-contra-los-despidos-en-telam\/","title":{"rendered":"CONFERENCIA  CONTRA LOS DESPIDOS EN  T\u00c9LAM"},"content":{"rendered":"<p><strong>[FM Riachuelo 02\/07\/2018] Con motivo de los 357 despidos en la Agencia Nacional de T\u00e9lam, en el d\u00eda de hoy lxs trabajadorxs brindaron una conferencia de prensa para visibilizar el vaciamiento de la agencia; el desguace de las secciones period\u00edsticas, de publicidad y el cierre del sector de corresponsal\u00edas. <\/strong><\/p>\n<p>La conferencia realizada por lxs trabajadorxs se llev\u00f3 a cabo en la sede \u00a0de Avenida Belgrano 347, sala Rodolfo Walsh. Participaron medios internacionales, nacionales, alternativos y tambi\u00e9n solidariz\u00e1ndose con los trabajadores despedidos,Sergio Maldonado junto a Norita Corti\u00f1as, Madres de Plaza de Mayo L\u00ednea Fundadora,quien fue recibida con un efusivo aplauso.<\/p>\n<p><img loading=\"lazy\" decoding=\"async\" class=\"wp-image-7406 size-large aligncenter\" src=\"http:\/\/fmriachuelo.com.ar\/wp-content\/uploads\/2018\/07\/WhatsApp-Image-2018-07-02-at-2.14.23-PM-1-1024x768.jpeg\" alt=\"\" width=\"640\" height=\"480\" srcset=\"http:\/\/fmriachuelo.it10.com.ar\/wp-content\/uploads\/2018\/07\/WhatsApp-Image-2018-07-02-at-2.14.23-PM-1-1024x768.jpeg 1024w, http:\/\/fmriachuelo.it10.com.ar\/wp-content\/uploads\/2018\/07\/WhatsApp-Image-2018-07-02-at-2.14.23-PM-1-300x225.jpeg 300w, http:\/\/fmriachuelo.it10.com.ar\/wp-content\/uploads\/2018\/07\/WhatsApp-Image-2018-07-02-at-2.14.23-PM-1-768x576.jpeg 768w, http:\/\/fmriachuelo.it10.com.ar\/wp-content\/uploads\/2018\/07\/WhatsApp-Image-2018-07-02-at-2.14.23-PM-1-750x563.jpeg 750w, http:\/\/fmriachuelo.it10.com.ar\/wp-content\/uploads\/2018\/07\/WhatsApp-Image-2018-07-02-at-2.14.23-PM-1.jpeg 1040w\" sizes=\"auto, (max-width: 640px) 100vw, 640px\" \/><\/p>\n<p>La conferencia de prensa estuvo a cargo de los representantes del sindicato de Sipreba y Sitrapren, que coincidieron en que las pol\u00edticas que lleva a cabo el gobierno macrista\u00a0 representan el ajuste y el hambre de la clase trabajadora.<\/p>\n<p>Mar\u00eda Laura Da Silva del sindicato de Sipreba remarc\u00f3,<em><strong> \u201cestamos frente a un plan del gobierno nacional, \u00a0una pol\u00edtica comunicacional de desaparici\u00f3n de todos los medios y trabajadores y trabajadoras de prensa que piensan distinto a este gobierno. \u00a0No es una casualidad el argumento que esgrime Rodolfo Pous\u00e1 y Hern\u00e1n Lombardi de que cada uno de nosotros tenemos un color pol\u00edtico. En buena hora que cada uno de nosotros tiene una pertenencia pol\u00edtica, as\u00ed como la tienen ellos tambi\u00e9n. Pero su pol\u00edtica es la de desaparecer a todo aquel que piense distinto.\u201d<\/strong><\/em><\/p>\n<p>Este martes a las 18:30\u00a0 en el Congreso de la Naci\u00f3n\u00a0 se realizar\u00e1 una reuni\u00f3n conjunta de la Comisi\u00f3n de Legislaci\u00f3n del Trabajo, Comisi\u00f3n de Libertad de Expresi\u00f3n y Comisi\u00f3n de Comunicaciones para interpelar al Ministro Hern\u00e1n Lombardi, Titular del Sistema Federal de Medios P\u00fablicos.<\/p>\n<p>El \u00a0jueves a la 13 hs se convoc\u00f3 a una gran <strong>MARCHA NACIONAL DE PRENSA<\/strong>\u00a0que comenzar\u00e1 en el Obelisco hasta el edificio del Centro Cultural Kirchner, Sarmiento 151, con la participaci\u00f3n de todos los sindicatos de prensa del pa\u00eds, y los compa\u00f1eros \u00a0de medios p\u00fablicos y privados que se encuentran en conflicto.<\/p>\n","protected":false},"excerpt":{"rendered":"<p>[FM Riachuelo 02\/07\/2018] Con motivo de los 357 despidos en la Agencia Nacional de T\u00e9lam, en el d\u00eda de hoy lxs trabajadorxs brindaron una conferencia de prensa para visibilizar el vaciamiento de la agencia; el desguace de las secciones period\u00edsticas, de publicidad y el cierre del sector de corresponsal\u00edas. La conferencia realizada por lxs trabajadorxs [&hellip;]<\/p>\n","protected":false},"author":5,"featured_media":7410,"comment_status":"open","ping_status":"open","sticky":false,"template":"","format":"standard","meta":{"_monsterinsights_skip_tracking":false,"_monsterinsights_sitenote_active":false,"_monsterinsights_sitenote_note":"","_monsterinsights_sitenote_category":0,"jnews-multi-image_gallery":[],"jnews_single_post":[],"jnews_primary_category":[],"_joinchat":[],"footnotes":""},"categories":[78,76,77,75],"tags":[],"class_list":["post-7403","post","type-post","status-publish","format-standard","has-post-thumbnail","hentry","category-economia-popular","category-salud-comunitaria","category-soberania","category-trabajo"],"_links":{"self":[{"href":"http:\/\/fmriachuelo.it10.com.ar\/index.php\/wp-json\/wp\/v2\/posts\/7403","targetHints":{"allow":["GET"]}}],"collection":[{"href":"http:\/\/fmriachuelo.it10.com.ar\/index.php\/wp-json\/wp\/v2\/posts"}],"about":[{"href":"http:\/\/fmriachuelo.it10.com.ar\/index.php\/wp-json\/wp\/v2\/types\/post"}],"author":[{"embeddable":true,"href":"http:\/\/fmriachuelo.it10.com.ar\/index.php\/wp-json\/wp\/v2\/users\/5"}],"replies":[{"embeddable":true,"href":"http:\/\/fmriachuelo.it10.com.ar\/index.php\/wp-json\/wp\/v2\/comments?post=7403"}],"version-history":[{"count":0,"href":"http:\/\/fmriachuelo.it10.com.ar\/index.php\/wp-json\/wp\/v2\/posts\/7403\/revisions"}],"wp:featuredmedia":[{"embeddable":true,"href":"http:\/\/fmriachuelo.it10.com.ar\/index.php\/wp-json\/wp\/v2\/media\/7410"}],"wp:attachment":[{"href":"http:\/\/fmriachuelo.it10.com.ar\/index.php\/wp-json\/wp\/v2\/media?parent=7403"}],"wp:term":[{"taxonomy":"category","embeddable":true,"href":"http:\/\/fmriachuelo.it10.com.ar\/index.php\/wp-json\/wp\/v2\/categories?post=7403"},{"taxonomy":"post_tag","embeddable":true,"href":"http:\/\/fmriachuelo.it10.com.ar\/index.php\/wp-json\/wp\/v2\/tags?post=7403"}],"curies":[{"name":"wp","href":"https:\/\/api.w.org\/{rel}","templated":true}]}}