{"id":7395,"date":"2018-06-27T21:46:58","date_gmt":"2018-06-27T21:46:58","guid":{"rendered":"http:\/\/fmriachuelo.com.ar\/?p=7395"},"modified":"2018-06-27T21:46:58","modified_gmt":"2018-06-27T21:46:58","slug":"exigen-reincorporacion-de-los-despedidos-de-telam","status":"publish","type":"post","link":"http:\/\/fmriachuelo.it10.com.ar\/index.php\/2018\/06\/27\/exigen-reincorporacion-de-los-despedidos-de-telam\/","title":{"rendered":"EXIGEN REINCORPORACI\u00d3N DE LOS DESPEDIDOS DE TELAM"},"content":{"rendered":"<p><strong>[FM Riachuelo 27\/06\/2018] <\/strong>En la tarde de hoy las trabajadoras y los trabajadores de T\u00e9lam, (Agencia P\u00fablica de Noticias), convocados por el Sindicato de Prensa de Buenos Aires (Sipreba) y el Sindicato de Trabajadores de Prensa (Sitrapren), y con el acompa\u00f1amiento de diferentes actores de la comunicaci\u00f3n, pol\u00edticos y sindicales \u00a0realizaron una movilizaci\u00f3n en reclamo y repudio por los 354 despidos.<\/p>\n<p>Lxs trabajadorxs se concentraron en Av. Belgrano y Paseo col\u00f3n frente a uno de los edificios de T\u00e9lam, para marchar al Centro Cultural Kirchner, donde exigieron una reuni\u00f3n con Hern\u00e1n Lombardi, titular del Sistema Federal de Medios.<\/p>\n<p>La respuesta oficial fue un desmesurado operativo represivo de las fuerzas de seguridad de la Ciudad e Infanter\u00eda con el claro objetivo de intimidar y amedrentar a lxs trabajadorxs, quienes contin\u00faan la resistencia y la lucha por \u00a0la reincorporaci\u00f3n de los despedidos ocupando pac\u00edficamente las dos sedes de la agencia de Noticias T\u00e9lam.<\/p>\n<p><img loading=\"lazy\" decoding=\"async\" class=\"alignnone wp-image-7398 size-large\" src=\"http:\/\/fmriachuelo.com.ar\/wp-content\/uploads\/2018\/06\/WhatsApp-Image-2018-06-27-at-16.04.59-1024x683.jpeg\" alt=\"\" width=\"640\" height=\"427\" \/><\/p>\n<p>La agencia de noticias se encuentra \u00a0en paro total de actividades y con la ocupaci\u00f3n y permanencia pac\u00edfica de sus dos sedes en Buenos Aires. El ministro Hern\u00e1n Lombardi anunci\u00f3 por los medios de comunicaci\u00f3n 354 despidos por \u201cre-estructuraci\u00f3n empresaria\u201d<\/p>\n<p>FM Riachuelo estuvo presente en solidaridad con lxs despedidos, y hablo con Ra\u00fal Ferrari, delegado de la Comisi\u00f3n interna de Sipreba, quien dijo<strong><em>: \u201cQue es una situaci\u00f3n perversa\u201d. <\/em><\/strong>Y agreg\u00f3,<strong><em> \u201cEl gobierno quiere imponer terror y tener una agencia al servicio de ellos\u201d.<\/em><\/strong><\/p>\n<p>Uno de los trabajadores despedidos de T\u00e9lam, Fernando Pailhe, sostuvo <em>que<\/em><strong><em> \u201cpara el gobierno es una virtud, dejar a la gente sin laburo\u201d<\/em><\/strong> tomando como referencia el telegrama que recibi\u00f3, cuyo texto comenzaba con la frase \u201cen virtud de la re-estructuraci\u00f3n\u2026\u201d, lo dejan sin trabajo.<\/p>\n<p>La movilizaci\u00f3n se desarrollo por Av. Paseo Col\u00f3n hasta el CCK donde se resolvi\u00f3 cortar la Av. Corrientes y Alem para seguir con el reclamo y exigir la reincorporaci\u00f3n de los 354 compa\u00f1eros.<\/p>\n<p>Mar\u00eda del Carmen Verd\u00fa, referente de la Coodinadora contra la Represi\u00f3n Institucional\u00a0 y Policial (Correpi), expres\u00f3 la solidaridad de acompa\u00f1ar a lxs trabajadorxs de prensa y afirm\u00f3 \u00a0\u201cNo es lo mismo, no nos da igual que est\u00e9n o que no est\u00e9n ustedes en la calle, cuando nos movilizamos, cuando necesitamos \u00a0sus materiales para poder reconstruir lo que paso durante un hecho represivo, para poder difundir el pibe muerto por el gatillo f\u00e1cil todos los d\u00edas\u201d. Y reiter\u00f3, \u00a0\u201cSin los trabajadorxs de prensa, sin los medios p\u00fablicos, eso nosotros no lo podemos hacer\u201d.<\/p>\n<p>&nbsp;<\/p>\n","protected":false},"excerpt":{"rendered":"<p>[FM Riachuelo 27\/06\/2018] En la tarde de hoy las trabajadoras y los trabajadores de T\u00e9lam, (Agencia P\u00fablica de Noticias), convocados por el Sindicato de Prensa de Buenos Aires (Sipreba) y el Sindicato de Trabajadores de Prensa (Sitrapren), y con el acompa\u00f1amiento de diferentes actores de la comunicaci\u00f3n, pol\u00edticos y sindicales \u00a0realizaron una movilizaci\u00f3n en reclamo [&hellip;]<\/p>\n","protected":false},"author":5,"featured_media":7396,"comment_status":"open","ping_status":"open","sticky":false,"template":"","format":"standard","meta":{"_monsterinsights_skip_tracking":false,"_monsterinsights_sitenote_active":false,"_monsterinsights_sitenote_note":"","_monsterinsights_sitenote_category":0,"jnews-multi-image_gallery":[],"jnews_single_post":[],"jnews_primary_category":[],"_joinchat":[],"footnotes":""},"categories":[78,76,77,75],"tags":[],"class_list":["post-7395","post","type-post","status-publish","format-standard","has-post-thumbnail","hentry","category-economia-popular","category-salud-comunitaria","category-soberania","category-trabajo"],"_links":{"self":[{"href":"http:\/\/fmriachuelo.it10.com.ar\/index.php\/wp-json\/wp\/v2\/posts\/7395","targetHints":{"allow":["GET"]}}],"collection":[{"href":"http:\/\/fmriachuelo.it10.com.ar\/index.php\/wp-json\/wp\/v2\/posts"}],"about":[{"href":"http:\/\/fmriachuelo.it10.com.ar\/index.php\/wp-json\/wp\/v2\/types\/post"}],"author":[{"embeddable":true,"href":"http:\/\/fmriachuelo.it10.com.ar\/index.php\/wp-json\/wp\/v2\/users\/5"}],"replies":[{"embeddable":true,"href":"http:\/\/fmriachuelo.it10.com.ar\/index.php\/wp-json\/wp\/v2\/comments?post=7395"}],"version-history":[{"count":0,"href":"http:\/\/fmriachuelo.it10.com.ar\/index.php\/wp-json\/wp\/v2\/posts\/7395\/revisions"}],"wp:featuredmedia":[{"embeddable":true,"href":"http:\/\/fmriachuelo.it10.com.ar\/index.php\/wp-json\/"}],"wp:attachment":[{"href":"http:\/\/fmriachuelo.it10.com.ar\/index.php\/wp-json\/wp\/v2\/media?parent=7395"}],"wp:term":[{"taxonomy":"category","embeddable":true,"href":"http:\/\/fmriachuelo.it10.com.ar\/index.php\/wp-json\/wp\/v2\/categories?post=7395"},{"taxonomy":"post_tag","embeddable":true,"href":"http:\/\/fmriachuelo.it10.com.ar\/index.php\/wp-json\/wp\/v2\/tags?post=7395"}],"curies":[{"name":"wp","href":"https:\/\/api.w.org\/{rel}","templated":true}]}}