{"id":739,"date":"2015-02-03T01:25:00","date_gmt":"2015-02-03T01:25:00","guid":{"rendered":"http:\/\/fmriachuelo.observatorioess.org.ar\/index.php\/2015\/02\/03\/solidaridad-con-los-militantes-del-mpr-quebracho-y-los-luchadores-sociales-acusados\/"},"modified":"2025-03-25T16:58:42","modified_gmt":"2025-03-25T19:58:42","slug":"solidaridad-con-los-militantes-del-mpr-quebracho-y-los-luchadores-sociales-acusados","status":"publish","type":"post","link":"http:\/\/fmriachuelo.it10.com.ar\/index.php\/2015\/02\/03\/solidaridad-con-los-militantes-del-mpr-quebracho-y-los-luchadores-sociales-acusados\/","title":{"rendered":"SOLIDARIDAD CON LOS MILITANTES DEL MPR QUEBRACHO Y LOS LUCHADORES SOCIALES ACUSADOS"},"content":{"rendered":"<div style=\"line-height: normal;margin: 0cm 0cm 0pt;text-align: center\"><span style=\"color: red;font-family: verdana, sans-serif;font-size: x-large\"><b>SI TOCAN A UNO, NOS TOCAN A TODOS<\/b><\/span><\/div>\n<p><span style=\"font-family: Verdana, sans-serif\">[FMR Lunes 02\/02\/15] El Movimiento Patri\u00f3tico Revolucionario Quebracho ha publicado un comunicado el 26 de enero pasado en relaci\u00f3n a la denuncia del fiscal Nisman y su posterior muerte. En el mismo se desmiente cualquier tipo de vinculaci\u00f3n de las organizaciones sociales, sus dirigentes y el gobierno nacional con maniobras de encubrimiento respecto del caso AMIA. Involucrar al militante popular Fernando Esteche, y en su persona al conjunto de la militancia popular, con escuchas il\u00edcitas de personas sin orden judicial, es parte de un ataque a la soberan\u00eda, a la independencia, a la credibilidad y gobernabilidad de la Naci\u00f3n y sus instituciones, -agrega el comunicado.<\/span><span style=\"font-family: verdana, sans-serif\"><\/span><\/p>\n<div style=\"text-align: center\"><span style=\"font-family: verdana, sans-serif\">&nbsp;<\/span><\/div>\n<p><span style=\"font-family: verdana, sans-serif\"><\/p>\n<div style=\"line-height: normal;margin: 0cm 0cm 0pt;text-align: left\"><span style=\"color: black\">&nbsp;En solidaridad con los compa\u00f1eros estigmatizados por la denuncia de Nisman, <\/span><b><span style=\"color: red\">FM Riachuelo<\/span><\/b><span style=\"color: black\"> adem\u00e1s de publicar el <\/span><b><span style=\"color: #0b5394\"><a href=\"http:\/\/www.fmriachuelo.com.ar\/2015\/01\/movimiento-patriotico-revolucionario.html#more\" rel=\"nofollow noopener\" target=\"_parent\">comunicado del MPR Quebracho<\/a><\/span><\/b><span style=\"color: black\"> en nuestro sitio,&nbsp;<\/span><span style=\"color: black\">dialog\u00f3 con el dirigente de la&nbsp;<b>Organizaci\u00f3n Social y Pol\u00edtica Los Pibes, Lito Borello.<\/b><\/span><\/div>\n<div style=\"color: black;text-align: center\"><\/div>\n<div style=\"color: black;line-height: normal;margin: 0cm 0cm 0pt;text-align: left\">La muerte del fiscal parece ser la expresi\u00f3n mafiosa que introduce a un muerto en la disputa por el poder, se\u00f1al\u00f3 Borello. Tambi\u00e9n aparece como un l\u00edmite en la posibilidad de interpretar los acontecimientos de un modo pol\u00edtico: discusiones y debates infinitos con conjeturas, opiniones y falsas informaciones destinadas a sembrar la confusi\u00f3n.<\/div>\n<div style=\"color: black;line-height: normal;margin: 0cm 0cm 0pt;text-align: center\">&nbsp;<\/div>\n<p><span style=\"color: black\"><\/p>\n<div style=\"line-height: normal;margin: 0cm 0cm 0pt;text-align: left\">La investigaci\u00f3n de la causa AMIA desde el principio fue utilizada por el poder dominante para inculpar a quien necesitaba. La responsabilidad de Ir\u00e1n en el atentado nunca fue comprobada. Una serie de testigos falsos preparados por la inteligencia norteamericana e israel\u00ed, tomados obsecuentemente por los servicios locales y la connivencia del poder judicial, fueron dejando claro el objetivo geopol\u00edtico del poder dominante de terminar con el gobierno de Ir\u00e1n.<\/div>\n<div style=\"line-height: normal;margin: 0cm 0cm 0pt;text-align: left\"><\/div>\n<div style=\"line-height: normal;margin: 0cm 0cm 0pt;text-align: left\">Esto recrudece y se coloca en primer plano cuando los pueblos que se oponen al imperialismo se unen, a pesar de sus diferencias, ante un enemigo com\u00fan. Pas\u00f3 con Siria, que luego de su acercamiento a los pa\u00edses de Nuestram\u00e9rica padeci\u00f3 la intensificaci\u00f3n de la guerra interna.<\/div>\n<div style=\"line-height: normal;margin: 0cm 0cm 0pt;text-align: left\"><\/div>\n<div style=\"line-height: normal;margin: 0cm 0cm 0pt;text-align: left\">El Coordinador Nacional de O.S.y P. Los Pibes hizo referencia a la profunda crisis civilizatoria del capitalismo en la que nos encontramos y que ha desatado una ofensiva contra los pa\u00edses de Nuestram\u00e9rica que han encontrado otros recursos y modos de organizaci\u00f3n para enfrentarla.&nbsp;<\/div>\n<div style=\"line-height: normal;margin: 0cm 0cm 0pt;text-align: left\"><\/div>\n<p><\/span><\/p>\n<div style=\"color: black;line-height: normal;margin: 0cm 0cm 0pt;text-align: left\"> <span style=\"line-height: 115%\">En relaci\u00f3n al rol de la comunicaci\u00f3n popular se\u00f1al\u00f3 la importancia de no caer en debates est\u00e9riles y opiniones f\u00e1ciles en los t\u00e9rminos que propone el poder f\u00e1ctico. <\/span><span style=\"line-height: 115%\">La lectura de la realidad tal como&nbsp;es presentada por los medios hegem\u00f3nicos parece estar destinada a la <b>confusi\u00f3n y distracci\u00f3n,&nbsp;\u201cel ruido medi\u00e1tico\u201d&nbsp;<\/b>que desv\u00eda<b>.<\/b>&nbsp;El objetivo de la operaci\u00f3n es&nbsp;desprestigiar y romper los lazos entre el pueblo organizado para poner en crisis la conducci\u00f3n pol\u00edtica y quebrar la voluntad de lucha que tenazmente viene resistiendo a la ofensiva de restauraci\u00f3n neoconservadora.<\/span><\/div>\n<p><span style=\"line-height: 115%\"><\/span><\/p>\n<div style=\"color: black;line-height: normal;margin: 0cm 0cm 0pt;text-align: left\">&nbsp;<\/div>\n<p><span style=\"line-height: 115%\"><\/p>\n<div style=\"color: black;line-height: normal;margin: 0cm 0cm 0pt;text-align: left\">&nbsp;<\/div>\n<div style=\"color: black;line-height: normal;margin: 0cm 0cm 0pt;text-align: left\">&nbsp;<\/div>\n<div style=\"color: black;line-height: normal;margin: 0cm 0cm 0pt;text-align: left\">Para finalizar, como referente de la organizaci\u00f3n social que representa, Borello&nbsp;manifest\u00f3 su m\u00e1s en\u00e9rgico&nbsp;<b>repudio frente al ataque a los militantes populares<\/b>&nbsp;y a los valores que representan, con los cuales se solidariza.&nbsp;Fernado Esteche, Luis D`Elia y&nbsp;Yussuf Khalil son ante todo militantes sociales que con distintos matices luchan por un mundo mejor, afirm\u00f3.<\/div>\n<div style=\"color: black;line-height: normal;margin: 0cm 0cm 0pt;text-align: center\"><\/div>\n<div style=\"line-height: normal;margin: 0cm 0cm 0pt;text-align: center\"><span style=\"color: black\">A continuaci\u00f3n se puede escuchar un extracto del extenso dialogo en los estudios de <\/span><strong><span style=\"color: red\">FM Riachuelo<\/span> <\/strong><span style=\"color: black\">con <\/span><\/div>\n<div style=\"line-height: normal;margin: 0cm 0cm 0pt;text-align: center\"><span style=\"color: #0b5394\"><a href=\"http:\/\/www.mediafire.com\/listen\/0m0ep9blbr4oht6\/BORELLO_-SOLIDARIDAD_LOS_PIBES_CON_ESTECHE.mp3\" rel=\"nofollow noopener\" target=\"_parent\"><strong>LITO BORELLO<\/strong>&nbsp;<\/a>&nbsp; <\/span><\/div>\n<div style=\"color: black;line-height: normal;margin: 0cm 0cm 0pt;text-align: center\">Coordinador Nacional de la Organizaci\u00f3n Social y Pol\u00edtica Los Pibes<a href=\"http:\/\/www.mediafire.com\/listen\/hsa9bs4l2zmzr72\/lito-nissman.mp3\" rel=\"nofollow noopener\" target=\"_parent\"><\/a><\/div>\n<div style=\"color: black;line-height: normal;margin: 0cm 0cm 0pt;text-align: center\"><\/div>\n<p><\/span><\/p>\n<div style=\"line-height: normal;margin: 0cm 0cm 0pt;text-align: center\"><span style=\"line-height: 115%\"> <\/span><\/div>\n<div style=\"color: black;text-align: center\"><\/div>\n<p><\/span><\/p>\n","protected":false},"excerpt":{"rendered":"<p>SI TOCAN A UNO, NOS TOCAN A TODOS [FMR Lunes 02\/02\/15] El Movimiento Patri\u00f3tico Revolucionario Quebracho ha publicado un comunicado el 26 de enero pasado en relaci\u00f3n a la denuncia del fiscal Nisman y su posterior muerte. En el mismo se desmiente cualquier tipo de vinculaci\u00f3n de las organizaciones sociales, sus dirigentes y el gobierno [&hellip;]<\/p>\n","protected":false},"author":4,"featured_media":0,"comment_status":"open","ping_status":"open","sticky":false,"template":"","format":"standard","meta":{"_monsterinsights_skip_tracking":false,"_monsterinsights_sitenote_active":false,"_monsterinsights_sitenote_note":"","_monsterinsights_sitenote_category":0,"jnews-multi-image_gallery":[],"jnews_single_post":{"format":"standard"},"jnews_primary_category":[],"_joinchat":[],"footnotes":""},"categories":[58],"tags":[122,157],"class_list":["post-739","post","type-post","status-publish","format-standard","hentry","category-noticiariachuelo","tag-derecho-a-la-protesta-social","tag-nadie-se-salva-solo"],"_links":{"self":[{"href":"http:\/\/fmriachuelo.it10.com.ar\/index.php\/wp-json\/wp\/v2\/posts\/739","targetHints":{"allow":["GET"]}}],"collection":[{"href":"http:\/\/fmriachuelo.it10.com.ar\/index.php\/wp-json\/wp\/v2\/posts"}],"about":[{"href":"http:\/\/fmriachuelo.it10.com.ar\/index.php\/wp-json\/wp\/v2\/types\/post"}],"author":[{"embeddable":true,"href":"http:\/\/fmriachuelo.it10.com.ar\/index.php\/wp-json\/wp\/v2\/users\/4"}],"replies":[{"embeddable":true,"href":"http:\/\/fmriachuelo.it10.com.ar\/index.php\/wp-json\/wp\/v2\/comments?post=739"}],"version-history":[{"count":1,"href":"http:\/\/fmriachuelo.it10.com.ar\/index.php\/wp-json\/wp\/v2\/posts\/739\/revisions"}],"predecessor-version":[{"id":22507,"href":"http:\/\/fmriachuelo.it10.com.ar\/index.php\/wp-json\/wp\/v2\/posts\/739\/revisions\/22507"}],"wp:attachment":[{"href":"http:\/\/fmriachuelo.it10.com.ar\/index.php\/wp-json\/wp\/v2\/media?parent=739"}],"wp:term":[{"taxonomy":"category","embeddable":true,"href":"http:\/\/fmriachuelo.it10.com.ar\/index.php\/wp-json\/wp\/v2\/categories?post=739"},{"taxonomy":"post_tag","embeddable":true,"href":"http:\/\/fmriachuelo.it10.com.ar\/index.php\/wp-json\/wp\/v2\/tags?post=739"}],"curies":[{"name":"wp","href":"https:\/\/api.w.org\/{rel}","templated":true}]}}