{"id":7384,"date":"2018-06-26T23:35:21","date_gmt":"2018-06-26T23:35:21","guid":{"rendered":"http:\/\/fmriachuelo.com.ar\/?p=7384"},"modified":"2018-06-26T23:35:21","modified_gmt":"2018-06-26T23:35:21","slug":"a-16-anos-del-asesinato-de-maxi-y-dario-las-organizaciones-populares-se-movilizaron-al-puente-pueyrredon","status":"publish","type":"post","link":"http:\/\/fmriachuelo.it10.com.ar\/index.php\/2018\/06\/26\/a-16-anos-del-asesinato-de-maxi-y-dario-las-organizaciones-populares-se-movilizaron-al-puente-pueyrredon\/","title":{"rendered":"A 16 A\u00d1OS DEL ASESINATO DE MAXI Y DARIO, LAS ORGANIZACIONES POPULARES SE MOVILIZARON AL PUENTE PUEYRREDON."},"content":{"rendered":"<p><strong>{FM Riachuelo, 26 \/06\/2018} Hoy se hicieron presentes en la movilizaci\u00f3n a 16 a\u00f1os del asesinato de Maximiliano Kosteki y Dar\u00edo Santill\u00e1n, a mano de fuerzas represivas del gobierno, organizaciones sociales y pol\u00edticas, que acompa\u00f1aron multitudinariamente desde la estaci\u00f3n Maxi y Dar\u00edo, hasta el escenario montado sobre el Puente Pueyrred\u00f2n, a sus familiares y a los referentes de Organizaciones Populares, quienes encabezaron la marcha.<\/strong><\/p>\n<p>La Organizaci\u00f3n social y Pol\u00edtica Los Pibes, la FM Riachuelo, la Casa Popular El Fog\u00f3n, y los Cartoneros de la Boca\u00a0 encolumnados junto a la Confederaci\u00f3n de los Trabajadores de la Econom\u00eda Popular, dijeron presente en el acto.<\/p>\n<p><img loading=\"lazy\" decoding=\"async\" class=\"aligncenter wp-image-7387 size-large\" src=\"http:\/\/fmriachuelo.com.ar\/wp-content\/uploads\/2018\/06\/WhatsApp-Image-2018-06-26-at-11.21.19-1024x768.jpeg\" alt=\"\" width=\"640\" height=\"480\" \/><\/p>\n<p>Alberto Santill\u00e1n pap\u00e1 de Dar\u00edo dijo a FM Riachuelo<em>:<strong>\u201dMe siento fuerte porque este es el lugar donde puedo honrar a Dar\u00edo, \u00a0fuerte como era \u00e9l es esta demostraci\u00f3n de tantos compa\u00f1eros \u00a0pidiendo Justicia, esto es impresionante\u201d.<\/strong><\/em><\/p>\n<p>Tambi\u00e9n Johny, referente del Frente Popular Dar\u00edo Santill\u00e1n nos dijo<em>:<strong> \u00abHoy estamos para cortar el puente, para recordar otro a\u00f1o m\u00e1s de la masacre, vino mucha gente, se ve que el ejemplo de Maxi y Dar\u00edo prendi\u00f3 en todos lados. Ac\u00e1 estamos para exigir Justicia\u201d.<\/strong><\/em><\/p>\n<p>El acto comenz\u00f3 a las 11 horas en la estaci\u00f3n Maxi y Dar\u00edo, para luego marchar y subir por dos carriles del Puente Pueyrred\u00f2n, las columnas confluyeron en el espacio que ocupaba el escenario m\u00f3vil sobre el puente, donde los referentes, organizadores \u00a0y Alberto Santill\u00e1n, el pap\u00e1 de Dar\u00edo, hicieron uso de la palabra.<\/p>\n<p>Para comenzar se leyeron numerosas adhesiones, las organizaciones que dijeron \u201cpresente\u201d\u00a0 fueron: la CTEP, el Frente Popular Dar\u00edo Santill\u00e1n, el colectivo Ni una Menos, \u00a0Memoria Verdad y Justicia, el Movimiento Evita, el Movimiento Popular la Dignidad,\u00a0 la Agrupaci\u00f3n An\u00edbal Ver\u00f3n, el Frente de Organizaciones en Lucha, Barrios de Pie, entre las innumerables que marcharon juntas, y a las que se sumaron diversos partidos pol\u00edticos.<\/p>\n<p>Al grito de <em>\u201cCon la sangre de los ca\u00eddos, ya vas a ver, vamos a volver\u201d<\/em>, se ley\u00f3 un documento consensuado entre las organizaciones y colectivos presentes.<\/p>\n<p><img loading=\"lazy\" decoding=\"async\" class=\"wp-image-7389 size-medium aligncenter\" src=\"http:\/\/fmriachuelo.com.ar\/wp-content\/uploads\/2018\/06\/WhatsApp-Image-2018-06-26-at-12.01.09-300x225.jpeg\" alt=\"\" width=\"300\" height=\"225\" \/><\/p>\n<p>En su contenido se hizo referencia al pedido de justicia por Maxi y Dar\u00edo, pero tambi\u00e9n por los miles de casos de gatillo f\u00e1cil, por los asesinatos a los referentes de las organizaciones sociales, por la lucha de los pueblos originarios, por Santiago Maldonado y Rafael Nahuel, por los miles de femicidios, y al grito de\u00a0 NO al FMI, Basta de Persecuciones a los Movimientos Sociales, No a la Criminalizaci\u00f3n de la Protesta,\u00a0 No a la Represi\u00f3n y al Ajuste del gobierno de Macri y\u00a0 Fuera Bullrich , se pidi\u00f3 c\u00e1rcel com\u00fan \u00a0para todos los responsables del asesinato de Maxi y Dar\u00edo, como Duhalde, Sol\u00e0 y Fern\u00e1ndez que a\u00fan siguen libres. Tambi\u00e9n se pidi\u00f3 por techo,tierra y trabajo dignos, por los compa\u00f1eros desocupados, y por los derechos de los m\u00e1s vulnerables.<\/p>\n<p>Luego \u00a0tom\u00f3 la palabra Alberto Santill\u00e1n pap\u00e1 de Dar\u00edo, quien con mucha emoci\u00f3n, agradeci\u00f3 a todxs los presentes: <strong><em>\u201cLes doy gracias porque me siguen dando fuerzas, para\u00a0 pelear porque se haga justicia por Dar\u00edo y Maxi, \u00a0despu\u00e9s de 16 a\u00f1os\u201d.\u00a0<\/em><\/strong><strong><em>Les habla un padre agradecido que ama y extra\u00f1a a su hijo pero que trata a su manera de honrarlo, \u00a0y no voy a \u00a0dejarme caer en esta b\u00fasqueda de\u00a0 justicia, quiero c\u00e1rcel com\u00fan para estos, \u00a0que hoy se presentan con las manos manchadas de sangre, para ser candidatos\u201d.<\/em><\/strong><\/p>\n<p>Continu\u00f3 :\u00a0<strong><em>\u201cMirarlos a los ojos y verlos \u00a0a ustedes tan aut\u00e9nticos con esa garra que tienen, me permiten ver los ojos de mi hijo, y por eso les agradezco por las demostraciones de amor y lucha y sobre todo porque yo me sostengo en ustedes\u201d<\/em><\/strong><\/p>\n<p>Cerr\u00f3 su discurso diciendo<em>: <strong>\u201cSi no nos fortalecemos entre nosotros estamos perdidos, pero juntos \u00a0vamos a seguir en la lucha, el puente es nuestro, las calles son nuestras, y siempre vamos a estar para se\u00f1alar a estos asesinos\u201d.<\/strong><\/em><\/p>\n<p><strong><em>POR MAXI Y DARIO, POR TODXS LOS COMPA\u00d1EROS CAIDOS EN LA LUCHA, VAMOS A SEGUIR PIDIENDO JUSTICIA!!! NUNCA BAJAREMOS LOS BRAZOS!!!<\/em><\/strong><\/p>\n<p><strong><em>Escucha los testimonios<\/em><\/strong><br \/>\n<iframe loading=\"lazy\" title=\"26-06-2018 - A 16 A\u00d1OS DE LA MASACRE DE AVELLANEDA - (DARIO Y MAXI) by FMR\" width=\"500\" height=\"450\" scrolling=\"no\" frameborder=\"no\" src=\"https:\/\/w.soundcloud.com\/player\/?visual=true&#038;url=https%3A%2F%2Fapi.soundcloud.com%2Fplaylists%2F549216756&#038;show_artwork=true&#038;maxheight=750&#038;maxwidth=500\"><\/iframe><\/p>\n<p><em>\u00a0<\/em><\/p>\n","protected":false},"excerpt":{"rendered":"<p>{FM Riachuelo, 26 \/06\/2018} Hoy se hicieron presentes en la movilizaci\u00f3n a 16 a\u00f1os del asesinato de Maximiliano Kosteki y Dar\u00edo Santill\u00e1n, a mano de fuerzas represivas del gobierno, organizaciones sociales y pol\u00edticas, que acompa\u00f1aron multitudinariamente desde la estaci\u00f3n Maxi y Dar\u00edo, hasta el escenario montado sobre el Puente Pueyrred\u00f2n, a sus familiares y a [&hellip;]<\/p>\n","protected":false},"author":5,"featured_media":7390,"comment_status":"open","ping_status":"open","sticky":false,"template":"","format":"standard","meta":{"_monsterinsights_skip_tracking":false,"_monsterinsights_sitenote_active":false,"_monsterinsights_sitenote_note":"","_monsterinsights_sitenote_category":0,"jnews-multi-image_gallery":[],"jnews_single_post":[],"jnews_primary_category":[],"_joinchat":[],"footnotes":""},"categories":[80,76,74,75],"tags":[],"class_list":["post-7384","post","type-post","status-publish","format-standard","has-post-thumbnail","hentry","category-educacion","category-salud-comunitaria","category-san-cayetano","category-trabajo"],"_links":{"self":[{"href":"http:\/\/fmriachuelo.it10.com.ar\/index.php\/wp-json\/wp\/v2\/posts\/7384","targetHints":{"allow":["GET"]}}],"collection":[{"href":"http:\/\/fmriachuelo.it10.com.ar\/index.php\/wp-json\/wp\/v2\/posts"}],"about":[{"href":"http:\/\/fmriachuelo.it10.com.ar\/index.php\/wp-json\/wp\/v2\/types\/post"}],"author":[{"embeddable":true,"href":"http:\/\/fmriachuelo.it10.com.ar\/index.php\/wp-json\/wp\/v2\/users\/5"}],"replies":[{"embeddable":true,"href":"http:\/\/fmriachuelo.it10.com.ar\/index.php\/wp-json\/wp\/v2\/comments?post=7384"}],"version-history":[{"count":0,"href":"http:\/\/fmriachuelo.it10.com.ar\/index.php\/wp-json\/wp\/v2\/posts\/7384\/revisions"}],"wp:featuredmedia":[{"embeddable":true,"href":"http:\/\/fmriachuelo.it10.com.ar\/index.php\/wp-json\/"}],"wp:attachment":[{"href":"http:\/\/fmriachuelo.it10.com.ar\/index.php\/wp-json\/wp\/v2\/media?parent=7384"}],"wp:term":[{"taxonomy":"category","embeddable":true,"href":"http:\/\/fmriachuelo.it10.com.ar\/index.php\/wp-json\/wp\/v2\/categories?post=7384"},{"taxonomy":"post_tag","embeddable":true,"href":"http:\/\/fmriachuelo.it10.com.ar\/index.php\/wp-json\/wp\/v2\/tags?post=7384"}],"curies":[{"name":"wp","href":"https:\/\/api.w.org\/{rel}","templated":true}]}}