{"id":7374,"date":"2018-06-25T22:34:11","date_gmt":"2018-06-25T22:34:11","guid":{"rendered":"http:\/\/fmriachuelo.com.ar\/?p=7374"},"modified":"2018-06-25T22:34:11","modified_gmt":"2018-06-25T22:34:11","slug":"en-la-boca-el-paro-general-es-en-unidad-y-en-la-calle","status":"publish","type":"post","link":"http:\/\/fmriachuelo.it10.com.ar\/index.php\/2018\/06\/25\/en-la-boca-el-paro-general-es-en-unidad-y-en-la-calle\/","title":{"rendered":"EN LA BOCA EL PARO GENERAL ES EN UNIDAD Y EN LA CALLE"},"content":{"rendered":"<p><strong>FM Riachuelo 25\/06\/2018] En el marco del paro general convocado para el d\u00eda de hoy por la CGT,\u00a0 desde el barrio de la Boca los movimientos sociales y pol\u00edticos tambi\u00e9n paran y lo hacen \u00a0en unidad\u00a0 para decirle al Gobierno de \u00a0Mauricio Macri: BASTA DE AJUSTE; FUERA EL FMI Y BASTA DE TARIFAZOS. <\/strong><\/p>\n<p>En una jornada de lucha y unidad las organizaciones del barrio de La Boca adhirieron al paro general cortando la intersecci\u00f3n de las calles Irala y Lamadrid. Se realiz\u00f3 una olla popular y radio abierta a cargo de FM Riachuelo, que abri\u00f3 sus micr\u00f3fonos a las distintas expresiones de trabajadores de la econom\u00eda popular, trabajadores sindicalizados y casos de violencia\u00a0 institucional ocurridos en el barrio.<\/p>\n<p><img loading=\"lazy\" decoding=\"async\" class=\"alignnone size-full wp-image-7376\" src=\"http:\/\/fmriachuelo.com.ar\/wp-content\/uploads\/2018\/06\/36188908_1799159843472556_4694679166136614912_n.jpg\" alt=\"\" width=\"960\" height=\"640\" \/><\/p>\n<p>Estuvieron presentes Cooperativa de Cartoneros de La Boca, Cooperativa de Lavacoches Ciudadanos del Pueblo, Trabajadores del Puente Nicol\u00e1s Avellaneda, las \u00a0Cooperativas de Viviendas: \u00a0Covel,\u00a0La Pacha y Nueva Esperanza, el Comedor San Jorge, Roxana Cainzos (madre de Nehuen Rodr\u00edguez) y Jorge \u00abPiquete\u00bb Herrera (padre de Pitu y Pola hermanos fallecidos en un incendio).<\/p>\n<p>Tambi\u00e9n fueron recordados y homenajeados los compa\u00f1eros que hoy son bandera de la Lucha Popular, como es el caso de Maximiliano Kosteki, Dar\u00edo Santill\u00e1n, Mart\u00edn el\u00a0 Oso Cisneros, Iki, C\u00e9sar M\u00e9ndez y Marcelo \u201cNono\u201d Frondizi \u00a0dirigente de la CTA de los trabajadores que falleci\u00f3 el s\u00e1bado pasado.<\/p>\n<p>Marta Sanagua, integrante de la Casa Popular el Patio, \u00a0dijo en referencia a la jornada, que hoy se est\u00e1 demostrando la desconformidad a este gobierno de exterminio. Discurso que coincidi\u00f3 en otras palabras con la docente del Bachillerato Popular La Pulper\u00eda, que asegur\u00f3 que <strong><em>\u00bb la econom\u00eda del pa\u00eds no cierra para nosotros porque los que est\u00e1n haciendo los negocios financieros est\u00e1n ganando mucha plata en base a nuestro ajuste\u00bb.<\/em><\/strong><\/p>\n<p><strong><em>\u00abLas organizaciones que estamos ac\u00e1 coincidimos en que tenemos que encontrar una br\u00fajula que nos encuentre a todos en el mismo camino, porque \u00a0no vienen solo por nuestro trabajo, vienen por nosotrxs mismos, por nuestra vida, por nuestra dignidad\u00bb,<\/em><\/strong> asegur\u00f3 Cherno de Patria Grande.<\/p>\n<p>Organizaron la jornada de lucha la Ctep, \u00a0Frente Popular Dar\u00edo Santill\u00e1n, \u00a0Movimiento Popular la Dignidad, La Organizaci\u00f3n Social \u00a0Pol\u00edtica Los Pibes, Patria Grande, MTL Rebelde y Democracia Socialista.<\/p>\n<p><a href=\"https:\/\/www.facebook.com\/pg\/fmriachuelo\/photos\/?tab=album&amp;album_id=1799156730139534\">GALER\u00cdA FOTOGR\u00c1FICA<\/a><\/p>\n","protected":false},"excerpt":{"rendered":"<p>FM Riachuelo 25\/06\/2018] En el marco del paro general convocado para el d\u00eda de hoy por la CGT,\u00a0 desde el barrio de la Boca los movimientos sociales y pol\u00edticos tambi\u00e9n paran y lo hacen \u00a0en unidad\u00a0 para decirle al Gobierno de \u00a0Mauricio Macri: BASTA DE AJUSTE; FUERA EL FMI Y BASTA DE TARIFAZOS. En una [&hellip;]<\/p>\n","protected":false},"author":5,"featured_media":7375,"comment_status":"open","ping_status":"open","sticky":false,"template":"","format":"standard","meta":{"_monsterinsights_skip_tracking":false,"_monsterinsights_sitenote_active":false,"_monsterinsights_sitenote_note":"","_monsterinsights_sitenote_category":0,"jnews-multi-image_gallery":[],"jnews_single_post":[],"jnews_primary_category":[],"_joinchat":[],"footnotes":""},"categories":[76,74],"tags":[],"class_list":["post-7374","post","type-post","status-publish","format-standard","has-post-thumbnail","hentry","category-salud-comunitaria","category-san-cayetano"],"_links":{"self":[{"href":"http:\/\/fmriachuelo.it10.com.ar\/index.php\/wp-json\/wp\/v2\/posts\/7374","targetHints":{"allow":["GET"]}}],"collection":[{"href":"http:\/\/fmriachuelo.it10.com.ar\/index.php\/wp-json\/wp\/v2\/posts"}],"about":[{"href":"http:\/\/fmriachuelo.it10.com.ar\/index.php\/wp-json\/wp\/v2\/types\/post"}],"author":[{"embeddable":true,"href":"http:\/\/fmriachuelo.it10.com.ar\/index.php\/wp-json\/wp\/v2\/users\/5"}],"replies":[{"embeddable":true,"href":"http:\/\/fmriachuelo.it10.com.ar\/index.php\/wp-json\/wp\/v2\/comments?post=7374"}],"version-history":[{"count":0,"href":"http:\/\/fmriachuelo.it10.com.ar\/index.php\/wp-json\/wp\/v2\/posts\/7374\/revisions"}],"wp:featuredmedia":[{"embeddable":true,"href":"http:\/\/fmriachuelo.it10.com.ar\/index.php\/wp-json\/"}],"wp:attachment":[{"href":"http:\/\/fmriachuelo.it10.com.ar\/index.php\/wp-json\/wp\/v2\/media?parent=7374"}],"wp:term":[{"taxonomy":"category","embeddable":true,"href":"http:\/\/fmriachuelo.it10.com.ar\/index.php\/wp-json\/wp\/v2\/categories?post=7374"},{"taxonomy":"post_tag","embeddable":true,"href":"http:\/\/fmriachuelo.it10.com.ar\/index.php\/wp-json\/wp\/v2\/tags?post=7374"}],"curies":[{"name":"wp","href":"https:\/\/api.w.org\/{rel}","templated":true}]}}