{"id":736,"date":"2015-02-04T15:10:00","date_gmt":"2015-02-04T15:10:00","guid":{"rendered":"http:\/\/fmriachuelo.observatorioess.org.ar\/index.php\/2015\/02\/04\/parque-lezama-en-peligro\/"},"modified":"2025-03-26T14:43:21","modified_gmt":"2025-03-26T17:43:21","slug":"parque-lezama-en-peligro","status":"publish","type":"post","link":"http:\/\/fmriachuelo.it10.com.ar\/index.php\/2015\/02\/04\/parque-lezama-en-peligro\/","title":{"rendered":"PARQUE LEZAMA EN PELIGRO"},"content":{"rendered":"<p><span style=\"color: red;font-family: Verdana, sans-serif;font-size: large\"><strong>\u00a1VIEJAS DENUNCIAS CON RENOVADAS INTENCIONES!<\/strong><\/span><\/p>\n<div style=\"text-align: left\"><\/div>\n<p><span style=\"font-family: Verdana, sans-serif\">[FMR 04\/02\/15]El pasado jueves, 29 de enero, en el Parque Lezama se reunieron las distintas fuerzas vivas del barrio para dar una conferencia de prensa y pronunciarse respecto de las \u00faltimas declaraciones de los funcionarios del Gobierno de la Ciudad. <\/span><\/p>\n<div style=\"text-align: left\"><\/div>\n<p><span style=\"font-family: Verdana, sans-serif\"> Frente al incumplimiento y demoras de las obras previstas en el Parque, y la pronta instalaci\u00f3n de dependencias gubernamentales en la zona,  los funcionarios hacen denuncias medi\u00e1ticas con la intenci\u00f3n de incumplir los acuerdos con los vecinos y enrejar el Parque Lezama.<\/span><\/p>\n<p><span style=\"font-family: Verdana, sans-serif\"><strong>Fm Riachuelo<\/strong> estuvo presente y recogi\u00f3 los testimonios que a continuaci\u00f3n se pueden escuchar:<\/span><\/p>\n<p><a href=\"http:\/\/www.mediafire.com\/listen\/3e4v0wfpd0d4txc\/1-_MAURY-__REPUDIO_A_LA_NOTA_DE_LA_NAION_CON_EL_TEMA_DE_VANDALISMO.mp3\"><span style=\"font-family: Verdana, sans-serif\">MAURICIO GARCIA DE ASAMBLEA DEL PARQUE LEZAMA Y EL VANDALISMO<\/span><\/a><\/p>\n<p><a href=\"http:\/\/www.mediafire.com\/listen\/ulr73opywhuvsbb\/2-_MAURY-_LA_PROBLEMATICA_ES_LA_VIVIENDA_EN_LA_CIUDAD.mp3\"><span style=\"font-family: Verdana, sans-serif\">M GARCIA DE LA ASAMBLEA Y LA PROBLEMATICA DE VIVIENDA EN LA CIUDAD<\/span><\/a><\/p>\n<p><a href=\"http:\/\/www.mediafire.com\/listen\/xwnbayc5ojomhyn\/EDITH_OVIEDO-_COMUNA_1_-__VECINA_COMUNAL.mp3\"><span style=\"font-family: Verdana, sans-serif\">EDITH OVIEDO VECINA DE LA COMUNA 1<\/span><\/a><br \/><span><span style=\"color: blue;font-family: Verdana, sans-serif\"><\/span><\/span><br \/><span><span style=\"color: blue;font-family: Verdana, sans-serif\">Fuente: Producci\u00f3n Riachuelo<\/span><\/span><\/p>\n<div style=\"clear: both;text-align: center\"><a href=\"http:\/\/2.bp.blogspot.com\/-XiOjMaAIUv8\/VNI1J86ALNI\/AAAAAAAACrU\/fCVCGdkzd-0\/s1600\/COOP%2BRIACHIUELO%2BPRODUCCIONES.jpg\" style=\"clear: left;float: left;margin-bottom: 1em;margin-right: 1em\"><img loading=\"lazy\" decoding=\"async\" border=\"0\" src=\"http:\/\/2.bp.blogspot.com\/-XiOjMaAIUv8\/VNI1J86ALNI\/AAAAAAAACrU\/fCVCGdkzd-0\/s1600\/COOP%2BRIACHIUELO%2BPRODUCCIONES.jpg\" height=\"58\" width=\"200\" \/><\/a><\/div>\n<div style=\"text-align: left\"><span><\/span>&nbsp;<\/div>\n<div style=\"text-align: left\"><\/div>\n<div style=\"background: white;line-height: normal;margin: 0cm 0cm 0pt;text-align: left\"><span><\/span><span><\/span>&nbsp;<\/div>\n<div style=\"text-align: left\"><\/div>\n","protected":false},"excerpt":{"rendered":"<p>\u00a1VIEJAS DENUNCIAS CON RENOVADAS INTENCIONES! [FMR 04\/02\/15]El pasado jueves, 29 de enero, en el Parque Lezama se reunieron las distintas fuerzas vivas del barrio para dar una conferencia de prensa y pronunciarse respecto de las \u00faltimas declaraciones de los funcionarios del Gobierno de la Ciudad. Frente al incumplimiento y demoras de las obras previstas en [&hellip;]<\/p>\n","protected":false},"author":4,"featured_media":0,"comment_status":"open","ping_status":"open","sticky":false,"template":"","format":"standard","meta":{"_monsterinsights_skip_tracking":false,"_monsterinsights_sitenote_active":false,"_monsterinsights_sitenote_note":"","_monsterinsights_sitenote_category":0,"jnews-multi-image_gallery":[],"jnews_single_post":{"format":"standard"},"jnews_primary_category":[],"_joinchat":[],"footnotes":""},"categories":[58],"tags":[147],"class_list":["post-736","post","type-post","status-publish","format-standard","hentry","category-noticiariachuelo","tag-habitat"],"_links":{"self":[{"href":"http:\/\/fmriachuelo.it10.com.ar\/index.php\/wp-json\/wp\/v2\/posts\/736","targetHints":{"allow":["GET"]}}],"collection":[{"href":"http:\/\/fmriachuelo.it10.com.ar\/index.php\/wp-json\/wp\/v2\/posts"}],"about":[{"href":"http:\/\/fmriachuelo.it10.com.ar\/index.php\/wp-json\/wp\/v2\/types\/post"}],"author":[{"embeddable":true,"href":"http:\/\/fmriachuelo.it10.com.ar\/index.php\/wp-json\/wp\/v2\/users\/4"}],"replies":[{"embeddable":true,"href":"http:\/\/fmriachuelo.it10.com.ar\/index.php\/wp-json\/wp\/v2\/comments?post=736"}],"version-history":[{"count":1,"href":"http:\/\/fmriachuelo.it10.com.ar\/index.php\/wp-json\/wp\/v2\/posts\/736\/revisions"}],"predecessor-version":[{"id":22510,"href":"http:\/\/fmriachuelo.it10.com.ar\/index.php\/wp-json\/wp\/v2\/posts\/736\/revisions\/22510"}],"wp:attachment":[{"href":"http:\/\/fmriachuelo.it10.com.ar\/index.php\/wp-json\/wp\/v2\/media?parent=736"}],"wp:term":[{"taxonomy":"category","embeddable":true,"href":"http:\/\/fmriachuelo.it10.com.ar\/index.php\/wp-json\/wp\/v2\/categories?post=736"},{"taxonomy":"post_tag","embeddable":true,"href":"http:\/\/fmriachuelo.it10.com.ar\/index.php\/wp-json\/wp\/v2\/tags?post=736"}],"curies":[{"name":"wp","href":"https:\/\/api.w.org\/{rel}","templated":true}]}}