{"id":7358,"date":"2018-06-24T17:54:05","date_gmt":"2018-06-24T17:54:05","guid":{"rendered":"http:\/\/fmriachuelo.com.ar\/?p=7358"},"modified":"2018-06-24T17:54:05","modified_gmt":"2018-06-24T17:54:05","slug":"jornada-de-muralistas-a-16-anos-de-la-masacre-de-avellaneda","status":"publish","type":"post","link":"http:\/\/fmriachuelo.it10.com.ar\/index.php\/2018\/06\/24\/jornada-de-muralistas-a-16-anos-de-la-masacre-de-avellaneda\/","title":{"rendered":"JORNADA DE MURALISTAS A 16 A\u00d1OS DE LA MASACRE DE AVELLANEDA"},"content":{"rendered":"<p><strong>[Fm Riachuelo 24\/06\/2018]<\/strong><strong> Este s\u00e1bado se realiz\u00f3\u00a0 el segundo encuentro de muralistas en la estaci\u00f3n \u00abDar\u00edo y Maxi\u00bb<\/strong><strong>\u00a0en\u00a0 Avellaneda, para iniciar las actividades al cumplirse 16 a\u00f1os de los asesinatos de\u00a0Dar\u00edo Santill\u00e1n y Maximiliano Kosteki.<\/strong><\/p>\n<p><strong>Diferentes colectivos de muralistas y artistas, estuvieron desde las diez de la ma\u00f1ana\u00a0 participando de las pintadas, bajo la consigna \u201cJunio Arde Rojo\u201d, en donde los pinceles de todo el pa\u00eds y sin fronteras se unieron para hacer memoria, identidad y cultura.\u00a0<\/strong><\/p>\n<p><img loading=\"lazy\" decoding=\"async\" class=\"alignnone size-full wp-image-7363\" src=\"http:\/\/fmriachuelo.com.ar\/wp-content\/uploads\/2018\/06\/230618_-Encuentro-Muralerxs_-Avellaneda-7.jpg\" alt=\"\" width=\"720\" height=\"480\" \/><\/p>\n<p><strong>En la jornada de muralistas\u00a0 \u00a0llevada a cabo \u00a0en la estaci\u00f3n Dar\u00edo y Maxi en el partido de\u00a0 Avellaneda, \u00a0se hizo presente en cada pared la magia de los artistas como la expresi\u00f3n pol\u00edtica y social a trav\u00e9s de los colores y dibujos, <\/strong><\/p>\n<p><strong>La actividad continuo en la \u201cCasita Reimundo Villaflor\u201d, ubicada a cuadras de la estaci\u00f3n, alrededor de las seis de la tarde \u00a0los distintos grupos se juntaron para debatir \u00a0sobre\u00a0 las experiencias de cada colectivo que participaron de la actividad y analizar el contexto pol\u00edtico actual. <\/strong><\/p>\n<p><strong>Al finalizar el debate se comparti\u00f3 un guiso popular que cocinaron lxs compa\u00f1erxs de la Organizaci\u00f3n Social y Pol\u00edtica Los Pibes, de la Boca.\u00a0<\/strong><\/p>\n<p><img loading=\"lazy\" decoding=\"async\" class=\"alignnone size-full wp-image-7364\" src=\"http:\/\/fmriachuelo.com.ar\/wp-content\/uploads\/2018\/06\/230618_-Encuentro-Muralerxs_-Avellaneda-8.jpg\" alt=\"\" width=\"720\" height=\"480\" \/><\/p>\n<p><strong>La jornada cultural por los 16 a\u00f1os de impunidad \u00a0de los asesinatos de Dar\u00edo y Maxi contin\u00faa hoy domingo a partir de las dos de la tarde en la Estaci\u00f3n\u00a0 de Avellaneda. Y el martes 26 a partir de las once de la ma\u00f1ana se marcha al Puente Pueyrred\u00f3n. <\/strong><\/p>\n","protected":false},"excerpt":{"rendered":"<p>[Fm Riachuelo 24\/06\/2018] Este s\u00e1bado se realiz\u00f3\u00a0 el segundo encuentro de muralistas en la estaci\u00f3n \u00abDar\u00edo y Maxi\u00bb\u00a0en\u00a0 Avellaneda, para iniciar las actividades al cumplirse 16 a\u00f1os de los asesinatos de\u00a0Dar\u00edo Santill\u00e1n y Maximiliano Kosteki. Diferentes colectivos de muralistas y artistas, estuvieron desde las diez de la ma\u00f1ana\u00a0 participando de las pintadas, bajo la consigna [&hellip;]<\/p>\n","protected":false},"author":5,"featured_media":7365,"comment_status":"open","ping_status":"open","sticky":false,"template":"","format":"standard","meta":{"_monsterinsights_skip_tracking":false,"_monsterinsights_sitenote_active":false,"_monsterinsights_sitenote_note":"","_monsterinsights_sitenote_category":0,"jnews-multi-image_gallery":[],"jnews_single_post":[],"jnews_primary_category":[],"_joinchat":[],"footnotes":""},"categories":[80,79,76],"tags":[],"class_list":["post-7358","post","type-post","status-publish","format-standard","has-post-thumbnail","hentry","category-educacion","category-nadie-se-salva-solo","category-salud-comunitaria"],"_links":{"self":[{"href":"http:\/\/fmriachuelo.it10.com.ar\/index.php\/wp-json\/wp\/v2\/posts\/7358","targetHints":{"allow":["GET"]}}],"collection":[{"href":"http:\/\/fmriachuelo.it10.com.ar\/index.php\/wp-json\/wp\/v2\/posts"}],"about":[{"href":"http:\/\/fmriachuelo.it10.com.ar\/index.php\/wp-json\/wp\/v2\/types\/post"}],"author":[{"embeddable":true,"href":"http:\/\/fmriachuelo.it10.com.ar\/index.php\/wp-json\/wp\/v2\/users\/5"}],"replies":[{"embeddable":true,"href":"http:\/\/fmriachuelo.it10.com.ar\/index.php\/wp-json\/wp\/v2\/comments?post=7358"}],"version-history":[{"count":0,"href":"http:\/\/fmriachuelo.it10.com.ar\/index.php\/wp-json\/wp\/v2\/posts\/7358\/revisions"}],"wp:featuredmedia":[{"embeddable":true,"href":"http:\/\/fmriachuelo.it10.com.ar\/index.php\/wp-json\/"}],"wp:attachment":[{"href":"http:\/\/fmriachuelo.it10.com.ar\/index.php\/wp-json\/wp\/v2\/media?parent=7358"}],"wp:term":[{"taxonomy":"category","embeddable":true,"href":"http:\/\/fmriachuelo.it10.com.ar\/index.php\/wp-json\/wp\/v2\/categories?post=7358"},{"taxonomy":"post_tag","embeddable":true,"href":"http:\/\/fmriachuelo.it10.com.ar\/index.php\/wp-json\/wp\/v2\/tags?post=7358"}],"curies":[{"name":"wp","href":"https:\/\/api.w.org\/{rel}","templated":true}]}}