{"id":735,"date":"2015-02-05T23:43:00","date_gmt":"2015-02-05T23:43:00","guid":{"rendered":"http:\/\/fmriachuelo.observatorioess.org.ar\/index.php\/2015\/02\/05\/confederacion-de-trabajadores-de-la-economia-popular-ctep-delegacion-san-martin-de-los-andes\/"},"modified":"2025-03-26T14:44:15","modified_gmt":"2025-03-26T17:44:15","slug":"confederacion-de-trabajadores-de-la-economia-popular-ctep-delegacion-san-martin-de-los-andes","status":"publish","type":"post","link":"http:\/\/fmriachuelo.it10.com.ar\/index.php\/2015\/02\/05\/confederacion-de-trabajadores-de-la-economia-popular-ctep-delegacion-san-martin-de-los-andes\/","title":{"rendered":"CONFEDERACION DE TRABAJADORES DE LA ECONOMIA POPULAR, CTEP, DELEGACION SAN MARTIN DE LOS ANDES"},"content":{"rendered":"<h1><span style=\"color: red;font-size: large\">ANIVERSARIO DE SAN MARTIN DE LOS ANDES<\/span><\/h1>\n<p><span style=\"font-family: Verdana, sans-serif\"><strong>La Seccional Cordillera celebra marchando junto al pueblo<\/strong><\/span><br \/><strong><span style=\"font-family: Verdana\"><\/span><\/strong><\/p>\n<div style=\"clear: both;text-align: center\"><a href=\"http:\/\/1.bp.blogspot.com\/-Uj7R2fqstYc\/VNP_Bzq_YJI\/AAAAAAAACrs\/3UgGb0hPiT8\/s1600\/ctep%2Bs.martin.jpg\" style=\"clear: left;float: left;margin-bottom: 1em;margin-right: 1em\"><img loading=\"lazy\" decoding=\"async\" border=\"0\" src=\"http:\/\/1.bp.blogspot.com\/-Uj7R2fqstYc\/VNP_Bzq_YJI\/AAAAAAAACrs\/3UgGb0hPiT8\/s1600\/ctep%2Bs.martin.jpg\" height=\"240\" width=\"320\" \/><\/a><\/div>\n<div style=\"clear: both;text-align: left\"><span style=\"font-family: Verdana, sans-serif\">La CTEP es una organizaci\u00f3n gremial nacional no partidaria que vincula a todos los trabajadores excluidos, que quedamos en la informalidad, sin derechos ni reconocimiento.<\/span><\/div>\n<p><span style=\"font-family: Verdana\">Cooperativistas, Empresas Recuperadas, Emprendedores Familiares y por Cuenta Propia, Trabajo a Domicilio, Trabajo Domestico, Agricultura Familiarm Feriantes, Artesanos y otros trabajos no amparados por la Ley, sin beneficios ni derechos, como Salario m\u00ednimo vital y m\u00f3vil, Asignaciones Familiares, Obra Social, Jubilaci\u00f3n, Jornadas de 8hs o licencias.<\/span><br \/><a name='more'><\/a><span style=\"font-family: Verdana\"><br \/>La Delegaci\u00f3n San Mart\u00edn de los Andes, nace impulsada por distintas organizaciones sociales, trabajadores y trabajadoras que sienten y sufren esta falta de derechos, con la idea de organizarnos y juntos poder conquistar estos derechos, solidarizarnos y apoyarnos mutuamente entre los distintos rubros de la econom\u00eda popular, para poder consolidarnos y mediante la Uni\u00f3n lograr la fuerza para revertir las necesidades de nuestro pueblo pobre.<br \/>Un d\u00eda como hoy 4 de febrero de 1898 el Coronel Celestino Perez, bajo las \u00f3rdenes del General Rudesindo Roca, en el marco de la conquista del desierto, decide recuperar el abandonado Fuerte Maip\u00fa y fundar San Mart\u00edn de los Andes, expulsando y no reconociendo los habitantes originarios del lugar en su mayor\u00eda del pueblo Mapuche.<br \/>Nuestro Pueblo nacido desde un fuerte militar pronto fue condenado a&nbsp;basar su econom\u00eda en una \u00fanica actividad: la deforestaci\u00f3n, con m\u00e1s de 30 aserraderos sobre la cuenca del Lago Lacar, una vez saqueado el recurso, la ciudad toma como eje econ\u00f3mico el turismo y la especulaci\u00f3n inmobiliaria, que todav\u00eda hoy es el mayor negocio, manejado por unos pocos y con un alt\u00edsimo porcentaje de trabajo en negro. Las mayor\u00edas, muchas veces silenciadas, vivimos de la econom\u00eda popular.<\/span><br \/><span style=\"font-family: Verdana\"><br \/>Desde la CTEP decidimos marchar este DIA, junto a la Asociaci\u00f3n de Vecinos sin Techo y la Comunidad Mapuche Currhuinca, por sentirnos parte de este pueblo, con sus claros y sus oscuros, sus encuentros y desencuentrso, con la fe y la esperanza de poder cambiar las injusticias que lastiman a nuestros pueblos, nuestro pa\u00eds y nuestro mundo, superar el capitalismo, acabar con el culto idol\u00e1trico al dios dinero y construir una sociedad de libres e iguales.<br \/>Algunas reivindicaciones que levantamos hoy ante los funcionarios:<br \/>-Creaci\u00f3n de un Polo Productivo bajo gesti\u00f3n cooperativa con especial \u00e9nfasis en la f\u00e1brica de casas.<br \/>-M\u00ednimo de 30% de la obra publica para las cooperativas de San Mart\u00edn de los Andes. Basta de<br \/>-Adjudicaci\u00f3n de los lotes para las viviendas de la Cooperativa Nehuen Mapu.<br \/>-Espacio para el desarrollo de la Cooperativa y Escuela de Mec\u00e1nicos y sus talleres de capacitaci\u00f3n.<br \/>-Agua, Luz y Tierra para los campesinos<br \/>-Mayor cantidad y fomento de espacios para los artesanos y feriantes.<br \/>-Boleto social, no mas aumentos, boleto estudiantil todo el a\u00f1o, boleto diferenciado para el trabajador.<br \/>-Intervenci\u00f3n de las organizaciones sociales una pol\u00edtica de reciclado popular eficaz, cooperativa y con generaci\u00f3n de trabajo digno.<br \/>\u2013 Reconocimiento&nbsp;de la Personer\u00eda Gremial de la CTEP Ya!!<\/p>\n<p><\/span><\/p>\n<div style=\"text-align: center\"><span style=\"font-family: Verdana\"><strong>Ninguna familia sin techo<\/strong><\/span><\/div>\n<p><span style=\"font-family: Verdana\"><\/p>\n<div style=\"text-align: center\"><strong>Ningun trabajador sin derechos<\/strong><\/div>\n<div style=\"text-align: center\"><strong>Ningun campesino sin tierra<\/strong><\/div>\n<div style=\"text-align: center\"><strong>Ningun Pueblo sin territorio<\/strong><\/div>\n<div style=\"text-align: center\"><strong>Ninguna persona sin Dignidad<\/strong><\/div>\n<div style=\"text-align: center\"><strong>SIN PODER POPULAR, NO HAY JUSTICIA SOCIAL<\/strong><\/div>\n<p><\/span><span style=\"color: blue;font-family: Verdana, sans-serif\">Fuente: Ctep Argentina, Producci\u00f3n Riachuelo<\/span><\/p>\n<div style=\"clear: both;text-align: center\"><a href=\"http:\/\/1.bp.blogspot.com\/-g30TV_49pWw\/VNQAD2o8I0I\/AAAAAAAACr0\/mv62p07EPsc\/s1600\/COOP%2BRIACHIUELO%2BPRODUCCIONES.jpg\" style=\"clear: left;float: left;margin-bottom: 1em;margin-right: 1em\"><img loading=\"lazy\" decoding=\"async\" border=\"0\" src=\"http:\/\/1.bp.blogspot.com\/-g30TV_49pWw\/VNQAD2o8I0I\/AAAAAAAACr0\/mv62p07EPsc\/s1600\/COOP%2BRIACHIUELO%2BPRODUCCIONES.jpg\" height=\"58\" width=\"200\" \/><\/a><\/div>\n<p><\/p>\n<h1><span style=\"color: black;font-size: medium\">&nbsp;<\/span><\/h1>\n<div><span>&nbsp;<\/span><\/div>\n","protected":false},"excerpt":{"rendered":"<p>ANIVERSARIO DE SAN MARTIN DE LOS ANDES La Seccional Cordillera celebra marchando junto al pueblo La CTEP es una organizaci\u00f3n gremial nacional no partidaria que vincula a todos los trabajadores excluidos, que quedamos en la informalidad, sin derechos ni reconocimiento. Cooperativistas, Empresas Recuperadas, Emprendedores Familiares y por Cuenta Propia, Trabajo a Domicilio, Trabajo Domestico, Agricultura [&hellip;]<\/p>\n","protected":false},"author":4,"featured_media":0,"comment_status":"open","ping_status":"open","sticky":false,"template":"","format":"standard","meta":{"_monsterinsights_skip_tracking":false,"_monsterinsights_sitenote_active":false,"_monsterinsights_sitenote_note":"","_monsterinsights_sitenote_category":0,"jnews-multi-image_gallery":[],"jnews_single_post":{"format":"standard"},"jnews_primary_category":[],"_joinchat":[],"footnotes":""},"categories":[58],"tags":[64,86,156],"class_list":["post-735","post","type-post","status-publish","format-standard","hentry","category-noticiariachuelo","tag-economia-popular","tag-noti-ctep","tag-tierra-techo-y-trabajo"],"_links":{"self":[{"href":"http:\/\/fmriachuelo.it10.com.ar\/index.php\/wp-json\/wp\/v2\/posts\/735","targetHints":{"allow":["GET"]}}],"collection":[{"href":"http:\/\/fmriachuelo.it10.com.ar\/index.php\/wp-json\/wp\/v2\/posts"}],"about":[{"href":"http:\/\/fmriachuelo.it10.com.ar\/index.php\/wp-json\/wp\/v2\/types\/post"}],"author":[{"embeddable":true,"href":"http:\/\/fmriachuelo.it10.com.ar\/index.php\/wp-json\/wp\/v2\/users\/4"}],"replies":[{"embeddable":true,"href":"http:\/\/fmriachuelo.it10.com.ar\/index.php\/wp-json\/wp\/v2\/comments?post=735"}],"version-history":[{"count":1,"href":"http:\/\/fmriachuelo.it10.com.ar\/index.php\/wp-json\/wp\/v2\/posts\/735\/revisions"}],"predecessor-version":[{"id":22511,"href":"http:\/\/fmriachuelo.it10.com.ar\/index.php\/wp-json\/wp\/v2\/posts\/735\/revisions\/22511"}],"wp:attachment":[{"href":"http:\/\/fmriachuelo.it10.com.ar\/index.php\/wp-json\/wp\/v2\/media?parent=735"}],"wp:term":[{"taxonomy":"category","embeddable":true,"href":"http:\/\/fmriachuelo.it10.com.ar\/index.php\/wp-json\/wp\/v2\/categories?post=735"},{"taxonomy":"post_tag","embeddable":true,"href":"http:\/\/fmriachuelo.it10.com.ar\/index.php\/wp-json\/wp\/v2\/tags?post=735"}],"curies":[{"name":"wp","href":"https:\/\/api.w.org\/{rel}","templated":true}]}}