{"id":7333,"date":"2018-06-22T19:50:54","date_gmt":"2018-06-22T19:50:54","guid":{"rendered":"http:\/\/fmriachuelo.com.ar\/?p=7333"},"modified":"2018-06-22T19:50:54","modified_gmt":"2018-06-22T19:50:54","slug":"dia-de-la-bandera-jornadas-solidarias-y-debate-para-recuperar-soberania","status":"publish","type":"post","link":"http:\/\/fmriachuelo.it10.com.ar\/index.php\/2018\/06\/22\/dia-de-la-bandera-jornadas-solidarias-y-debate-para-recuperar-soberania\/","title":{"rendered":"D\u00cdA DE LA BANDERA: JORNADAS SOLIDARIAS Y DEBATE PARA RECUPERAR SOBERAN\u00cdA"},"content":{"rendered":"<p><strong>[Fm Riachuelo 22\/06\/2018] En un \u00a0Programa especial de Rompe el Cerco Informativo en \u00a0conmemoraci\u00f3n del D\u00eda de la Bandera, se realiz\u00f3\u00a0una cobertura especial, en las diferentes organizaciones y herramientas que vienen trabajando junto a Los Pibes en la lucha por alcanzar la Segunda y Definitiva Independencia. Fue un d\u00eda de encuentro, debate y trabajo solidario en distintos puntos del pa\u00eds y la ciudad, los compa\u00f1eros y compa\u00f1eras, organizaron actividades para conmemorar la fecha y \u00a0sobre todo levantar la bandera que siempre orienta el camino de los pueblos: el de la unidad, el de organizarse, el de luchar para conquistar un mundo m\u00e1s justo, un mundo que merezca la pena ser vivido.<\/strong><\/p>\n<p>Es as\u00ed que en la <strong>Casa Popular el Patio<\/strong> en el barrio de la Boca, se realiz\u00f3 un guiso popular y se inauguraron las obras de refacci\u00f3n del frente del conventillo que cobija las actividades, con los colores de la bandera, s\u00edmbolo de las innumerables luchas de nuestro pueblo.<\/p>\n<p><img loading=\"lazy\" decoding=\"async\" class=\"wp-image-7338 size-large aligncenter\" src=\"http:\/\/fmriachuelo.com.ar\/wp-content\/uploads\/2018\/06\/WhatsApp-Image-2018-06-21-at-11.03.59-AM-1024x768.jpeg\" alt=\"\" width=\"640\" height=\"480\" \/><\/p>\n<p>Desde la ma\u00f1ana fueron llegando lxs cumpas, organizando el espacio para trabajar y para preparar el almuerzo. Luego de compartir un rico guiso cocinado como todos los d\u00edas por el equipo de cocina, durante toda la tarde distintos compa\u00f1eros y compa\u00f1eras participaron de la refacci\u00f3n del frente del hist\u00f3rico edificio, espacio de salud comunitaria, educaci\u00f3n popular, soberan\u00eda alimentaria y econom\u00eda popular.<\/p>\n<p>La jornada tuvo como eje fortalecer el esp\u00edritu de lucha para las nuevas batallas por venir. Como lo han hecho nuestros pr\u00f3ceres tantas veces silenciados por la historia oficial.<\/p>\n<p>En la <strong>Unidad de Producci\u00f3n Social donde funciona la FM Riachuelo<\/strong> se recuper\u00f3 un espacio para seguir trabajando con los ejes de soberan\u00eda alimentaria y del deporte social y popular. Luego hubo guiso\u00a0 para compartir con los integrantes de la organizaci\u00f3n.<\/p>\n<p><img loading=\"lazy\" decoding=\"async\" class=\"wp-image-7340 size-large aligncenter\" src=\"http:\/\/fmriachuelo.com.ar\/wp-content\/uploads\/2018\/06\/WhatsApp-Image-2018-06-20-at-10.59.33-AM-1-1024x554.jpeg\" alt=\"\" width=\"640\" height=\"346\" \/><\/p>\n<p><img loading=\"lazy\" decoding=\"async\" class=\"wp-image-7347 aligncenter\" src=\"http:\/\/fmriachuelo.com.ar\/wp-content\/uploads\/2018\/06\/WhatsApp-Image-2018-06-20-at-2.03.15-PM-1024x575.jpeg\" alt=\"\" width=\"647\" height=\"363\" \/><\/p>\n<p>Pueblo, organizaci\u00f3n, unidad, lucha, patria, territorialidad profunda, soberan\u00eda, dignidad, resistencia, Malvinas, Patria Grande, no al FMI: fueron las palabras que en la\u00a0<strong>Casa Popular El Fog\u00f3n<\/strong>\u00a0pintaron una soleada tarde en la que se celebr\u00f3 el\u00a0D\u00eda de la Bandera.<\/p>\n<p>En \u00a0Gerli \u2013 Avellaneda, \u00a0donde est\u00e1 ubicado el Fog\u00f3n se conmemor\u00f3 el d\u00eda de la bandera inaugurando un m\u00e1stil \u00a0que es producto del trabajo de los compa\u00f1eros de la Confederaci\u00f3n de Trabajadores de la Econom\u00eda Popular, la Secretar\u00eda de Extensi\u00f3n de la\u00a0Universidad Nacional de Avellaneda y el Sindicato \u00danico de Trabajadores de la Administraci\u00f3n Portuaria. Durante la jornada se comparti\u00f3\u00a0 un guiso de lentejas y m\u00fasica popular.<\/p>\n<p><img loading=\"lazy\" decoding=\"async\" class=\"alignnone size-full wp-image-7337\" src=\"http:\/\/fmriachuelo.com.ar\/wp-content\/uploads\/2018\/06\/WhatsApp-Image-2018-06-20-at-12.37.50-PM.jpeg\" alt=\"\" width=\"1280\" height=\"720\" \/><\/p>\n<p>Lito Borello, como Secretario de Derechos Humanos de la\u00a0CTEP particip\u00f3 de la actividad \u00a0y reflexion\u00f3 sobre el momento pol\u00edtico y los desaf\u00edos para las organizaciones populares. Durante su discurso dijo <strong><em>\u201cen nuestra regi\u00f3n estamos viviendo un nuevo tiempo de recolonizaci\u00f3n, como aquel que ven\u00eda con carabelas para ofrecer espejitos de colores y a llevarse nuestras cosas. Y aunque no se note, porque se encargaron de ocultarlo, mataron millones y millones de comunidades originarias, que durante a\u00f1os nos fueron casi an\u00f3nimas, porque cre\u00edamos que su pasividad o su \u00a0silencio no se escuchaban. Y nos \u00a0demostraron que ese silencio, era una resistencia que a quinientos a\u00f1os siguen estando vigentes, una sangre tambi\u00e9n \u00a0derramada que sembr\u00f3 esta tierra de esperanza. Porque, seguramente en ning\u00fan lado va a salir que nos juntamos ac\u00e1, no va a salir en los grandes medios. \u00a0Pero, esto es parte de la entra\u00f1a del coraz\u00f3n de nuestra patria, que en muchos lugares hoy se levantan\u201d.<\/em><\/strong><\/p>\n<p>Y continuo diciendo\u00a0 \u00ab<em><strong>porque San Mart\u00edn y Bol\u00edvar cuando se juntaron hablaban de esa gran naci\u00f3n latinoamericana, y despu\u00e9s nos hicieron la cabeza para que\u00a0 empecemos a construir los Estados naci\u00f3n reparados y nos separemos entre nosotros.\u00a0 Es tiempo de volver a ese imaginario, es tiempo de defender la territorialidad latinoamericana\u00a0 contra el imperio, contra los imperios. En ese esp\u00edritu es como el Fog\u00f3n nace, no como el lugar de una organizaci\u00f3n, sino como el cuenco en donde ojala todas las organizaciones hermanas podamos\u00a0 entender que la unidad es de car\u00e1cter estrat\u00e9gico y\u00a0 tiene que ver con definir al enemigo.\u00a0<\/strong><\/em><\/p>\n<p>Lo propio sucedi\u00f3 en el espacio de la<strong> Comunidad Pacheco de Voluntario Global, que desde la tarde \u00a0se hizo <\/strong>un Fog\u00f3n con la juventud que comparten el espacio \u00a0para reflexionar sobre la vida del General Manuel Belgrano. Los \u00a0\u00a0ejes que tomaron para el debate fueron el derecho a estudiar de las mujeres, la contaminaci\u00f3n de los mataderos en el Rio de la Plata, el ejemplo de militancia y lucha que reivindicaba la \u00a0forma de vivir de Belgrano.<\/p>\n<p>Tambi\u00e9n, desde la Paz, provincia de Entre R\u00edos, nos comunicamos con Juan Carlos S\u00e1nchez integrante de la <strong>19 y 20<\/strong> de esa provincia, que nos coment\u00f3 sobre la actividad de la ni\u00f1ez que se realizara este s\u00e1bado 23 en el barrio Los Toldos. \u00a0Con el prop\u00f3sito de \u00a0promover una \u00a0ley nacional sobre el derecho a \u00a0la ni\u00f1ez y la adolescencia. En su reflexi\u00f3n sobre el d\u00eda de la bandera hizo referencia a la situaci\u00f3n de crisis que atraviesa nuestra patria, comparando \u00a0la vida de Belgrano quien\u00a0 lucho por nuestra patria y muri\u00f3 en la pobreza, a diferencia de los gobiernos que hoy nos representan quienes se enriquecen a costa de hambrear a todo un pueblo.<\/p>\n<p><strong><em>\u201cNosotros vamos a recomponer el tejido social con mucha solidaridad \u00a0y en otros lados la vamos a potenciar, esa es la misi\u00f3n que tenemos\u201d,<\/em><\/strong> dijo a RCI.<\/p>\n<p><a href=\"https:\/\/radiocut.fm\/radiostation\/riachuelo\/listen\/2018\/06\/20\/18\/00\/00\/\">ESCUCHA EL PROGRAMA COMPLETO<\/a><\/p>\n","protected":false},"excerpt":{"rendered":"<p>[Fm Riachuelo 22\/06\/2018] En un \u00a0Programa especial de Rompe el Cerco Informativo en \u00a0conmemoraci\u00f3n del D\u00eda de la Bandera, se realiz\u00f3\u00a0una cobertura especial, en las diferentes organizaciones y herramientas que vienen trabajando junto a Los Pibes en la lucha por alcanzar la Segunda y Definitiva Independencia. Fue un d\u00eda de encuentro, debate y trabajo solidario [&hellip;]<\/p>\n","protected":false},"author":5,"featured_media":7341,"comment_status":"open","ping_status":"open","sticky":false,"template":"","format":"standard","meta":{"_monsterinsights_skip_tracking":false,"_monsterinsights_sitenote_active":false,"_monsterinsights_sitenote_note":"","_monsterinsights_sitenote_category":0,"jnews-multi-image_gallery":[],"jnews_single_post":[],"jnews_primary_category":[],"_joinchat":[],"footnotes":""},"categories":[80,76,74],"tags":[],"class_list":["post-7333","post","type-post","status-publish","format-standard","has-post-thumbnail","hentry","category-educacion","category-salud-comunitaria","category-san-cayetano"],"_links":{"self":[{"href":"http:\/\/fmriachuelo.it10.com.ar\/index.php\/wp-json\/wp\/v2\/posts\/7333","targetHints":{"allow":["GET"]}}],"collection":[{"href":"http:\/\/fmriachuelo.it10.com.ar\/index.php\/wp-json\/wp\/v2\/posts"}],"about":[{"href":"http:\/\/fmriachuelo.it10.com.ar\/index.php\/wp-json\/wp\/v2\/types\/post"}],"author":[{"embeddable":true,"href":"http:\/\/fmriachuelo.it10.com.ar\/index.php\/wp-json\/wp\/v2\/users\/5"}],"replies":[{"embeddable":true,"href":"http:\/\/fmriachuelo.it10.com.ar\/index.php\/wp-json\/wp\/v2\/comments?post=7333"}],"version-history":[{"count":0,"href":"http:\/\/fmriachuelo.it10.com.ar\/index.php\/wp-json\/wp\/v2\/posts\/7333\/revisions"}],"wp:featuredmedia":[{"embeddable":true,"href":"http:\/\/fmriachuelo.it10.com.ar\/index.php\/wp-json\/"}],"wp:attachment":[{"href":"http:\/\/fmriachuelo.it10.com.ar\/index.php\/wp-json\/wp\/v2\/media?parent=7333"}],"wp:term":[{"taxonomy":"category","embeddable":true,"href":"http:\/\/fmriachuelo.it10.com.ar\/index.php\/wp-json\/wp\/v2\/categories?post=7333"},{"taxonomy":"post_tag","embeddable":true,"href":"http:\/\/fmriachuelo.it10.com.ar\/index.php\/wp-json\/wp\/v2\/tags?post=7333"}],"curies":[{"name":"wp","href":"https:\/\/api.w.org\/{rel}","templated":true}]}}