{"id":733,"date":"2015-02-06T11:38:00","date_gmt":"2015-02-06T11:38:00","guid":{"rendered":"http:\/\/fmriachuelo.observatorioess.org.ar\/index.php\/2015\/02\/06\/mexico-las-desapariciones-forzadas\/"},"modified":"2025-03-26T14:46:18","modified_gmt":"2025-03-26T17:46:18","slug":"mexico-las-desapariciones-forzadas","status":"publish","type":"post","link":"http:\/\/fmriachuelo.it10.com.ar\/index.php\/2015\/02\/06\/mexico-las-desapariciones-forzadas\/","title":{"rendered":"MEXICO: LAS DESAPARICIONES FORZADAS"},"content":{"rendered":"<p><span style=\"font-family: Verdana, sans-serif\"><span style=\"color: red;font-size: large\"><strong>SE DESCONOCE&nbsp;AUN CUAL ES LA PARTICIPACION DE LAS AUTORIDADES<\/strong><\/span><\/span><br \/><span style=\"font-family: Verdana, sans-serif\"><strong><\/strong><br \/><strong>M\u00e9xico: M\u00e1s de mil personas desaparecidas en los \u00faltimos 2 a\u00f1os<\/strong><br \/><\/span><\/p>\n<div style=\"clear: both;text-align: center\"><span style=\"font-family: Verdana, sans-serif\"><strong style=\"clear: left;float: left;margin-bottom: 1em;margin-right: 1em\"><img loading=\"lazy\" decoding=\"async\" border=\"0\" src=\"http:\/\/4.bp.blogspot.com\/-8iDTG6NPi-U\/VNSmUrLPbtI\/AAAAAAAACsU\/5brKBsc3n84\/s1600\/desaparecidos_jpg_1718483346.jpg\" height=\"181\" width=\"320\" \/><\/strong><\/span><\/div>\n<p><span style=\"font-family: Verdana, sans-serif\"><\/p>\n<div style=\"text-align: justify\">La Comisi\u00f3n Ejecutiva de Atenci\u00f3n a V\u00edctimas (CEAV) registr\u00f3 en los dos \u00faltimos a\u00f1os mil 577 personas desaparecidas \u00abrespecto de hechos victimizantes ocurridos dentro de territorio nacional\u00bb.<\/div>\n<div style=\"text-align: justify\">Seg\u00fan el art\u00edculo publicado en el&nbsp;peri\u00f3dico mexicano La Jornada, el informe de la CEAV no se\u00f1ala en cu\u00e1ntos casos la desaparici\u00f3n pudiera haber sido cometida por autoridades, lo cual convertir\u00eda las denuncias en casos de desaparici\u00f3n forzada, ni el n\u00famero de v\u00edctimas de grupos delictivos.<\/div>\n<div style=\"clear: both;text-align: center\"><a href=\"http:\/\/1.bp.blogspot.com\/-J-b92PO0jjM\/VNSob_i6ocI\/AAAAAAAACso\/sF3kLb9Utyw\/s1600\/marcha%2Ben%2Bmexico.jpg\" style=\"clear: left;float: left;margin-bottom: 1em;margin-right: 1em\"><img loading=\"lazy\" decoding=\"async\" border=\"0\" src=\"http:\/\/1.bp.blogspot.com\/-J-b92PO0jjM\/VNSob_i6ocI\/AAAAAAAACso\/sF3kLb9Utyw\/s1600\/marcha%2Ben%2Bmexico.jpg\" height=\"213\" width=\"320\" \/><\/a><\/div>\n<div>&nbsp;<\/div>\n<div style=\"text-align: justify\">Mientras tanto, miles participaron en una marcha en la Autopista del Sol, en Chilpancingo (M\u00e9xico). La manifestaci\u00f3n exigi\u00f3 la aparici\u00f3n con vida de los alumnos de la Escuela Normal de <span>\u202a<\/span><span>Ayotzinapa\u202c<\/span> y la salida del Ej\u00e9rcito del estado de Guerrero. <\/div>\n<div style=\"clear: both;text-align: center\"><\/div>\n<p><a name='more'><\/a><br \/>El organismo, Comisi\u00f3n&nbsp;Ejecutiva de Atenci\u00f3n a las V\u00edctimas, &nbsp;expuso que de&nbsp;diciembre de 2012 a diciembre de 2014 <strong>los estados con mayor n\u00famero de denuncias son Coahuila, Jalisco, Veracruz, Guerrero, Sonora y Nuevo Le\u00f3n.<\/strong><\/p>\n<p>Asimismo, indicaron que en&nbsp;los meses con mayor cifra de desapariciones informadas en las oficinas del organismo por familiares de las v\u00edctimas, <strong>fueron septiembre de 2013 y de 2014, con 355 casos<\/strong>.<br \/>Unos 239 casos fueron reportados en&nbsp;diciembre de 2012, 2013 y 2014; en julio de 2013 y 2014 se inform\u00f3 de 183 casos; en agosto de 2013 y 2014 fueron 160 v\u00edctimas, y en mayo de 2013 y 2014 se contabilizaron 128 expedientes.<br \/>De estas personas desaparecidas fueron encontradas 56, de las cuales seis no cuentan&nbsp;con fecha de localizaci\u00f3n.<br \/><span style=\"color: maroon\"><strong>En contexto<\/strong><\/span><br \/>M\u00e9xico padece la crisis m\u00e1s profunda en materia de desapariciones forzadas que se haya producido en Am\u00e9rica Latina en las \u00faltimas d\u00e9cadas. Hace una semana,&nbsp;el pa\u00eds present\u00f3 ante el Comit\u00e9 de la ONU sobre Desapariciones Forzadas una propuesta&nbsp;de que para junio contar\u00e1 con una ley general para corregir esta problem\u00e1tica.<br \/>La Comisi\u00f3n Nacional de los Derechos Humanos (CNDH) asegur\u00f3 que el Gobierno mexicano no ha cumplido con los mecanismos necesarios&nbsp;para establecer una b\u00fasqueda adecuada en el caso de personas desaparecidas, presentado en informe este lunes&nbsp;ante el Comit\u00e9 de Desapariciones Forzadas de Naciones Unidas.<br \/><span style=\"color: maroon\"><strong><span style=\"color: black\">\u00bfD\u00f3nde ocurren las desapariciones y las desapariciones forzadas?<\/span><\/strong><\/span><br \/>Organizaciones sociales&nbsp;se\u00f1alan que la mayor\u00eda de las desapariciones han tenido lugar en estados donde se registran&nbsp;elevados \u00edndices de violencia delictiva y donde se ha intensificado la presencia de la polic\u00eda y las fuerzas de seguridad.<br \/>Entre estos estados destacan: Tamaulipas, Chihuahua, Nuevo Le\u00f3n, Coahuila, Michoac\u00e1n y Guerrero.&nbsp;El primer estado mexicano que encabeza la lista de personas desaparecidas es Tamaulipas, seguido de Jalisco.<br \/><span style=\"color: blue\">Fuente: Telesur, Producci\u00f3n Riachuelo<\/span><\/p>\n<div style=\"clear: both;text-align: center\"><a href=\"http:\/\/2.bp.blogspot.com\/-Rm2X1Eb1xfM\/VNSnqUbWJQI\/AAAAAAAACsg\/h12G0_lNaaA\/s1600\/COOP%2BRIACHIUELO%2BPRODUCCIONES.jpg\" style=\"clear: left;float: left;margin-bottom: 1em;margin-right: 1em\"><img loading=\"lazy\" decoding=\"async\" border=\"0\" src=\"http:\/\/2.bp.blogspot.com\/-Rm2X1Eb1xfM\/VNSnqUbWJQI\/AAAAAAAACsg\/h12G0_lNaaA\/s1600\/COOP%2BRIACHIUELO%2BPRODUCCIONES.jpg\" height=\"58\" width=\"200\" \/><\/a><\/div>\n<p> <\/span><\/p>\n","protected":false},"excerpt":{"rendered":"<p>SE DESCONOCE&nbsp;AUN CUAL ES LA PARTICIPACION DE LAS AUTORIDADESM\u00e9xico: M\u00e1s de mil personas desaparecidas en los \u00faltimos 2 a\u00f1os La Comisi\u00f3n Ejecutiva de Atenci\u00f3n a V\u00edctimas (CEAV) registr\u00f3 en los dos \u00faltimos a\u00f1os mil 577 personas desaparecidas \u00abrespecto de hechos victimizantes ocurridos dentro de territorio nacional\u00bb. Seg\u00fan el art\u00edculo publicado en el&nbsp;peri\u00f3dico mexicano La Jornada, [&hellip;]<\/p>\n","protected":false},"author":4,"featured_media":0,"comment_status":"open","ping_status":"open","sticky":false,"template":"","format":"standard","meta":{"_monsterinsights_skip_tracking":false,"_monsterinsights_sitenote_active":false,"_monsterinsights_sitenote_note":"","_monsterinsights_sitenote_category":0,"jnews-multi-image_gallery":[],"jnews_single_post":{"format":"standard"},"jnews_primary_category":[],"_joinchat":[],"footnotes":""},"categories":[58],"tags":[70,119],"class_list":["post-733","post","type-post","status-publish","format-standard","hentry","category-noticiariachuelo","tag-de-la-patria-grande","tag-derechos-humanos"],"_links":{"self":[{"href":"http:\/\/fmriachuelo.it10.com.ar\/index.php\/wp-json\/wp\/v2\/posts\/733","targetHints":{"allow":["GET"]}}],"collection":[{"href":"http:\/\/fmriachuelo.it10.com.ar\/index.php\/wp-json\/wp\/v2\/posts"}],"about":[{"href":"http:\/\/fmriachuelo.it10.com.ar\/index.php\/wp-json\/wp\/v2\/types\/post"}],"author":[{"embeddable":true,"href":"http:\/\/fmriachuelo.it10.com.ar\/index.php\/wp-json\/wp\/v2\/users\/4"}],"replies":[{"embeddable":true,"href":"http:\/\/fmriachuelo.it10.com.ar\/index.php\/wp-json\/wp\/v2\/comments?post=733"}],"version-history":[{"count":1,"href":"http:\/\/fmriachuelo.it10.com.ar\/index.php\/wp-json\/wp\/v2\/posts\/733\/revisions"}],"predecessor-version":[{"id":22513,"href":"http:\/\/fmriachuelo.it10.com.ar\/index.php\/wp-json\/wp\/v2\/posts\/733\/revisions\/22513"}],"wp:attachment":[{"href":"http:\/\/fmriachuelo.it10.com.ar\/index.php\/wp-json\/wp\/v2\/media?parent=733"}],"wp:term":[{"taxonomy":"category","embeddable":true,"href":"http:\/\/fmriachuelo.it10.com.ar\/index.php\/wp-json\/wp\/v2\/categories?post=733"},{"taxonomy":"post_tag","embeddable":true,"href":"http:\/\/fmriachuelo.it10.com.ar\/index.php\/wp-json\/wp\/v2\/tags?post=733"}],"curies":[{"name":"wp","href":"https:\/\/api.w.org\/{rel}","templated":true}]}}