{"id":7326,"date":"2018-06-21T17:08:18","date_gmt":"2018-06-21T17:08:18","guid":{"rendered":"http:\/\/fmriachuelo.com.ar\/?p=7326"},"modified":"2018-06-21T17:08:18","modified_gmt":"2018-06-21T17:08:18","slug":"organizaciones-populares-exigen-libertad-de-militantes-del-jp-evita","status":"publish","type":"post","link":"http:\/\/fmriachuelo.it10.com.ar\/index.php\/2018\/06\/21\/organizaciones-populares-exigen-libertad-de-militantes-del-jp-evita\/","title":{"rendered":"ORGANIZACIONES POPULARES EXIGEN LIBERTAD DE MILITANTES DEL JP EVITA"},"content":{"rendered":"<p><strong>[Fm Riachuelo, 21\/06\/2018] Este jueves diferentes organizaciones sociales que conforman la Confederaci\u00f3n de Trabajadores de la Econom\u00eda Popular y el Movimiento Evita \u00a0concentraron a las 9 de la ma\u00f1ana en el Obelisco, y luego movilizaron hasta la Casa de Salta, para denunciar y exigir la liberaci\u00f3n de los compa\u00f1eros detenidos en \u00a0Salvador Mazza, provincia de Salta.<\/strong><\/p>\n<p>Los integrantes del JP Evita, fueron detenidos en el barrio 18 de Marzo, mientras realizaban tareas de relevamiento que forman parte de los barrios populares, y en las que trabajan varias organizaciones sociales junto al ANSES.<\/p>\n<p>En el marco de un desalojo, los militantes <em>Mat\u00edas Mora y Jos\u00e9 Antonio Castro Videla<\/em>, miembros del movimiento Evita fueron detenidos ileg\u00edtimamente, cuando trataban de impedir el desalojo de dudosa legalidad a mas de 100 familias del barrio 18 de Marzo, en la provincia de Salta.<\/p>\n<p>Fm Riachuelo, estuvo presente en el acto donde Esteban \u201cGringo\u201d Castro, Secretario General de CTEP Afirmo<strong><em>: \u201cel problema lo van a tener que resolver\u201d. Adem\u00e1s agrego, \u00a0\u201csi los compa\u00f1eros no salen hoy, ma\u00f1ana viernes se hace un acampe\u201d.<\/em><\/strong><\/p>\n<p>Tambi\u00e9n habl\u00f3 Ignacio Rico, responsable nacional de la \u00a0JP Evita, que dijo: <strong><em>\u201cla pelea de la militancia, el desaf\u00edo que tenemos los j\u00f3venes y las organizaciones populares es redoblar el esfuerzo y seguir por la pelea de la \u00a0urbanizaci\u00f3n de nuestros barrios, de la urbanizaci\u00f3n de nuestras villas y por la dignidad que nos debe la pol\u00edtica, que nunca hace nada y deja abandonado a nuestros barrios populares\u201d. <\/em><\/strong><\/p>\n<p>La movilizaci\u00f3n finaliz\u00f3 con el agradecimiento del hermano de Mat\u00edas, uno de los militantes detenidos.<\/p>\n","protected":false},"excerpt":{"rendered":"<p>[Fm Riachuelo, 21\/06\/2018] Este jueves diferentes organizaciones sociales que conforman la Confederaci\u00f3n de Trabajadores de la Econom\u00eda Popular y el Movimiento Evita \u00a0concentraron a las 9 de la ma\u00f1ana en el Obelisco, y luego movilizaron hasta la Casa de Salta, para denunciar y exigir la liberaci\u00f3n de los compa\u00f1eros detenidos en \u00a0Salvador Mazza, provincia de [&hellip;]<\/p>\n","protected":false},"author":5,"featured_media":7330,"comment_status":"open","ping_status":"open","sticky":false,"template":"","format":"standard","meta":{"_monsterinsights_skip_tracking":false,"_monsterinsights_sitenote_active":false,"_monsterinsights_sitenote_note":"","_monsterinsights_sitenote_category":0,"jnews-multi-image_gallery":[],"jnews_single_post":[],"jnews_primary_category":[],"_joinchat":[],"footnotes":""},"categories":[76,74,75],"tags":[],"class_list":["post-7326","post","type-post","status-publish","format-standard","has-post-thumbnail","hentry","category-salud-comunitaria","category-san-cayetano","category-trabajo"],"_links":{"self":[{"href":"http:\/\/fmriachuelo.it10.com.ar\/index.php\/wp-json\/wp\/v2\/posts\/7326","targetHints":{"allow":["GET"]}}],"collection":[{"href":"http:\/\/fmriachuelo.it10.com.ar\/index.php\/wp-json\/wp\/v2\/posts"}],"about":[{"href":"http:\/\/fmriachuelo.it10.com.ar\/index.php\/wp-json\/wp\/v2\/types\/post"}],"author":[{"embeddable":true,"href":"http:\/\/fmriachuelo.it10.com.ar\/index.php\/wp-json\/wp\/v2\/users\/5"}],"replies":[{"embeddable":true,"href":"http:\/\/fmriachuelo.it10.com.ar\/index.php\/wp-json\/wp\/v2\/comments?post=7326"}],"version-history":[{"count":0,"href":"http:\/\/fmriachuelo.it10.com.ar\/index.php\/wp-json\/wp\/v2\/posts\/7326\/revisions"}],"wp:featuredmedia":[{"embeddable":true,"href":"http:\/\/fmriachuelo.it10.com.ar\/index.php\/wp-json\/"}],"wp:attachment":[{"href":"http:\/\/fmriachuelo.it10.com.ar\/index.php\/wp-json\/wp\/v2\/media?parent=7326"}],"wp:term":[{"taxonomy":"category","embeddable":true,"href":"http:\/\/fmriachuelo.it10.com.ar\/index.php\/wp-json\/wp\/v2\/categories?post=7326"},{"taxonomy":"post_tag","embeddable":true,"href":"http:\/\/fmriachuelo.it10.com.ar\/index.php\/wp-json\/wp\/v2\/tags?post=7326"}],"curies":[{"name":"wp","href":"https:\/\/api.w.org\/{rel}","templated":true}]}}