{"id":732,"date":"2015-02-06T23:14:00","date_gmt":"2015-02-06T23:14:00","guid":{"rendered":"http:\/\/fmriachuelo.observatorioess.org.ar\/index.php\/2015\/02\/06\/parque-lezama-bajo-amenaza\/"},"modified":"2025-03-26T14:47:33","modified_gmt":"2025-03-26T17:47:33","slug":"parque-lezama-bajo-amenaza","status":"publish","type":"post","link":"http:\/\/fmriachuelo.it10.com.ar\/index.php\/2015\/02\/06\/parque-lezama-bajo-amenaza\/","title":{"rendered":"PARQUE LEZAMA BAJO AMENAZA"},"content":{"rendered":"<p><span style=\"color: red;font-family: Verdana, sans-serif;font-size: large\"><strong>CONTRA LAS REJAS Y A FAVOR DE LOS VECINOS&nbsp; <\/strong><\/span><br \/><span style=\"font-family: Verdana, sans-serif\"><strong>[FMR06\/02\/15]El Parque Lezama est\u00e1 amenazado. Frente al incumplimiento y la demora de las obras planificadas los funcionarios del Gobierno de la Ciudad lanzaron falsas denuncias medi\u00e1ticas que tienen por objeto avanzar con las rejas en el parque y  limitar el libre uso para la numerosa poblaci\u00f3n del barrio y de transe\u00fantes de la ciudad.<\/strong><br \/>El pr\u00f3ximo s\u00e1bado 7 de febrero a las 18 hs. la Asamblea del Parque Lezama convoc\u00f3 a una asamblea abierta  de vecinos e interesados,  para dialogar y encontrar modos de enfrentar organizados el avance de las pol\u00edticas de este gobierno ciudadano que est\u00e1n alejadas del pueblo.&nbsp;<\/p>\n<div style=\"text-align: left\">Escuch\u00e1 el <a href=\"http:\/\/www.mediafire.com\/listen\/2gg1f9znc58wxn8\/CHIZPASO_INFORMATIVO_CON_MAURICIO_DE_LA_ASAMBLEA_DEL_LEZAMA.mp3\">CHISPAZO INFORMATIVO CON MAURICIO GARCIA<\/a>&nbsp;de la Asamblea del Parque Lezama en <strong>Fm Riachuelo<\/strong>, en donde cuenta la situaci\u00f3n actual.<\/div>\n<p><\/span><a name='more'><\/a><br \/><span style=\"font-family: Verdana\"><\/span><\/p>\n<div style=\"text-align: center\"><span style=\"font-family: Verdana, sans-serif\"><strong>Difundimos Comunicado<\/strong><\/span><\/div>\n<p><span style=\"font-family: Verdana, sans-serif\"><strong>Asamblea Parque Lezama: \u201cEl GCBA y su cortina de humo medi\u00e1tica<\/strong><\/span><\/p>\n<p><span style=\"font-family: Verdana, sans-serif\">El GCBA y su cortina de humo medi\u00e1tica<\/p>\n<p>Con sucias campa\u00f1as medi\u00e1ticas el GCBA a trav\u00e9s del Ministerio de Ambiente y Espacio P\u00fablico y de la Agencia de Protecci\u00f3n Ambiental busca acallar nuestras voces y la realidad de lo que realmente pasa con el incumplimiento en las obras del Parque Lezama.<\/p>\n<p>No cumplir la voluntad popular y romper promesas son una de las peores causas en las que puede caer una persona y m\u00e1s todav\u00eda si se trata de pol\u00edticos que deber\u00edan respetar los intereses del pueblo.<\/p>\n<p>Lo que est\u00e1 pasando en el Parque Lezama es una muestra de los a\u00f1os nefastos por venir en cada funci\u00f3n p\u00fablica que sea atravesada por la pol\u00edtica neoliberal de estos malos gobiernos que no respetan los acuerdos hechos por sus propios funcionarios a trav\u00e9s de la voluntad popular.<\/p>\n<p>Durante las reuniones en 2013 con el Min. Ambiente y Espacio P\u00fablico logramos 3 consensos fundamentales e inamovibles:<\/p>\n<p>Obras por etapas para poder disfrutar el Parque<br \/> Parque Libre de Rejas<br \/> Anfiteatro como espacio de reuni\u00f3n social y sin espejo de agua<br \/> E hicimos 3 propuestas adicionales:<br \/> Que no se reduzcan los espacios verdes y se mantengan las especies arb\u00f3reas.<br \/> Que se acondicione un espacio para recreaci\u00f3n deportiva con cancha de futbol<br \/> Que se incorporen placeros, guardaparques e iluminaci\u00f3n<br \/> Al momento de comenzar las obras se formo la \u2018Comisi\u00f3n Vecinal de Seguimiento de Obras del Parque Lezama\u2019 dentro de la Comisi\u00f3n de Espacio P\u00fablico del Consejo Consultivo Comunal 1.<br \/> Debido a las negligencias que se estaban dando en las obras el d\u00eda 20 de Noviembre de 2014 se decidi\u00f3 ingresar un pedido de informaci\u00f3n p\u00fablica bajo la ley 104 EX \u2013 2014-16899778-, referido a remoci\u00f3n de especies arb\u00f3reas, atrasos en las obras (debi\u00f3 finalizar en Noviembre de 2014) y cierre total del parque.<br \/> Este 104 hasta el momento no fue contestado y continuamos esperando respuesta al pedido de informaci\u00f3n.<\/p>\n<p>Algunas de las negligencia identificadas fueron rotura de copones (destruidos mientras se colocaban por movimientos descuidados con m\u00e1quinas). El intertrabado reci\u00e9n terminado se encuentra roto y\/o hundido en algunos sectores y descalzado en cordones, se encontraron luminarias patrimoniales tiradas sin el cuidado necesario sobre estas piezas.<br \/> Cables de las c\u00e1maras de seguridad reci\u00e9n instaladas sujetos a los \u00e1rboles, lo cual adem\u00e1s de hacer da\u00f1o a la especie indica una falta de t\u00e9cnica para la instalaci\u00f3n dentro de un espacio decretado Monumento Hist\u00f3rico Nacional.<\/p>\n<p>Adem\u00e1s, una vez instalado el sistema de riego y desag\u00fce se detecto que la rampa de acceso al ba\u00f1o para personas con movilidad reducida, no hab\u00eda sido realizada (pedido vecinal de Marzo 2013), con lo cual se debi\u00f3 volver a excavar la barranca (1,5m aprox). cortando el sistema de desag\u00fce y riego ya instalado.<br \/> Estas son solo algunas demostraciones de la malversaci\u00f3n de los mas de $23 millones de pesos de fondos p\u00fablicos asignados a la obra.<\/p>\n<p>Adem\u00e1s del mal uso de los fondos p\u00fablicos e incumplimiento de deberes de funcionario p\u00fablico el GCBA est\u00e1 incumpliendo en brindarle bienestar a sus habitantes vallando totalmente el parque, que es el \u00fanico lugar posible y de libre acceso para esparcimiento y recreaci\u00f3n que tenemos los vecinos y vecinas que vivimos en esta zona de la ciudad.<\/p>\n<p>El GCBA tendr\u00e1 que pagar un costo pol\u00edtico muy alto si intenta con esta maniobra medi\u00e1tica y falsa poner las rejas en el Parque Lezama incumpliendo as\u00ed todos los acuerdos logrados.<\/p>\n<p>Los vecinos y vecinas vamos a defender los consensos logrados en esta lucha y desde ya repudiamos cualquier hecho de represi\u00f3n o violencia y hacemos responsable al Jefe de Gobierno de la CABA por los mismos. Defendemos nuestro derecho real a la libre circulaci\u00f3n y en que momento usarlo, a reunirnos en un espacio p\u00fablico y abierto y sobre todo defender nuestro derecho a decidir como queremos nuestro Parque.<\/p>\n<p>Este s\u00e1bado 7 a las 18hs en el Anfiteatro del Parque Lezama nos seguimos organizando en la Comisi\u00f3n Vecinal Parque Lezama por la defensa de nuestro Parque.<\/span><br \/><span style=\"color: blue;font-family: Verdana\">Fuente: Producci\u00f3n Riachuelo<\/span><\/p>\n","protected":false},"excerpt":{"rendered":"<p>CONTRA LAS REJAS Y A FAVOR DE LOS VECINOS&nbsp; [FMR06\/02\/15]El Parque Lezama est\u00e1 amenazado. Frente al incumplimiento y la demora de las obras planificadas los funcionarios del Gobierno de la Ciudad lanzaron falsas denuncias medi\u00e1ticas que tienen por objeto avanzar con las rejas en el parque y limitar el libre uso para la numerosa poblaci\u00f3n [&hellip;]<\/p>\n","protected":false},"author":4,"featured_media":0,"comment_status":"open","ping_status":"open","sticky":false,"template":"","format":"standard","meta":{"_monsterinsights_skip_tracking":false,"_monsterinsights_sitenote_active":false,"_monsterinsights_sitenote_note":"","_monsterinsights_sitenote_category":0,"jnews-multi-image_gallery":[],"jnews_single_post":{"format":"standard"},"jnews_primary_category":[],"_joinchat":[],"footnotes":""},"categories":[58],"tags":[147],"class_list":["post-732","post","type-post","status-publish","format-standard","hentry","category-noticiariachuelo","tag-habitat"],"_links":{"self":[{"href":"http:\/\/fmriachuelo.it10.com.ar\/index.php\/wp-json\/wp\/v2\/posts\/732","targetHints":{"allow":["GET"]}}],"collection":[{"href":"http:\/\/fmriachuelo.it10.com.ar\/index.php\/wp-json\/wp\/v2\/posts"}],"about":[{"href":"http:\/\/fmriachuelo.it10.com.ar\/index.php\/wp-json\/wp\/v2\/types\/post"}],"author":[{"embeddable":true,"href":"http:\/\/fmriachuelo.it10.com.ar\/index.php\/wp-json\/wp\/v2\/users\/4"}],"replies":[{"embeddable":true,"href":"http:\/\/fmriachuelo.it10.com.ar\/index.php\/wp-json\/wp\/v2\/comments?post=732"}],"version-history":[{"count":1,"href":"http:\/\/fmriachuelo.it10.com.ar\/index.php\/wp-json\/wp\/v2\/posts\/732\/revisions"}],"predecessor-version":[{"id":22514,"href":"http:\/\/fmriachuelo.it10.com.ar\/index.php\/wp-json\/wp\/v2\/posts\/732\/revisions\/22514"}],"wp:attachment":[{"href":"http:\/\/fmriachuelo.it10.com.ar\/index.php\/wp-json\/wp\/v2\/media?parent=732"}],"wp:term":[{"taxonomy":"category","embeddable":true,"href":"http:\/\/fmriachuelo.it10.com.ar\/index.php\/wp-json\/wp\/v2\/categories?post=732"},{"taxonomy":"post_tag","embeddable":true,"href":"http:\/\/fmriachuelo.it10.com.ar\/index.php\/wp-json\/wp\/v2\/tags?post=732"}],"curies":[{"name":"wp","href":"https:\/\/api.w.org\/{rel}","templated":true}]}}