{"id":7313,"date":"2018-06-18T16:50:59","date_gmt":"2018-06-18T16:50:59","guid":{"rendered":"http:\/\/fmriachuelo.com.ar\/?p=7313"},"modified":"2018-06-18T16:50:59","modified_gmt":"2018-06-18T16:50:59","slug":"justicia-por-natalia-y-nuria-empezo-el-juicio-oral-y-publico","status":"publish","type":"post","link":"http:\/\/fmriachuelo.it10.com.ar\/index.php\/2018\/06\/18\/justicia-por-natalia-y-nuria-empezo-el-juicio-oral-y-publico\/","title":{"rendered":"JUSTICIA POR NATALIA Y NURIA:EMPEZ\u00d3 EL JUICIO ORAL Y P\u00daBLICO"},"content":{"rendered":"<p><strong>[Colectivo de Medios de Comunicaci\u00f3n Popular* 18\/06\/2018]<\/strong>\u00a0<strong>La primera audiencia del juicio oral y p\u00fablico contra el asesino de Natalia Grenbenshicova (15) y Nuria Couto (18) sucedi\u00f3 el pasado jueves 14 en Comodoro Py. Mariano Bonetto, el veterinario que acuchill\u00f3 en Parque Irala de La Boca a las dos adolescentes, no presenciar\u00e1 el proceso porque el TOC 22 permiti\u00f3 esa opci\u00f3n.<\/strong><\/p>\n<p>La Sala G en el s\u00e9ptimo piso de los Tribunales de Retiro no pudo contener a las familias de las dos v\u00edctimas, ni a los vecinos de La Boca, ni a los veedores de la Embajada de Rusia, ni a les docentes de la Escuela de Bellas Artes Manuel Belgrano, ni a las amistades de Nuria y Natalia, que entre todes reunieron alrededor de 50 personas. La prensa tampoco pudo estar presente al inicio del juicio para escuchar a Bonetto. Ni registrar el momento en que la defensa ningune\u00f3 el dolor de Anna Rodionova, mam\u00e1 de Natalia, por hablar otro idioma. \u201cA m\u00ed me gustar\u00eda que todo esto la prensa lo escuche. Esta fue una maniobra distractora al momento de empezar la audiencia porque el Tribunal dijo que no pod\u00edan hacer nada (respecto a la capacidad de la sala) y no dejaron entrar al p\u00fablico, aunque hab\u00eda sillas vac\u00edas y sab\u00edan de las acreditaciones\u00bb apunt\u00f3 Liliana Borysiuk, abogada querellante por la familia de Natalia. \u00abMe molest\u00f3 bastante y estamos haciendo gesti\u00f3n por una sala m\u00e1s grande para que los que quieran mentir no puedan\u201d, agreg\u00f3.<\/p>\n<p>Los testigos de esta audiencia, ese fat\u00eddico 11 de octubre de 2016, estaban en situaci\u00f3n social en la Plaza Irala y contaron lo que vieron. Que Bonetto estaba sentado en el pasto, s\u00f3lo, haciendo yoga o meditaci\u00f3n. Que se par\u00f3 a pedir una seca de cigarrillo. Que se volvi\u00f3 a sentar donde estaba. Que pocos minutos despu\u00e9s se levant\u00f3 y acerc\u00f3 a Nuria y Mart\u00edn. Que con ellos cant\u00f3, a los gritos exagerados, un tema de Luis Alberto Spinetta. Que as\u00ed estuvieron cuarenta minutos, en una situaci\u00f3n normal (la de una plaza una tarde de sol donde un desconocido se acerca a compartir m\u00fasica), pero que los chicos se sintieron inc\u00f3modos por no saber qui\u00e9n era y porque se quedaba tanto tiempo sin invitaci\u00f3n.<\/p>\n<p>Que de un segundo a otro se tir\u00f3 encima de Nuria y empez\u00f3 a lastimarla. Que de lejos parec\u00eda un juego hasta que vieron sangre. Que Mart\u00edn quiso apartarlo y consigui\u00f3 que lo persiguiera a \u00e9l con el cuchillo enorme. Que dobl\u00f3 y pudo escapar pero Bonetto eligi\u00f3 a alguien m\u00e1s para hacerle da\u00f1o. Que tom\u00f3 a Natalia por el cuello, de espaldas, y la apu\u00f1al\u00f3 sin cesar. Que un herrero vio la persecuci\u00f3n y c\u00f3mo agarr\u00f3 a Natalia. Que le grit\u00f3 que pare y se acerc\u00f3. Que a la segunda vez que tuvieron contacto visual, Bonetto fren\u00f3 su ataque. El herrero sinti\u00f3 en la mirada que el veterinario estaba consciente de lo que hac\u00eda y quer\u00eda seguir. Que se levanta y lo amenaza con el cuchillo con el filo de la hoja hacia abajo. El herrero cont\u00f3 que se paraliz\u00f3 y que el homicida sali\u00f3 corriendo a toda velocidad por el interior del Parque. El herrero dijo que se da vuelta para observar su entorno y que al volver la vista Bonetto estaba tirado con el cuchillo clavado en la sien. Una vecina (a la que el herrero colocaba una reja en su casa frente al Irala) primero socorri\u00f3 a Nuria, y otros testigos la llevaron en un auto muy mal herida a la guardia del Hospital Argerich. Despu\u00e9s contuvo a Natalia, que desvanecida no entend\u00eda lo que pasaba. La vecina llam\u00f3 al SAME, les dijo a los m\u00e9dicos que la v\u00edctima era la nena porque cuando llegaron atendieron primero a Bonetto. La doctora que viaj\u00f3 en la ambulancia con \u00e9l declar\u00f3 que estaba tranquilo, que tuvieron un di\u00e1logo adecuado que no le llam\u00f3 la atenci\u00f3n. Y que Bonetto le dijo que un grupo de j\u00f3venes lo hab\u00eda herido. En ning\u00fan momento mencion\u00f3 lo que \u00e9l hab\u00eda hecho.<\/p>\n<p>A pesar de que la audiencia no pudo ser del todo p\u00fablica, Borysiuk expres\u00f3 que el Tribunal fue muy respetuoso y colaborativo con la querella, que tuvieron cuidado con las madres de las v\u00edctimas, que los testigos pudieron describir bien los hechos. \u201cHay tribunales que tienen la pol\u00edtica de ofrecer al presunto culpable decir unas palabras y determina si quiere o no que el acusado presencie el juicio. Es muy fuerte ver al asesino de tu hija y compartir la misma sala\u00bb. E indic\u00f3 que \u00abah\u00ed creo le ofrecieron la posibilidad de retirarse y delegar todos sus derechos en su abogado\u201d. Cuando lo sacaron de la sala, primero corrieron a las personas que estaban en el pasillo para que no lo vieran; se lo llevaron a Ezeiza esposado y custodiado por dos polic\u00edas.<\/p>\n<p>La expectativa de la querella en el juicio oral es demostrar ante tres jueces, y no en instrucci\u00f3n cerrada, que Bonetto es imputable y no inimputable como lo declararon en dos oportunidades. Cuenta Borysiuk que en la audiencia Bonetto dijo c\u00f3mo se llama, d\u00f3nde naci\u00f3, de qu\u00e9 se recibi\u00f3. Que al momento de declarar estaba coherente y dedujo que una persona con alg\u00fan grado de desequilibrio tiene otra actitud. \u201cLa querella considera que es culpable porque entiende que Bonetto sab\u00eda el hecho que estaba haciendo, que lo planific\u00f3 y lo ejecut\u00f3. Esperamos que de la misma manera lo entienda el Tribunal y se pueda demostrar con los testigos que van a presenciar\u201d, concluy\u00f3 la abogada.<\/p>\n<p>Anna expres\u00f3 ante el Tribunal su pedido de justicia para que no se repita un crimen tan terrible. La acompa\u00f1aron en esta audiencia las\/os compa\u00f1eras\/os de Natalia, algunas mam\u00e1s del colegio, Roxana Cainzos mam\u00e1 de Nehuen Rodr\u00edguez, la hermana de Manuel Nieto, profesoras de \u201cLa Belgrano\u201d y la Federaci\u00f3n Rusa en Buenos Aires. \u201cSiento mucho amor y es muy conmovedor\u201d, agradeci\u00f3 por el apoyo. El pr\u00f3ximo jueves continuar\u00e1n las audiencias en Comodoro Py. Anna sabe que no va a recuperar la vida de su hija, pero no quiere que la sigan matando con la injusticia.<\/p>\n<p><strong>*FM La Caterva, FM Riachuelo, La Retaguardia, Agencia Paco Urondo, Sur Capitalino, La Obrera Colectivo Fotogr\u00e1fico, ANCAP.<\/strong><\/p>\n","protected":false},"excerpt":{"rendered":"<p>[Colectivo de Medios de Comunicaci\u00f3n Popular* 18\/06\/2018]\u00a0La primera audiencia del juicio oral y p\u00fablico contra el asesino de Natalia Grenbenshicova (15) y Nuria Couto (18) sucedi\u00f3 el pasado jueves 14 en Comodoro Py. Mariano Bonetto, el veterinario que acuchill\u00f3 en Parque Irala de La Boca a las dos adolescentes, no presenciar\u00e1 el proceso porque el [&hellip;]<\/p>\n","protected":false},"author":5,"featured_media":7314,"comment_status":"open","ping_status":"open","sticky":false,"template":"","format":"standard","meta":{"_monsterinsights_skip_tracking":false,"_monsterinsights_sitenote_active":false,"_monsterinsights_sitenote_note":"","_monsterinsights_sitenote_category":0,"jnews-multi-image_gallery":[],"jnews_single_post":[],"jnews_primary_category":[],"_joinchat":[],"footnotes":""},"categories":[78,76],"tags":[],"class_list":["post-7313","post","type-post","status-publish","format-standard","has-post-thumbnail","hentry","category-economia-popular","category-salud-comunitaria"],"_links":{"self":[{"href":"http:\/\/fmriachuelo.it10.com.ar\/index.php\/wp-json\/wp\/v2\/posts\/7313","targetHints":{"allow":["GET"]}}],"collection":[{"href":"http:\/\/fmriachuelo.it10.com.ar\/index.php\/wp-json\/wp\/v2\/posts"}],"about":[{"href":"http:\/\/fmriachuelo.it10.com.ar\/index.php\/wp-json\/wp\/v2\/types\/post"}],"author":[{"embeddable":true,"href":"http:\/\/fmriachuelo.it10.com.ar\/index.php\/wp-json\/wp\/v2\/users\/5"}],"replies":[{"embeddable":true,"href":"http:\/\/fmriachuelo.it10.com.ar\/index.php\/wp-json\/wp\/v2\/comments?post=7313"}],"version-history":[{"count":0,"href":"http:\/\/fmriachuelo.it10.com.ar\/index.php\/wp-json\/wp\/v2\/posts\/7313\/revisions"}],"wp:featuredmedia":[{"embeddable":true,"href":"http:\/\/fmriachuelo.it10.com.ar\/index.php\/wp-json\/"}],"wp:attachment":[{"href":"http:\/\/fmriachuelo.it10.com.ar\/index.php\/wp-json\/wp\/v2\/media?parent=7313"}],"wp:term":[{"taxonomy":"category","embeddable":true,"href":"http:\/\/fmriachuelo.it10.com.ar\/index.php\/wp-json\/wp\/v2\/categories?post=7313"},{"taxonomy":"post_tag","embeddable":true,"href":"http:\/\/fmriachuelo.it10.com.ar\/index.php\/wp-json\/wp\/v2\/tags?post=7313"}],"curies":[{"name":"wp","href":"https:\/\/api.w.org\/{rel}","templated":true}]}}