{"id":7306,"date":"2018-06-16T19:42:36","date_gmt":"2018-06-16T19:42:36","guid":{"rendered":"http:\/\/fmriachuelo.com.ar\/?p=7306"},"modified":"2018-06-16T19:42:36","modified_gmt":"2018-06-16T19:42:36","slug":"cena-solidaria-para-la-construccion-de-la-casa-de-pitu-y-pola","status":"publish","type":"post","link":"http:\/\/fmriachuelo.it10.com.ar\/index.php\/2018\/06\/16\/cena-solidaria-para-la-construccion-de-la-casa-de-pitu-y-pola\/","title":{"rendered":"CENA SOLIDARIA PARA LA CONSTRUCCI\u00d3N DE LA CASA DE PITU Y POLA"},"content":{"rendered":"<p><strong>[FM RIACHUELO 16\/06\/2018] Este s\u00e1bado\u00a0a las 21:00 hs se realizar\u00e1 una Cena Solidaria, para la reconstrucci\u00f3n de la casa de\u00a0<\/strong><strong>Piquete y su familia, (quienes sufrieron la p\u00e9rdida de Pitu y Pola en 2013 a causa de un incendio). La actividad se llevar\u00e1 a cabo en un espacio cedido por Radio Gr\u00e1fica, ubicado en Avda. Regimiento de los Patricios 1941,en el b<\/strong><strong>arrio de Barracas.<\/strong><\/p>\n<p>El evento contar\u00e1 con m\u00fasica en vivo, tambi\u00e9n se realizar\u00e1 una barra a precios populares para degustar un exquisito guiso de lentejas, bebidas y empanadas, adem\u00e1s se vender\u00e1n rifas, y todo lo recaudado se destinar\u00e1 a la obra de Melo y Coronel Salvadores.<br \/>\nAyer Rompe el Cerco Informativo, recibi\u00f3 la visita a Jorge Herrera \u201cPiquete\u201d, padre de los ni\u00f1os, quien cont\u00f3 c\u00f3mo surgi\u00f3 la idea, para qu\u00e9 y c\u00f3mo ser\u00e1 la actividad, e invit\u00f3 a todos los oyentes y vecinos que quieran acercarse y colaborar con la iniciativa.<br \/>\nEscucha la entrevista completa:\u00a0<a href=\"https:\/\/radiocut.fm\/audiocut\/cena-solidaria-para-la-construccion-de-la-casa-de-pitu-y-pola\/\">https:\/\/radiocut.fm\/audiocut\/cena-solidaria-para-la-construccion-de-la-casa-de-pitu-y-pola\/<\/a><\/p>\n<p>El 13 de octubre de 2013, Pitu y Pola (10 y 11 a\u00f1os de edad) perdieron la vida en un incendio, producto de las indignas condiciones en las que viv\u00edan. Su familia, junto a organizaciones y vecinos del barrio de La Boca, vienen realizando desde entonces, distintas actividades para reclamar justicia y tambi\u00e9n, (y por sobre todo) para recordarlos con alegr\u00eda y seguir exigiendo \u201cNI UN PIBE MENOS PARA LLORAR\u201d. Los barrios de la zona sur de la Ciudad son los que padecen el mayor d\u00e9ficit habitacional, que obliga a las familias, como las de Jorge Herrera, a vivir en condiciones miserables sin ninguna asistencia por parte del estado de la ciudad.<\/p>\n","protected":false},"excerpt":{"rendered":"<p>[FM RIACHUELO 16\/06\/2018] Este s\u00e1bado\u00a0a las 21:00 hs se realizar\u00e1 una Cena Solidaria, para la reconstrucci\u00f3n de la casa de\u00a0Piquete y su familia, (quienes sufrieron la p\u00e9rdida de Pitu y Pola en 2013 a causa de un incendio). La actividad se llevar\u00e1 a cabo en un espacio cedido por Radio Gr\u00e1fica, ubicado en Avda. Regimiento [&hellip;]<\/p>\n","protected":false},"author":5,"featured_media":7308,"comment_status":"open","ping_status":"open","sticky":false,"template":"","format":"standard","meta":{"_monsterinsights_skip_tracking":false,"_monsterinsights_sitenote_active":false,"_monsterinsights_sitenote_note":"","_monsterinsights_sitenote_category":0,"jnews-multi-image_gallery":[],"jnews_single_post":[],"jnews_primary_category":[],"_joinchat":[],"footnotes":""},"categories":[78,76],"tags":[],"class_list":["post-7306","post","type-post","status-publish","format-standard","has-post-thumbnail","hentry","category-economia-popular","category-salud-comunitaria"],"_links":{"self":[{"href":"http:\/\/fmriachuelo.it10.com.ar\/index.php\/wp-json\/wp\/v2\/posts\/7306","targetHints":{"allow":["GET"]}}],"collection":[{"href":"http:\/\/fmriachuelo.it10.com.ar\/index.php\/wp-json\/wp\/v2\/posts"}],"about":[{"href":"http:\/\/fmriachuelo.it10.com.ar\/index.php\/wp-json\/wp\/v2\/types\/post"}],"author":[{"embeddable":true,"href":"http:\/\/fmriachuelo.it10.com.ar\/index.php\/wp-json\/wp\/v2\/users\/5"}],"replies":[{"embeddable":true,"href":"http:\/\/fmriachuelo.it10.com.ar\/index.php\/wp-json\/wp\/v2\/comments?post=7306"}],"version-history":[{"count":0,"href":"http:\/\/fmriachuelo.it10.com.ar\/index.php\/wp-json\/wp\/v2\/posts\/7306\/revisions"}],"wp:featuredmedia":[{"embeddable":true,"href":"http:\/\/fmriachuelo.it10.com.ar\/index.php\/wp-json\/"}],"wp:attachment":[{"href":"http:\/\/fmriachuelo.it10.com.ar\/index.php\/wp-json\/wp\/v2\/media?parent=7306"}],"wp:term":[{"taxonomy":"category","embeddable":true,"href":"http:\/\/fmriachuelo.it10.com.ar\/index.php\/wp-json\/wp\/v2\/categories?post=7306"},{"taxonomy":"post_tag","embeddable":true,"href":"http:\/\/fmriachuelo.it10.com.ar\/index.php\/wp-json\/wp\/v2\/tags?post=7306"}],"curies":[{"name":"wp","href":"https:\/\/api.w.org\/{rel}","templated":true}]}}