{"id":729,"date":"2015-02-07T18:03:00","date_gmt":"2015-02-07T18:03:00","guid":{"rendered":"http:\/\/fmriachuelo.observatorioess.org.ar\/index.php\/2015\/02\/07\/venezuela-combate-la-guerra-economica\/"},"modified":"2025-03-26T14:54:22","modified_gmt":"2025-03-26T17:54:22","slug":"venezuela-combate-la-guerra-economica","status":"publish","type":"post","link":"http:\/\/fmriachuelo.it10.com.ar\/index.php\/2015\/02\/07\/venezuela-combate-la-guerra-economica\/","title":{"rendered":"VENEZUELA COMBATE LA GUERRA ECONOMICA"},"content":{"rendered":"<p><span style=\"color: red;font-family: Verdana, sans-serif;font-size: large\"><strong>ECONOMIA SOCIAL Y POPULAR<\/strong><\/span><br \/><span style=\"font-family: Verdana, sans-serif\"><strong>Mercados m\u00f3viles impulsan seguridad alimentaria en Venezuela <\/strong><\/span><\/p>\n<div style=\"clear: both;text-align: center\"><a href=\"http:\/\/2.bp.blogspot.com\/-UNKzgxtGEfc\/VNZS6vAWuRI\/AAAAAAAACtw\/iMEiCw5d5k0\/s1600\/VENEZUELA.jpg\" style=\"clear: left;float: left;margin-bottom: 1em;margin-right: 1em\"><img loading=\"lazy\" decoding=\"async\" border=\"0\" src=\"http:\/\/2.bp.blogspot.com\/-UNKzgxtGEfc\/VNZS6vAWuRI\/AAAAAAAACtw\/iMEiCw5d5k0\/s1600\/VENEZUELA.jpg\" height=\"181\" width=\"320\" \/><\/a><\/div>\n<p><span style=\"font-family: Verdana\"><\/p>\n<div><strong>Con la instalaci\u00f3n de estas bodegas, el Gobierno venezolano garantiza el suministro de alimentos para derrotar la guerra econ\u00f3mica que han emprendido sectores de la derecha en ese pa\u00eds.<\/strong><\/div>\n<div>Como parte del Plan Abastecimiento Seguro en Venezuela, este s\u00e1bado se lleva a cabo una jornada a cielo abierto en la parroquia El Valle, ubicada al sur de Caracas (capital), bajo la modalidad de bodegas m\u00f3viles, confirm\u00f3 el corresponsal de <strong>teleSUR <\/strong>en ese pa\u00eds, \u00c1ngel Cede\u00f1o.<br \/>La jornada busca facilitar el acceso a los alimentos al pueblo venezolano y de esta manera contrarrestar los efectos de<strong> la guerra econ\u00f3mica<\/strong>, mientras que el Gobierno Bolivariano contin\u00faa aplicando la Ley de Precios Justos para ponerle fin a la especulaci\u00f3n.<br \/><strong>El viernes se incautaron 200 toneladas de alimentos en la Operaci\u00f3n Dignidad, que luego ser\u00e1n redistribuidos al pueblo<\/strong>. El presidente venezolano Nicol\u00e1s Maduro recientemente resalt\u00f3 los esfuerzos que adelanta su gobierno para incrementar la producci\u00f3n.<br \/><a name='more'><\/a>Este s\u00e1bado se <strong>instalaron 484 mega operativos integrales&nbsp;<\/strong> de equipamiento y abastecimiento de alimentos en toda Venezuela. En los operativos participan las empresas estatales Mercado de Alimentos (Mercal), Productora y Distribuidora de Alimentos (Pdval) y Abastos Bicentenario.<br \/>El pasado 24 de enero el presidente de Venezuela, Nicol\u00e1s Maduro,<strong> inaugur\u00f3 desde Caracas (capital) una mega jornada nacional de ventas de alimentos a precios justos<\/strong>, y desestim\u00f3 la estrategia de la ultraderecha que lleva adelante una campa\u00f1a de desestabilizaci\u00f3n, acaparamiento y especulaci\u00f3n.<\/div>\n<p><\/span><span style=\"color: blue;font-family: Verdana, sans-serif\">Fuente: Telesur, Producci\u00f3n Riachuelo<\/span><\/p>\n<div style=\"clear: both;text-align: center\"><a href=\"http:\/\/3.bp.blogspot.com\/-mbjtLOWoebE\/VNZTecIClpI\/AAAAAAAACt4\/PBjwmDBXSoc\/s1600\/COOP%2BRIACHIUELO%2BPRODUCCIONES.jpg\" style=\"clear: left;float: left;margin-bottom: 1em;margin-right: 1em\"><img loading=\"lazy\" decoding=\"async\" border=\"0\" src=\"http:\/\/3.bp.blogspot.com\/-mbjtLOWoebE\/VNZTecIClpI\/AAAAAAAACt4\/PBjwmDBXSoc\/s1600\/COOP%2BRIACHIUELO%2BPRODUCCIONES.jpg\" height=\"58\" width=\"200\" \/><\/a><\/div>\n","protected":false},"excerpt":{"rendered":"<p>ECONOMIA SOCIAL Y POPULARMercados m\u00f3viles impulsan seguridad alimentaria en Venezuela Con la instalaci\u00f3n de estas bodegas, el Gobierno venezolano garantiza el suministro de alimentos para derrotar la guerra econ\u00f3mica que han emprendido sectores de la derecha en ese pa\u00eds. Como parte del Plan Abastecimiento Seguro en Venezuela, este s\u00e1bado se lleva a cabo una jornada [&hellip;]<\/p>\n","protected":false},"author":4,"featured_media":0,"comment_status":"open","ping_status":"open","sticky":false,"template":"","format":"standard","meta":{"_monsterinsights_skip_tracking":false,"_monsterinsights_sitenote_active":false,"_monsterinsights_sitenote_note":"","_monsterinsights_sitenote_category":0,"jnews-multi-image_gallery":[],"jnews_single_post":{"format":"standard"},"jnews_primary_category":[],"_joinchat":[],"footnotes":""},"categories":[58],"tags":[70,94],"class_list":["post-729","post","type-post","status-publish","format-standard","hentry","category-noticiariachuelo","tag-de-la-patria-grande","tag-soberania-alimentaria"],"_links":{"self":[{"href":"http:\/\/fmriachuelo.it10.com.ar\/index.php\/wp-json\/wp\/v2\/posts\/729","targetHints":{"allow":["GET"]}}],"collection":[{"href":"http:\/\/fmriachuelo.it10.com.ar\/index.php\/wp-json\/wp\/v2\/posts"}],"about":[{"href":"http:\/\/fmriachuelo.it10.com.ar\/index.php\/wp-json\/wp\/v2\/types\/post"}],"author":[{"embeddable":true,"href":"http:\/\/fmriachuelo.it10.com.ar\/index.php\/wp-json\/wp\/v2\/users\/4"}],"replies":[{"embeddable":true,"href":"http:\/\/fmriachuelo.it10.com.ar\/index.php\/wp-json\/wp\/v2\/comments?post=729"}],"version-history":[{"count":1,"href":"http:\/\/fmriachuelo.it10.com.ar\/index.php\/wp-json\/wp\/v2\/posts\/729\/revisions"}],"predecessor-version":[{"id":22519,"href":"http:\/\/fmriachuelo.it10.com.ar\/index.php\/wp-json\/wp\/v2\/posts\/729\/revisions\/22519"}],"wp:attachment":[{"href":"http:\/\/fmriachuelo.it10.com.ar\/index.php\/wp-json\/wp\/v2\/media?parent=729"}],"wp:term":[{"taxonomy":"category","embeddable":true,"href":"http:\/\/fmriachuelo.it10.com.ar\/index.php\/wp-json\/wp\/v2\/categories?post=729"},{"taxonomy":"post_tag","embeddable":true,"href":"http:\/\/fmriachuelo.it10.com.ar\/index.php\/wp-json\/wp\/v2\/tags?post=729"}],"curies":[{"name":"wp","href":"https:\/\/api.w.org\/{rel}","templated":true}]}}