{"id":7289,"date":"2018-06-10T16:54:41","date_gmt":"2018-06-10T16:54:41","guid":{"rendered":"http:\/\/fmriachuelo.com.ar\/?p=7289"},"modified":"2018-06-10T16:54:41","modified_gmt":"2018-06-10T16:54:41","slug":"foro-para-la-educacion-y-la-economia-popular","status":"publish","type":"post","link":"http:\/\/fmriachuelo.it10.com.ar\/index.php\/2018\/06\/10\/foro-para-la-educacion-y-la-economia-popular\/","title":{"rendered":"FORO PARA LA  EDUCACI\u00d3N Y LA ECONOM\u00cdA POPULAR"},"content":{"rendered":"<div align=\"left\">\n<p><strong>[FM Riachuelo 10\/06\/2018] En el d\u00eda de ayer se llev\u00f3 a cabo\u00a0el Foro para la Educacion y la Econom\u00eda Popular\u00a0 realizada en los \u00abcampitos\u00bb de Casa Amarilla, en donde hubo feria popular.<\/strong><\/p>\n<p dir=\"ltr\">La feria comenz\u00f3 cerca del medio d\u00eda, se instalalaron varios puestos con productos de la econom\u00eda popular, tanto textiles como almacen popular.<\/p>\n<\/div>\n<div align=\"left\">\n<p dir=\"ltr\">Particip\u00f3 la cooperativa de lavacoches, trabajadores\u00a0 historicos del barrio que hace unos meses atr\u00e1s fueron desalojados por la policia debido al\u00a0 conflicto de los terrenos de Casa Amarilla enrejados por el Gobierno de Larreta.<\/p>\n<\/div>\n<div align=\"left\">\n<p dir=\"ltr\">Alejandro Cabrera fundador se la cooperativa de lavacoches , Ciudadanos del Pueblo,\u00a0 dijo a Fm Riachuelo que \u00bb aca estamos luchando en conjunto\u00a0 para reivindicar\u00a0 las indiferencias sociales. Me parece totalmente tilingo y absurdo que rompan con la identidad y\u00a0 libertad de lo que el mismo pueblo propone.\u00bb<\/p>\n<p dir=\"ltr\"><img loading=\"lazy\" decoding=\"async\" class=\"alignnone size-full wp-image-7293\" src=\"http:\/\/fmriachuelo.com.ar\/wp-content\/uploads\/2018\/06\/IMG-20180610-WA0015.jpg\" alt=\"\" width=\"1280\" height=\"854\" \/><\/p>\n<\/div>\n<div align=\"left\">\n<p dir=\"ltr\">Maria Jos\u00e9, integrante de Patria Grande,\u00a0 dijo que, \u00abla idea de traer el foro es compartir\u00a0 la experiencia de educaci\u00f3n popular y discutir cual es la disputa que hoy se da sobre educaci\u00f3n en la Ciudad de Buenos Aires.\u00bb Y continu\u00f3 diciendo \u00bb por otro lado queremos acercar las propuestas de cooperativas y econom\u00eda popular para que puedan visibilizar el trabajo que realizan.\u00bb<\/p>\n<p dir=\"ltr\"><img loading=\"lazy\" decoding=\"async\" class=\"alignnone size-full wp-image-7291\" src=\"http:\/\/fmriachuelo.com.ar\/wp-content\/uploads\/2018\/06\/IMG-20180610-WA0018.jpg\" alt=\"\" width=\"1280\" height=\"854\" \/><\/p>\n<\/div>\n<div align=\"left\">\n<p dir=\"ltr\">En la\u00a0 charla sobre\u00a0 educaci\u00f3n popular participaron integrantes de Bachilleratos populares del barrio, la ENOCEP ( Escuela Nacional de Organizaci\u00f3n Comunitaria y Econom\u00eda Popular)\u00a0 y Ofelia Fern\u00e1ndez refente estudiantil.<\/p>\n<\/div>\n<div align=\"left\">\n<p dir=\"ltr\">Fue organizada por\u00a0 Patria Grande, Frente Popular Dar\u00edo Santill\u00e1n, la Cooperativa Textil de Mujeres ENREDO,\u00a0 Movimiento Popular la Dignidad, La Emergente, La Democracia Socialista y Cien fuego, todos nucleados en la Izquierda Popular.<br \/>\nParticiparon de la feria las cooperativas ENREDO; Boca es Pueblo; Somos Ra\u00edz y Ciudadanos del Mundo.<\/p>\n<p dir=\"ltr\">Estuvieron acompa\u00f1ando La Organizaci\u00f3n Social y Pol\u00edtica Los Pibes y el Frente Popular Dar\u00edo Santill\u00e1n. La actividad termin\u00f3 con la murga \u00bb Los Gardelitos\u00bb que hizo bailar a todxs lxs presentes.<\/p>\n<\/div>\n","protected":false},"excerpt":{"rendered":"<p>[FM Riachuelo 10\/06\/2018] En el d\u00eda de ayer se llev\u00f3 a cabo\u00a0el Foro para la Educacion y la Econom\u00eda Popular\u00a0 realizada en los \u00abcampitos\u00bb de Casa Amarilla, en donde hubo feria popular. La feria comenz\u00f3 cerca del medio d\u00eda, se instalalaron varios puestos con productos de la econom\u00eda popular, tanto textiles como almacen popular. Particip\u00f3 [&hellip;]<\/p>\n","protected":false},"author":5,"featured_media":7292,"comment_status":"open","ping_status":"open","sticky":false,"template":"","format":"standard","meta":{"_monsterinsights_skip_tracking":false,"_monsterinsights_sitenote_active":false,"_monsterinsights_sitenote_note":"","_monsterinsights_sitenote_category":0,"jnews-multi-image_gallery":[],"jnews_single_post":[],"jnews_primary_category":[],"_joinchat":[],"footnotes":""},"categories":[80,76,77],"tags":[],"class_list":["post-7289","post","type-post","status-publish","format-standard","has-post-thumbnail","hentry","category-educacion","category-salud-comunitaria","category-soberania"],"_links":{"self":[{"href":"http:\/\/fmriachuelo.it10.com.ar\/index.php\/wp-json\/wp\/v2\/posts\/7289","targetHints":{"allow":["GET"]}}],"collection":[{"href":"http:\/\/fmriachuelo.it10.com.ar\/index.php\/wp-json\/wp\/v2\/posts"}],"about":[{"href":"http:\/\/fmriachuelo.it10.com.ar\/index.php\/wp-json\/wp\/v2\/types\/post"}],"author":[{"embeddable":true,"href":"http:\/\/fmriachuelo.it10.com.ar\/index.php\/wp-json\/wp\/v2\/users\/5"}],"replies":[{"embeddable":true,"href":"http:\/\/fmriachuelo.it10.com.ar\/index.php\/wp-json\/wp\/v2\/comments?post=7289"}],"version-history":[{"count":0,"href":"http:\/\/fmriachuelo.it10.com.ar\/index.php\/wp-json\/wp\/v2\/posts\/7289\/revisions"}],"wp:featuredmedia":[{"embeddable":true,"href":"http:\/\/fmriachuelo.it10.com.ar\/index.php\/wp-json\/"}],"wp:attachment":[{"href":"http:\/\/fmriachuelo.it10.com.ar\/index.php\/wp-json\/wp\/v2\/media?parent=7289"}],"wp:term":[{"taxonomy":"category","embeddable":true,"href":"http:\/\/fmriachuelo.it10.com.ar\/index.php\/wp-json\/wp\/v2\/categories?post=7289"},{"taxonomy":"post_tag","embeddable":true,"href":"http:\/\/fmriachuelo.it10.com.ar\/index.php\/wp-json\/wp\/v2\/tags?post=7289"}],"curies":[{"name":"wp","href":"https:\/\/api.w.org\/{rel}","templated":true}]}}