{"id":7284,"date":"2018-06-07T16:22:34","date_gmt":"2018-06-07T16:22:34","guid":{"rendered":"http:\/\/fmriachuelo.com.ar\/?p=7284"},"modified":"2018-06-07T16:22:34","modified_gmt":"2018-06-07T16:22:34","slug":"seguimos-exigiendo-libertad-a-los-presos-de-la-utt-por-luchar","status":"publish","type":"post","link":"http:\/\/fmriachuelo.it10.com.ar\/index.php\/2018\/06\/07\/seguimos-exigiendo-libertad-a-los-presos-de-la-utt-por-luchar\/","title":{"rendered":"SEGUIMOS EXIGIENDO LIBERTAD A LOS PRESOS DE LA UTT POR LUCHAR. ENTREVISTA A LITO BORELLO SEC.DD.HH. DE CTEP"},"content":{"rendered":"<p><strong>[Fm Riachuelo, 07\/06\/2018] Desde la Fm Riachuelo\u00a0 presente en la Fiscal\u00eda de Florencio Varela, junto a la Confederaci\u00f3n de los Trabajadores de la econom\u00eda Popular (CTEP), exigimos la libertad de los compa\u00f1erxs presos de Uni\u00f3n Trabajadores de la Tierra (UTT) Nacional detenidos desde anoche, en una brutal represi\u00f3n hacia la protesta que llevaban adelante en reclamo por la Emergencia Agropecuaria.<\/strong><\/p>\n<p><strong>Nahuel\u00a0Levaggi, coordinador nacional de la Uni\u00f3n de Trabajadores de la Tierra (UTT) y Juan Ruiz, referente de la misma organizaci\u00f3n, fueron brutalmente golpeados y detenidos en el marco de un\u00a0tractorazo\u00a0pac\u00edfico que realizaron las familias agr\u00edcolas frente a la Municipalidad\u00a0de Florencio Varela. Los peque\u00f1os productores reclamaban por\u00a0 mejoras de caminos rurales y emergencia agropecuaria, ya que con las \u00faltimas lluvias han perdido hasta el 60% de su producci\u00f3n.<\/strong><\/p>\n<p><strong>En una entrevista hablamos con Lito Borello Secretario de DDHH de CTEP, quien nos dice sobre lo que est\u00e1 sucediendo: <\/strong><strong><em>\u201cEsto sucede en el marco de la fuerte presi\u00f3n que este gobierno sigue ejerciendo en el marco de un dispositivo pol\u00edtico, \u00a0sobre todos los militantes y trabajadorxs como sucedi\u00f3 ayer en Florencio Varela\u201d.<\/em><\/strong><\/p>\n<p><strong><em>\u00a0<\/em><\/strong><strong>Por otro lado con respecto al acompa\u00f1amiento de los distintos militantxs que se acercaron nos dijo<\/strong><strong><em>:\u201d Desde la Secretar\u00eda de DDH de CTEP\u00a0 hemos sacado un comunicado en\u00a0 repudio,\u00a0 junto al acompa\u00f1amiento del acampe que hicieron los compa\u00f1eros de UTT, \u00a0primero en la comisar\u00eda y luego hoy en la Fiscal\u00eda, sumados a muchas organizaciones sociales que fueron llegando. <\/em><\/strong><\/p>\n<p><strong><em>Estamos atentos y prestos para tomar medidas de acuerdo a lo que suceda, y\u00a0 a como contin\u00fae, hemos tomado ya desde la CTEP contacto con la justicia para exigir respuestas sobre lo que est\u00e1 pasando con nuestros compa\u00f1erxs presos de UTT\u201d.<\/em><\/strong><\/p>\n<p><strong>Por \u00faltimo nos dijo<\/strong><strong><em>: \u00a0\u00a0\u201cRatificamos el concepto que desde CTEP venimos planteando desde hace tiempo, el derecho que tienen los pueblos de \u00a0\u00a0pelear por las \u00a0reivindicaciones cotidianas, por nuestros derechos a la protesta, \u00a0pero tambi\u00e9n para construir un mundo mejor, mucho m\u00e1s justo y m\u00e1s humanitario, frente a un sistema tan injusto y asim\u00e9trico como este capitalismo y \u00e9ste modelo de dominaci\u00f3n \u00a0que nos quieren imponer\u201d.<\/em><\/strong><\/p>\n<p><strong><em>BASTA DE PERSEGUIR A LOS QUE LUCHAN POR SUS DERECHOS!!!<\/em><\/strong><\/p>\n<p><strong>Escuch\u00e1 la entrevista<\/strong><\/p>\n<p><iframe loading=\"lazy\" title=\"07-06-2018 SEGUIMOS EXIGIENDO LIBERTAD A LOS PRESOS DE UTT POR LUCHAR by FMR\" width=\"500\" height=\"450\" scrolling=\"no\" frameborder=\"no\" src=\"https:\/\/w.soundcloud.com\/player\/?visual=true&#038;url=https%3A%2F%2Fapi.soundcloud.com%2Fplaylists%2F535808058&#038;show_artwork=true&#038;maxheight=750&#038;maxwidth=500\"><\/iframe><\/p>\n","protected":false},"excerpt":{"rendered":"<p>[Fm Riachuelo, 07\/06\/2018] Desde la Fm Riachuelo\u00a0 presente en la Fiscal\u00eda de Florencio Varela, junto a la Confederaci\u00f3n de los Trabajadores de la econom\u00eda Popular (CTEP), exigimos la libertad de los compa\u00f1erxs presos de Uni\u00f3n Trabajadores de la Tierra (UTT) Nacional detenidos desde anoche, en una brutal represi\u00f3n hacia la protesta que llevaban adelante en [&hellip;]<\/p>\n","protected":false},"author":5,"featured_media":7285,"comment_status":"open","ping_status":"open","sticky":false,"template":"","format":"standard","meta":{"_monsterinsights_skip_tracking":false,"_monsterinsights_sitenote_active":false,"_monsterinsights_sitenote_note":"","_monsterinsights_sitenote_category":0,"jnews-multi-image_gallery":[],"jnews_single_post":[],"jnews_primary_category":[],"_joinchat":[],"footnotes":""},"categories":[76,74,75],"tags":[],"class_list":["post-7284","post","type-post","status-publish","format-standard","has-post-thumbnail","hentry","category-salud-comunitaria","category-san-cayetano","category-trabajo"],"_links":{"self":[{"href":"http:\/\/fmriachuelo.it10.com.ar\/index.php\/wp-json\/wp\/v2\/posts\/7284","targetHints":{"allow":["GET"]}}],"collection":[{"href":"http:\/\/fmriachuelo.it10.com.ar\/index.php\/wp-json\/wp\/v2\/posts"}],"about":[{"href":"http:\/\/fmriachuelo.it10.com.ar\/index.php\/wp-json\/wp\/v2\/types\/post"}],"author":[{"embeddable":true,"href":"http:\/\/fmriachuelo.it10.com.ar\/index.php\/wp-json\/wp\/v2\/users\/5"}],"replies":[{"embeddable":true,"href":"http:\/\/fmriachuelo.it10.com.ar\/index.php\/wp-json\/wp\/v2\/comments?post=7284"}],"version-history":[{"count":0,"href":"http:\/\/fmriachuelo.it10.com.ar\/index.php\/wp-json\/wp\/v2\/posts\/7284\/revisions"}],"wp:featuredmedia":[{"embeddable":true,"href":"http:\/\/fmriachuelo.it10.com.ar\/index.php\/wp-json\/"}],"wp:attachment":[{"href":"http:\/\/fmriachuelo.it10.com.ar\/index.php\/wp-json\/wp\/v2\/media?parent=7284"}],"wp:term":[{"taxonomy":"category","embeddable":true,"href":"http:\/\/fmriachuelo.it10.com.ar\/index.php\/wp-json\/wp\/v2\/categories?post=7284"},{"taxonomy":"post_tag","embeddable":true,"href":"http:\/\/fmriachuelo.it10.com.ar\/index.php\/wp-json\/wp\/v2\/tags?post=7284"}],"curies":[{"name":"wp","href":"https:\/\/api.w.org\/{rel}","templated":true}]}}