{"id":7275,"date":"2018-06-07T03:10:48","date_gmt":"2018-06-07T03:10:48","guid":{"rendered":"http:\/\/fmriachuelo.com.ar\/?p=7275"},"modified":"2018-06-07T03:10:48","modified_gmt":"2018-06-07T03:10:48","slug":"dirigentes-de-la-utt-heridos-y-detenidos-por-reclamar-emergencia-agropecuaria","status":"publish","type":"post","link":"http:\/\/fmriachuelo.it10.com.ar\/index.php\/2018\/06\/07\/dirigentes-de-la-utt-heridos-y-detenidos-por-reclamar-emergencia-agropecuaria\/","title":{"rendered":"DIRIGENTES DE LA UTT HERIDOS Y DETENIDOS POR RECLAMAR EMERGENCIA AGROPECUARIA"},"content":{"rendered":"<p><strong>[FM RIACHUELO 06\/06\/2018]\u00a0Nahuel\u00a0Levaggi, coordinador nacional de la Uni\u00f3n de Trabajadores de la Tierra (UTT) y Juan Ruiz, referente de la misma organizaci\u00f3n, fueron brutalmente golpeados y detenidos en el marco de un\u00a0tractorazo\u00a0pac\u00edfico que realizaron las familias agr\u00edcolas frente a la Municipalidad\u00a0de Florencio Varela. Los peque\u00f1os productores reclaman mejoras de caminos rurales y emergencia agropecuaria, ya que con las \u00faltimas lluvias han perdido hasta el 60% de su producci\u00f3n. Ma\u00f1ana jueves a las 9 hs, la UTT junto a diversas organizaciones exigir\u00e1n la liberaci\u00f3n de los dirigentes, frente a la Fiscal\u00eda N\u00ba1 de la localidad.<\/strong><\/p>\n<p>Rompe el Cerco Informativo habl\u00f3 con\u00a0Rosalia\u00a0Pellegrino\u00a0de la UTT, quien pidi\u00f3 el acompa\u00f1amiento de todas las organizaciones que no est\u00e9n dispuestas a tolerar este tipo de atropellos que tienen como objetivo criminalizar la protesta social e intimidar a los trabajadores organizados que luchan por sus derechos: \u201cestamos convocando a todas las organizaciones de la CTEP y a otros espacios a que nos acompa\u00f1en en este momento, porque si tocan a uno nos tocan a todos\u201d.<\/p>\n<p>Hace tiempo que\u00a0 las familias vienen exigiendo\u00a0 la presencia del estado en las zonas rurales, totalmente abandonadas a su suerte. Frente a los reclamos se abri\u00f3 una mesa de di\u00e1logo a principios de este a\u00f1o en la cual el intendente de la localidad,\u00a0Andres\u00a0Watson, se comprometi\u00f3 a trabajar para brindar soluciones. Pero las respuestas nunca llegaron y los productores decidieron movilizarse nuevamente hacia la municipalidad para pedir una reuni\u00f3n con los funcionarios.<\/p>\n<p>Rosalia\u00a0relato que al llegar los reprimieron \u00abcon balas de goma, le pegaron a compa\u00f1eras con bebes y agarraron a Nahuel y a Juan, los retuvieron ah\u00ed en la municipalidad y luego los trasladaron a la comisaria N\u00ba1. Ya presentamos un habeas corpus y estamos esperando que la justicia se expida ya que la resistencia a la autoridad es excarcelable\u201d. Tambi\u00e9n agreg\u00f3 que el mismo Secretario de Seguridad, Oscar Cano, se encontraba en la Municipalidad y particip\u00f3 vestido\u00a0de civil\u00a0en la represi\u00f3n, pegando y agrediendo junto a la polic\u00eda a los trabajadores rurales.<\/p>\n<p>Escucha la entrevista a\u00a0Rosal\u00eda\u00a0Pellegrino:<\/p>\n<p><a href=\"https:\/\/radiocut.fm\/audiocut\/detenidos-y-heridos-por-reclamar-caminos-rurales-y-emergencia-agropecuaria\/\">https:\/\/radiocut.fm\/audiocut\/detenidos-y-heridos-por-reclamar-caminos-rurales-y-emergencia-agropecuaria\/<\/a><\/p>\n<p>&nbsp;<\/p>\n","protected":false},"excerpt":{"rendered":"<p>[FM RIACHUELO 06\/06\/2018]\u00a0Nahuel\u00a0Levaggi, coordinador nacional de la Uni\u00f3n de Trabajadores de la Tierra (UTT) y Juan Ruiz, referente de la misma organizaci\u00f3n, fueron brutalmente golpeados y detenidos en el marco de un\u00a0tractorazo\u00a0pac\u00edfico que realizaron las familias agr\u00edcolas frente a la Municipalidad\u00a0de Florencio Varela. Los peque\u00f1os productores reclaman mejoras de caminos rurales y emergencia agropecuaria, ya [&hellip;]<\/p>\n","protected":false},"author":5,"featured_media":7276,"comment_status":"open","ping_status":"open","sticky":false,"template":"","format":"standard","meta":{"_monsterinsights_skip_tracking":false,"_monsterinsights_sitenote_active":false,"_monsterinsights_sitenote_note":"","_monsterinsights_sitenote_category":0,"jnews-multi-image_gallery":[],"jnews_single_post":[],"jnews_primary_category":[],"_joinchat":[],"footnotes":""},"categories":[76],"tags":[],"class_list":["post-7275","post","type-post","status-publish","format-standard","has-post-thumbnail","hentry","category-salud-comunitaria"],"_links":{"self":[{"href":"http:\/\/fmriachuelo.it10.com.ar\/index.php\/wp-json\/wp\/v2\/posts\/7275","targetHints":{"allow":["GET"]}}],"collection":[{"href":"http:\/\/fmriachuelo.it10.com.ar\/index.php\/wp-json\/wp\/v2\/posts"}],"about":[{"href":"http:\/\/fmriachuelo.it10.com.ar\/index.php\/wp-json\/wp\/v2\/types\/post"}],"author":[{"embeddable":true,"href":"http:\/\/fmriachuelo.it10.com.ar\/index.php\/wp-json\/wp\/v2\/users\/5"}],"replies":[{"embeddable":true,"href":"http:\/\/fmriachuelo.it10.com.ar\/index.php\/wp-json\/wp\/v2\/comments?post=7275"}],"version-history":[{"count":0,"href":"http:\/\/fmriachuelo.it10.com.ar\/index.php\/wp-json\/wp\/v2\/posts\/7275\/revisions"}],"wp:featuredmedia":[{"embeddable":true,"href":"http:\/\/fmriachuelo.it10.com.ar\/index.php\/wp-json\/"}],"wp:attachment":[{"href":"http:\/\/fmriachuelo.it10.com.ar\/index.php\/wp-json\/wp\/v2\/media?parent=7275"}],"wp:term":[{"taxonomy":"category","embeddable":true,"href":"http:\/\/fmriachuelo.it10.com.ar\/index.php\/wp-json\/wp\/v2\/categories?post=7275"},{"taxonomy":"post_tag","embeddable":true,"href":"http:\/\/fmriachuelo.it10.com.ar\/index.php\/wp-json\/wp\/v2\/tags?post=7275"}],"curies":[{"name":"wp","href":"https:\/\/api.w.org\/{rel}","templated":true}]}}