{"id":726,"date":"2015-02-10T02:02:00","date_gmt":"2015-02-10T02:02:00","guid":{"rendered":"http:\/\/fmriachuelo.observatorioess.org.ar\/index.php\/2015\/02\/10\/encuentro-internacional-en-la-india\/"},"modified":"2025-03-26T14:59:35","modified_gmt":"2025-03-26T17:59:35","slug":"encuentro-internacional-en-la-india","status":"publish","type":"post","link":"http:\/\/fmriachuelo.it10.com.ar\/index.php\/2015\/02\/10\/encuentro-internacional-en-la-india\/","title":{"rendered":"ENCUENTRO INTERNACIONAL  EN LA INDIA"},"content":{"rendered":"<h1><span style=\"color: red; font-size: large;\">COMPARTIR EXPERIENCIAS<\/span>\u00a0<span style=\"color: red; font-size: large;\">Y SABERES<\/span><\/h1>\n<h1><span style=\"font-family: Verdana, sans-serif; font-size: small;\">Con presencia de la CTEP, se desarrolla un encuentro de trabajadoras en la INDIA<\/span><\/h1>\n<div style=\"clear: both; text-align: center;\"><a style=\"clear: left; float: left; margin-bottom: 1em; margin-right: 1em;\" href=\"http:\/\/2.bp.blogspot.com\/-uQMjNJX3Ek0\/VNlmfMaF5OI\/AAAAAAAACvA\/b5tOYqdrTVs\/s1600\/315958_258891770813927_100000793184215_653247_731960630_n.jpg\"><img decoding=\"async\" src=\"http:\/\/2.bp.blogspot.com\/-uQMjNJX3Ek0\/VNlmfMaF5OI\/AAAAAAAACvA\/b5tOYqdrTVs\/s1600\/315958_258891770813927_100000793184215_653247_731960630_n.jpg\" border=\"0\" \/><\/a><\/div>\n<p><span style=\"font-family: Verdana; font-size: small;\">\u00a0<\/span><\/p>\n<div><span style=\"font-size: x-small;\">El\u00a0encuentro \u201cMundial de Trabajadoras Domiciliario\u201d que se desarrolla en Nueva Delhi\u00a0continuar\u00e1 hasta el 12 de este mes, \u00a0contando con la participaci\u00f3n\u00a0de Gabriela Olguin, referente de la rama de trabajadores de la v\u00eda p\u00fablica de la Confederaci\u00f3n de Trabajadores de la Econom\u00eda Popular (CTEP).<\/span><\/div>\n<div><\/div>\n<div><span style=\"font-size: x-small;\">La Conferencia est\u00e1 organizada por HomeNet South Asia (HNSA), WIEGO y Self-Employed Women\u2019s (SEWA), un Sindicato con personer\u00eda desde 1926\u00a0que cuenta con\u00a0un mill\u00f3n de trabajadores informales afiliados, en su mayor\u00eda mujeres.\u00a0Las actividades, tambi\u00e9n son promovidas por la\u00a0UNIFEM (Fondo de Desarrollo de las Naciones Unidas para la Mujer).<\/span><br \/>\n<a name=\"more\"><\/a><\/div>\n<div><span style=\"font-size: x-small;\">\u00a0\u201cEs un gran orgullo poder representar a los trabajadores de mi pa\u00eds en tama\u00f1a conferencia mundial, estamos muy orgullosos por eso\u201d, expres\u00f3 Gabriela Olguin, tambi\u00e9n referente de la Cooperativa \u201cEl Adoqu\u00edn\u201d de San Telmo.<\/span><\/div>\n<div><\/div>\n<div><span style=\"font-size: x-small;\">Seg\u00fan se inform\u00f3, desde la organizaci\u00f3n del encuentro, concurrir\u00e1n representantes de Am\u00e9rica de tres pa\u00edses: Brasil, Per\u00fa y Argentina, con una delegada por pa\u00eds.<\/span><\/div>\n<div><span style=\"font-size: x-small;\">Entre las actividades previstas, las trabajadoras, en su mayor\u00eda, costureras y artesanas, \u00a0visitar\u00e1n la feria mas grande del mundo: el \u201cMercado de Suraj\u201d y, recorrer\u00e1n el Barrio de \u201cAshoc Nagar\u201d, donde se encuentran la mayor cantidad de talleres de producci\u00f3n de prendas. Finalmente, asistir\u00e1n como oyentes a la Asamblea Nacional del sindicato de la SEWA.<\/span><\/div>\n<div><\/div>\n<div><span style=\"font-size: x-small;\">\u00a0\u201cEl objetivo en Nueva Delhi ser\u00e1 transmitir nuestra experiencia y poner el acento no s\u00f3lo en la producci\u00f3n de los trabajadores de la econom\u00eda popular, sino en los lugares donde comercializamos nuestros productos; espacios que a veces nos pertenecen y a veces no; adem\u00e1s, por supuesto, de enriquecernos con las experiencias de compa\u00f1eros de distintos pa\u00edses\u201d, dijo la referente de los feriantes y trabajadores de la v\u00eda p\u00fablica.<\/span><\/div>\n<div><\/div>\n<div><span style=\"font-size: x-small;\">En la Conferencia se concluir\u00e1 en una Declaraci\u00f3n Mundial sobre Trabajo Domiciliario, documento en la cual la CTEP, aportar\u00e1 elementos y reflexiones propias de su experiencia como organizaci\u00f3n representativa de los trabajadores de la Argentina.<\/span><\/div>\n<div dir=\"ltr\"><\/div>\n<div><span style=\"font-size: x-small;\">Finalmente, en Marzo se realizar\u00e1 una actividad junto a WIEGO en la Sede Nacional de la CTEP, donde se discutir\u00e1n las conclusiones de la Conferencia de Nueva Delhi y la legislaci\u00f3n argentina acerca del Trabajo Domiciliario<\/span><\/div>\n<div>\n<div style=\"height: auto;\">\n<div>\n<ul>\n<li style=\"list-style-type: none;\">\n<ul>\n<li title=\"More Options\">\n<div><span style=\"font-size: small;\">0<\/span><a href=\"void(0);\"><i><\/i><span style=\"color: red; font-size: small;\">Share<\/span><\/a><\/div>\n<\/li>\n<\/ul>\n<\/li>\n<\/ul>\n<div style=\"text-align: left;\"><span style=\"color: blue; font-size: small;\">Fuente: Ctep Argentina, Producci\u00f3n Riachuelo<\/span><\/div>\n<div style=\"clear: both; text-align: center;\"><a style=\"clear: left; float: left; margin-bottom: 1em; margin-right: 1em;\" href=\"http:\/\/4.bp.blogspot.com\/-ULu8puGdGlg\/VNljSsdL0LI\/AAAAAAAACu0\/jgdm3_-zhds\/s1600\/COOP%2BRIACHIUELO%2BPRODUCCIONES.jpg\"><span style=\"font-size: small;\"><img loading=\"lazy\" decoding=\"async\" src=\"http:\/\/4.bp.blogspot.com\/-ULu8puGdGlg\/VNljSsdL0LI\/AAAAAAAACu0\/jgdm3_-zhds\/s1600\/COOP%2BRIACHIUELO%2BPRODUCCIONES.jpg\" width=\"200\" height=\"58\" border=\"0\" \/><\/span><\/a><\/div>\n<\/div>\n<\/div>\n<\/div>\n<h1><\/h1>\n<h1><\/h1>\n<h1><\/h1>\n<div><\/div>\n","protected":false},"excerpt":{"rendered":"<p>COMPARTIR EXPERIENCIAS\u00a0Y SABERES Con presencia de la CTEP, se desarrolla un encuentro de trabajadoras en la INDIA \u00a0 El\u00a0encuentro \u201cMundial de Trabajadoras Domiciliario\u201d que se desarrolla en Nueva Delhi\u00a0continuar\u00e1 hasta el 12 de este mes, \u00a0contando con la participaci\u00f3n\u00a0de Gabriela Olguin, referente de la rama de trabajadores de la v\u00eda p\u00fablica de la Confederaci\u00f3n de [&hellip;]<\/p>\n","protected":false},"author":4,"featured_media":0,"comment_status":"open","ping_status":"open","sticky":false,"template":"","format":"standard","meta":{"_monsterinsights_skip_tracking":false,"_monsterinsights_sitenote_active":false,"_monsterinsights_sitenote_note":"","_monsterinsights_sitenote_category":0,"jnews-multi-image_gallery":[],"jnews_single_post":{"format":"standard"},"jnews_primary_category":[],"_joinchat":[],"footnotes":""},"categories":[58],"tags":[68,154,86,167],"class_list":["post-726","post","type-post","status-publish","format-standard","hentry","category-noticiariachuelo","tag-de-los-trabajadores","tag-economia-popular-2","tag-noti-ctep","tag-politica-internacional"],"_links":{"self":[{"href":"http:\/\/fmriachuelo.it10.com.ar\/index.php\/wp-json\/wp\/v2\/posts\/726","targetHints":{"allow":["GET"]}}],"collection":[{"href":"http:\/\/fmriachuelo.it10.com.ar\/index.php\/wp-json\/wp\/v2\/posts"}],"about":[{"href":"http:\/\/fmriachuelo.it10.com.ar\/index.php\/wp-json\/wp\/v2\/types\/post"}],"author":[{"embeddable":true,"href":"http:\/\/fmriachuelo.it10.com.ar\/index.php\/wp-json\/wp\/v2\/users\/4"}],"replies":[{"embeddable":true,"href":"http:\/\/fmriachuelo.it10.com.ar\/index.php\/wp-json\/wp\/v2\/comments?post=726"}],"version-history":[{"count":2,"href":"http:\/\/fmriachuelo.it10.com.ar\/index.php\/wp-json\/wp\/v2\/posts\/726\/revisions"}],"predecessor-version":[{"id":23223,"href":"http:\/\/fmriachuelo.it10.com.ar\/index.php\/wp-json\/wp\/v2\/posts\/726\/revisions\/23223"}],"wp:attachment":[{"href":"http:\/\/fmriachuelo.it10.com.ar\/index.php\/wp-json\/wp\/v2\/media?parent=726"}],"wp:term":[{"taxonomy":"category","embeddable":true,"href":"http:\/\/fmriachuelo.it10.com.ar\/index.php\/wp-json\/wp\/v2\/categories?post=726"},{"taxonomy":"post_tag","embeddable":true,"href":"http:\/\/fmriachuelo.it10.com.ar\/index.php\/wp-json\/wp\/v2\/tags?post=726"}],"curies":[{"name":"wp","href":"https:\/\/api.w.org\/{rel}","templated":true}]}}