{"id":7246,"date":"2018-06-02T23:23:29","date_gmt":"2018-06-02T23:23:29","guid":{"rendered":"http:\/\/fmriachuelo.com.ar\/?p=7246"},"modified":"2018-06-02T23:23:29","modified_gmt":"2018-06-02T23:23:29","slug":"quienes-protagonizaron-la-marcha-federal-son-los-condenados-de-la-tierra","status":"publish","type":"post","link":"http:\/\/fmriachuelo.it10.com.ar\/index.php\/2018\/06\/02\/quienes-protagonizaron-la-marcha-federal-son-los-condenados-de-la-tierra\/","title":{"rendered":"\u201cQUIENES PROTAGONIZARON LA MARCHA FEDERAL SON LOS CONDENADOS DE LA TIERRA\u201d"},"content":{"rendered":"<p><strong>[FM Riachuelo- Poetas Sociales, 02\/06\/2018]\u00a0 Desde Poetas Sociales se\u00a0 entrevist\u00f3 a Jorge Chiqui Falcone, \u00a0militante de la Coordinadora Resistir y Luchar,\u00a0 qui\u00e9n se refiri\u00f3 a la Marcha Federal impulsada por los movimientos populares, el acrecentamiento del mal humor social, el agotamiento de la partidocracia liberal y el desaf\u00edo que tienen los dirigentes pol\u00edticos y sociales en poder plantear un Programa alternativo.\u00a0<\/strong><\/p>\n<p><strong><em>\u00a0<\/em><\/strong><strong>Poetas Sociales\u00a0 \u00a0_ \u00bfC\u00f3mo viste la movilizaci\u00f3n de la\u00a0 Marcha Federal?<\/strong><\/p>\n<p><strong><em>Jorge Falcone \u00a0<\/em><\/strong><em>_<\/em>Me parece que fue sumamente multitudinaria, muy auspicioso. Creo que la masa movilizada pertenec\u00eda a una franja social sin representaci\u00f3n, sin contenci\u00f3n del Estado, ni representaci\u00f3n dentro de los partidos pol\u00edticos.Yo partir\u00eda de analizar un poquito los escenarios de los que hemos estado participando \u00faltimamente. En principio podr\u00edamos hablar del <strong>18 de diciembre<\/strong>, el combate contra la reforma previsional, fue un escenario neta y claramente de resistencia, sin alternativas a la vista del horizonte.<\/p>\n<p>Por otro lado, dar\u00eda la impresi\u00f3n de que el <strong>21 F<\/strong> con lo auspiciosa que fue tambi\u00e9n, pero con cierta ambig\u00fcedad de llamar a un paro nacional, con cierta prudencia que se avizor\u00f3, all\u00ed puede librarnos a la interpretaci\u00f3n de que hab\u00eda alguna especulaci\u00f3n \u00a0pol\u00edtica latente.<\/p>\n<p><strong>El 25 de mayo <\/strong>tuvo un aire netamente kirchnerista; lo cual no tiene nada de malo, pero cuando uno escucha la consigna \u00abvolveremos, volveremos\u00bb, \u00a0reivindica la ampliaci\u00f3n de derechos de la d\u00e9cada supuestamente ganada, la heterodoxia econ\u00f3mica, la pol\u00edtica de unidad regional auspiciosa que hubo a nivel continental. Pero tambi\u00e9n, \u00a0recuerda la promoci\u00f3n de la miner\u00eda a cielo abierto, de la patria sojera, la no derogaci\u00f3n de la Ley de Entidades Financieras prescripta por el Ministro de la dictadura Jos\u00e9 Alfredo Mart\u00ednez de Hoz, la firma de la ley antiterrorista. Entonces uno dice ojal\u00e1 que lo que venga y lo que haya en el horizonte, alternativa electoral mediante, llegado el caso, pueda corregir y mejorar lo que qued\u00f3 pendiente.<\/p>\n<p><strong>PS _ \u00bfEntonces c\u00f3mo analizas el escenario pol\u00edtico \u00a0de la Marcha Federal?<\/strong><\/p>\n<p><strong><em>\u00a0J<\/em><\/strong><strong><em>F _<\/em><\/strong> Yendo de lleno al escenario de la Marcha Federal, me parece que hab\u00eda un panorama diferente. No s\u00e9 si lo de ayer era el subsuelo de la patria sublevada.\u00a0 Creo que ah\u00ed hab\u00eda una program\u00e1tica que se fue a ofrecer: la Ley de emergencia econ\u00f3mica; el 25% de la obra p\u00fablica a favor de las cooperativas; el tema de la urbanizaci\u00f3n en los barrios; el tema de combatir las adicciones. Creo que hubo una bronca propositiva, y me atrever\u00eda a utilizar en cambio la descripci\u00f3n de Fano: eran los <strong>\u00abcondenados de la tierra<\/strong>\u00ab. Y cuando digo los condenados de la tierra, me refiero a analizar un poco los discursos.<\/p>\n<p>Me parece que hubo discursos de continuidad y discursos de ruptura. Los discursos de continuidad reclamaron la correcci\u00f3n de rumbos de las pol\u00edticas gubernamentales, pero hubo, todav\u00eda quiz\u00e1s en minor\u00eda, discursos de ruptura que reclaman la sustituci\u00f3n de clase en la Casa Rosada. Sobre todo los que ven\u00edan del interior profundo. Entonces uno tiene derecho a indagar sobre los probables cursos de acci\u00f3n que puede tener la escalada de la protesta.<\/p>\n<p><strong>Entonces preguntar\u00eda, \u00bfQu\u00e9 hacer con los condenados de la tierra en un presente en el que la innovaci\u00f3n tecnol\u00f3gica avanza, sustituyendo mano de obra por m\u00e1quinas y ya no tiene sentido la vieja consigna hist\u00f3rica del pleno empleo? <\/strong><\/p>\n<p>Yo podr\u00eda pensar, bueno, arbitrar pol\u00edticas de Estado, que no se est\u00e1 haciendo, que tomen nota de las iniciativas m\u00e1s novedosas de la comunidad, por ejemplo,\u00a0 el de la Uni\u00f3n de los Trbajadores de la Tierra; est\u00e1 bien, promovamos la comida org\u00e1nica, sin agrot\u00f3xicos, que se abran mercados populares, etc. Y vamos a chocar con el techo de los intermediarios, de los par\u00e1sitos de la econom\u00eda. Entonces, \u00bfqu\u00e9 pienso yo compa\u00f1eros? Que todos los caminos conducen a Roma, y Roma es una democracia partidocratica, que no da para m\u00e1s en el mundo entero.<\/p>\n<p>Nosotros lo vimos en Paraguay, en Honduras, en Brasil. Yo creo que si los terrorismos de Estado de los a\u00f1os &#8217;70 apelaron al genocidio, procurando fragmentar la lucha de nuestros pueblos y dejar as\u00ed libre el terreno para las democracias condicionadas como estas, la nueva doctrina del imperio pasa por promover, en l\u00ednea in\u00e9dita, la concentraci\u00f3n medi\u00e1tica, terrorismos econ\u00f3micos inventados en el veredicto de las urnas. O sea, esta circunstancia ser\u00eda como colocar a la sociedad en calidad de reh\u00e9n de las formas institucionales, como si un prisionero ma\u00f1atado sintiera culpa de librarse de sus ataduras y defenderse de su captor.<\/p>\n<p>Entonces me digo, tomemos ese palco. La calidad que hab\u00eda ah\u00ed, y ahora estoy hablando de la responsabilidad que tenemos, los dirigentes pol\u00edticos y sociales con el nuevo desaf\u00edo de plantearle un horizonte distinto al pueblo argentino, y a toda esa dignidad y ese sufrimiento que hubo ayer en la Plaza de Mayo: P\u00e9rez Esquivel, Nora Corti\u00f1a, El Gringo Castro, Jackie Flores, Nacho Levy, Lito Borello, \u00bf basta con toda esa calidad humana pol\u00edtica y social para armar una coalici\u00f3n y de que por s\u00ed sea provisoria?.<\/p>\n<p>Yo creo que sin un Programa alternativo nos quedar\u00edamos a mitad de camino. Me da la impresi\u00f3n de que hay que tomar como referencia las experiencias m\u00e1s avanzadas en la d\u00e9cada larga progresista de am\u00e9rica latina. Por ejemplo, las Asambleas Constituyentes, que son alternativas netamente constitucionales y abren la representatividad del Congreso a los condenados de la tierra.<\/p>\n<p><strong>PS _ \u00bfCu\u00e1ndo vos dec\u00eds que es necesario un Programa alternativo, a que te r\u00e9feris?<\/strong><\/p>\n<p><strong>JF_ <\/strong>Me estoy refiriendo a una democracia de ruptura, que sea social, que sea plebiscitaria, que no sea partidocratica, que no sostenga la simulaci\u00f3n que vamos a cambiar el destino nacional votando \u00a0cada dos o cuatro a\u00f1os delegando esa responsabilidad en la superestructura.<\/p>\n<p><strong>PS _\u00a0 Respecto de la movilizaci\u00f3n del 21 F que mostr\u00f3 el inicio de la carrera electoral,\u00a0 en esa largada van a participar distintos sectores vinculados a los que movilizaron en la Marcha Federal \u00bfC\u00f3mo se juega en este terreno electoral \u00a0la unidad de los sectores m\u00e1s populares? <\/strong><\/p>\n<p><strong>JF _ <\/strong>Para tomar una referencia, el hecho de que el Triunvirato de San Cayetano (CTEP, CCC y Barrios de Pie) busque un correlato pol\u00edtico y \u00a0participe en una coalici\u00f3n, \u00a0en principio me parece \u00a0auspicioso, \u00a0me parece algo nuevo en el escenario. Pero para m\u00ed el crucifijo frente a Dr\u00e1cula es el Programa. Y el Programa supone discusiones profundas, formaci\u00f3n de cuadros y asambleas con votaci\u00f3n de delegados,\u00a0 donde se pueda garantizar que va a ver una reformulaci\u00f3n de lo que ya no funciona bajo el nombre de democracia.<\/p>\n","protected":false},"excerpt":{"rendered":"<p>[FM Riachuelo- Poetas Sociales, 02\/06\/2018]\u00a0 Desde Poetas Sociales se\u00a0 entrevist\u00f3 a Jorge Chiqui Falcone, \u00a0militante de la Coordinadora Resistir y Luchar,\u00a0 qui\u00e9n se refiri\u00f3 a la Marcha Federal impulsada por los movimientos populares, el acrecentamiento del mal humor social, el agotamiento de la partidocracia liberal y el desaf\u00edo que tienen los dirigentes pol\u00edticos y sociales [&hellip;]<\/p>\n","protected":false},"author":5,"featured_media":7247,"comment_status":"open","ping_status":"open","sticky":false,"template":"","format":"standard","meta":{"_monsterinsights_skip_tracking":false,"_monsterinsights_sitenote_active":false,"_monsterinsights_sitenote_note":"","_monsterinsights_sitenote_category":0,"jnews-multi-image_gallery":[],"jnews_single_post":[],"jnews_primary_category":[],"_joinchat":[],"footnotes":""},"categories":[79,76,77],"tags":[],"class_list":["post-7246","post","type-post","status-publish","format-standard","has-post-thumbnail","hentry","category-nadie-se-salva-solo","category-salud-comunitaria","category-soberania"],"_links":{"self":[{"href":"http:\/\/fmriachuelo.it10.com.ar\/index.php\/wp-json\/wp\/v2\/posts\/7246","targetHints":{"allow":["GET"]}}],"collection":[{"href":"http:\/\/fmriachuelo.it10.com.ar\/index.php\/wp-json\/wp\/v2\/posts"}],"about":[{"href":"http:\/\/fmriachuelo.it10.com.ar\/index.php\/wp-json\/wp\/v2\/types\/post"}],"author":[{"embeddable":true,"href":"http:\/\/fmriachuelo.it10.com.ar\/index.php\/wp-json\/wp\/v2\/users\/5"}],"replies":[{"embeddable":true,"href":"http:\/\/fmriachuelo.it10.com.ar\/index.php\/wp-json\/wp\/v2\/comments?post=7246"}],"version-history":[{"count":0,"href":"http:\/\/fmriachuelo.it10.com.ar\/index.php\/wp-json\/wp\/v2\/posts\/7246\/revisions"}],"wp:featuredmedia":[{"embeddable":true,"href":"http:\/\/fmriachuelo.it10.com.ar\/index.php\/wp-json\/"}],"wp:attachment":[{"href":"http:\/\/fmriachuelo.it10.com.ar\/index.php\/wp-json\/wp\/v2\/media?parent=7246"}],"wp:term":[{"taxonomy":"category","embeddable":true,"href":"http:\/\/fmriachuelo.it10.com.ar\/index.php\/wp-json\/wp\/v2\/categories?post=7246"},{"taxonomy":"post_tag","embeddable":true,"href":"http:\/\/fmriachuelo.it10.com.ar\/index.php\/wp-json\/wp\/v2\/tags?post=7246"}],"curies":[{"name":"wp","href":"https:\/\/api.w.org\/{rel}","templated":true}]}}