{"id":724,"date":"2015-02-11T02:57:00","date_gmt":"2015-02-11T02:57:00","guid":{"rendered":"http:\/\/fmriachuelo.observatorioess.org.ar\/index.php\/2015\/02\/11\/fallo-por-la-represion-en-el-borda\/"},"modified":"2025-03-26T15:01:01","modified_gmt":"2025-03-26T18:01:01","slug":"fallo-por-la-represion-en-el-borda","status":"publish","type":"post","link":"http:\/\/fmriachuelo.it10.com.ar\/index.php\/2015\/02\/11\/fallo-por-la-represion-en-el-borda\/","title":{"rendered":"FALLO POR LA REPRESION EN EL BORDA"},"content":{"rendered":"<div style=\"clear: left;float: left;margin-bottom: 1em;margin-right: 1em;text-align: center\"><img loading=\"lazy\" decoding=\"async\" border=\"0\" src=\"http:\/\/3.bp.blogspot.com\/-CF6rnP3CO0g\/VNrERoCxi5I\/AAAAAAAACv0\/MRmD06keZvs\/s1600\/REPRESION%2BEN%2BEL%2BBORDA.jpg\" height=\"212\" width=\"320\" \/><\/div>\n<p><span style=\"color: red;font-family: Verdana, sans-serif;font-size: large\"><strong>JUSTICIA ILEGITIMA<\/strong><\/span><br \/><span style=\"font-family: Verdana, sans-serif\"><strong>Sobreseyeron a Macri por la represi\u00f3n en el hospital Borda<\/strong><\/span><br \/><strong><span style=\"font-family: Verdana\"><\/span><\/strong><br \/><span style=\"font-family: Verdana, sans-serif\">La Sala IV de la C\u00e1mara Criminal sobresey\u00f3 esta ma\u00f1ana al jefe de gobierno de la Ciudad, Mauricio Macri en la causa que investiga la represi\u00f3n de abril de 2013 cuando la Polic\u00eda Metropolitana llev\u00f3 adelante un violento desalojo de uno de los talleres del Hospital Interdisciplinario Psicoasistencial Borda que se opon\u00eda a la construcci\u00f3n de un Centro C\u00edvico en el predio. <\/span><\/p>\n<p><span style=\"font-family: Verdana, sans-serif\">El tribunal tambi\u00e9n dej\u00f3 sin efecto las acusaciones que reca\u00edan sobre a la vicejefa de Gobierno porte\u00f1a, Mar\u00eda Eugenia Vidal y a Horacio Gim\u00e9nez, jefe de la Polic\u00eda Metropolitana, por no contar con pruebas. <\/p>\n<p>Sin embargo, la Justicia continuar\u00e1 la investigaci\u00f3n sobre Daniel Cha\u00edn, ministro de Desarrollo Urbano porte\u00f1o. <\/span><br \/><span style=\"color: blue;font-family: Verdana\">Fuente: Infonews, Producci\u00f3n Riachuelo<\/span><\/p>\n<div style=\"clear: both;text-align: center\"><a href=\"http:\/\/2.bp.blogspot.com\/-E2QxsQEkqJU\/VNrE-51txPI\/AAAAAAAACv4\/yGEx9VqRTyI\/s1600\/COOP%2BRIACHIUELO%2BPRODUCCIONES.jpg\" style=\"clear: left;float: left;margin-bottom: 1em;margin-right: 1em\"><img loading=\"lazy\" decoding=\"async\" border=\"0\" src=\"http:\/\/2.bp.blogspot.com\/-E2QxsQEkqJU\/VNrE-51txPI\/AAAAAAAACv4\/yGEx9VqRTyI\/s1600\/COOP%2BRIACHIUELO%2BPRODUCCIONES.jpg\" height=\"58\" width=\"200\" \/><\/a><\/div>\n","protected":false},"excerpt":{"rendered":"<p>JUSTICIA ILEGITIMASobreseyeron a Macri por la represi\u00f3n en el hospital BordaLa Sala IV de la C\u00e1mara Criminal sobresey\u00f3 esta ma\u00f1ana al jefe de gobierno de la Ciudad, Mauricio Macri en la causa que investiga la represi\u00f3n de abril de 2013 cuando la Polic\u00eda Metropolitana llev\u00f3 adelante un violento desalojo de uno de los talleres del [&hellip;]<\/p>\n","protected":false},"author":4,"featured_media":0,"comment_status":"open","ping_status":"open","sticky":false,"template":"","format":"standard","meta":{"_monsterinsights_skip_tracking":false,"_monsterinsights_sitenote_active":false,"_monsterinsights_sitenote_note":"","_monsterinsights_sitenote_category":0,"jnews-multi-image_gallery":[],"jnews_single_post":{"format":"standard"},"jnews_primary_category":[],"_joinchat":[],"footnotes":""},"categories":[58],"tags":[89],"class_list":["post-724","post","type-post","status-publish","format-standard","hentry","category-noticiariachuelo","tag-violencia-institucional"],"_links":{"self":[{"href":"http:\/\/fmriachuelo.it10.com.ar\/index.php\/wp-json\/wp\/v2\/posts\/724","targetHints":{"allow":["GET"]}}],"collection":[{"href":"http:\/\/fmriachuelo.it10.com.ar\/index.php\/wp-json\/wp\/v2\/posts"}],"about":[{"href":"http:\/\/fmriachuelo.it10.com.ar\/index.php\/wp-json\/wp\/v2\/types\/post"}],"author":[{"embeddable":true,"href":"http:\/\/fmriachuelo.it10.com.ar\/index.php\/wp-json\/wp\/v2\/users\/4"}],"replies":[{"embeddable":true,"href":"http:\/\/fmriachuelo.it10.com.ar\/index.php\/wp-json\/wp\/v2\/comments?post=724"}],"version-history":[{"count":1,"href":"http:\/\/fmriachuelo.it10.com.ar\/index.php\/wp-json\/wp\/v2\/posts\/724\/revisions"}],"predecessor-version":[{"id":22529,"href":"http:\/\/fmriachuelo.it10.com.ar\/index.php\/wp-json\/wp\/v2\/posts\/724\/revisions\/22529"}],"wp:attachment":[{"href":"http:\/\/fmriachuelo.it10.com.ar\/index.php\/wp-json\/wp\/v2\/media?parent=724"}],"wp:term":[{"taxonomy":"category","embeddable":true,"href":"http:\/\/fmriachuelo.it10.com.ar\/index.php\/wp-json\/wp\/v2\/categories?post=724"},{"taxonomy":"post_tag","embeddable":true,"href":"http:\/\/fmriachuelo.it10.com.ar\/index.php\/wp-json\/wp\/v2\/tags?post=724"}],"curies":[{"name":"wp","href":"https:\/\/api.w.org\/{rel}","templated":true}]}}