{"id":723,"date":"2015-02-11T03:06:00","date_gmt":"2015-02-11T03:06:00","guid":{"rendered":"http:\/\/fmriachuelo.observatorioess.org.ar\/index.php\/2015\/02\/11\/que-es-la-confederacion-de-trabajadores-de-la-economia-popular\/"},"modified":"2025-03-26T15:04:46","modified_gmt":"2025-03-26T18:04:46","slug":"que-es-la-confederacion-de-trabajadores-de-la-economia-popular","status":"publish","type":"post","link":"http:\/\/fmriachuelo.it10.com.ar\/index.php\/2015\/02\/11\/que-es-la-confederacion-de-trabajadores-de-la-economia-popular\/","title":{"rendered":"QUE ES LA CONFEDERACION DE TRABAJADORES DE LA ECONOMIA POPULAR"},"content":{"rendered":"<div style=\"clear: both;text-align: left\">&nbsp;<strong><span style=\"color: red;font-family: Verdana;font-size: large\">UNA HERRAMIENTA GREMIAL DEL PUEBLO POBRE, SIN DERECHOS<\/span><\/strong><\/div>\n<p><strong><span style=\"color: red;font-family: Verdana;font-size: large\"><\/p>\n<div style=\"clear: both;text-align: center\"><a href=\"http:\/\/2.bp.blogspot.com\/-qypMdboLXgc\/VNrGWQGNjGI\/AAAAAAAACwE\/J6LFpm_9_UU\/s1600\/315958_258891770813927_100000793184215_653247_731960630_n.jpg\" style=\"clear: left;float: left;margin-bottom: 1em;margin-right: 1em\"><img loading=\"lazy\" decoding=\"async\" border=\"0\" src=\"http:\/\/2.bp.blogspot.com\/-qypMdboLXgc\/VNrGWQGNjGI\/AAAAAAAACwE\/J6LFpm_9_UU\/s1600\/315958_258891770813927_100000793184215_653247_731960630_n.jpg\" height=\"150\" width=\"200\" \/><\/a><\/div>\n<p>&nbsp;<\/span>&nbsp;<\/strong><br \/><span style=\"font-family: Verdana, sans-serif\">[Resumen Latinoamericano\/ Por Juan Grabois* \/08\/02\/2015.]-   Organizaciones sociales procedentes de diversas corrientes ideol\u00f3gicas y partidarias confluyen en la reivindicaci\u00f3n de los derechos de los trabajadores excluidos.<\/p>\n<p>Para algunos funcionarios y dirigentes pol\u00edticos es dif\u00edcil de entender qu\u00e9 hac\u00edan, el 1\u00ba de mayo, los kirchneristas Movimiento Evita, el Movimiento Nacional Campesino Ind\u00edgena, el M8 o Los Pibes, las distintas expresiones de la izquierda popular como Patria Grande, la Dignidad, Seamos Libres, el Encuentro de Organizaciones o el Dar\u00edo Santill\u00e1n, organizaciones netamente sociales como el Movimiento de Trabajadores Excluidos, agrupaciones piqueteras como la CTD y el MTD An\u00edbal Ver\u00f3n, los Misioneros de Francisco, la Carlos Mujica, grupos autonomistas, dirigentes de ascendencia cristiana, militantes del sindicalismo peronista y hasta trotzkistas independientes marchando juntos sobre el Ministerio de Trabajo en una multitudinaria y colorida columna, bajo una misma bandera y con los mismos reclamos, centralmente el reconocimiento del sindicato de los excluidos.<\/span><a name='more'><\/a><span style=\"font-family: Verdana, sans-serif\"><br \/> \u00bfC\u00f3mo se entiende que rivales electorales e ideol\u00f3gicos, opositores y oficialistas, compartan una misma construcci\u00f3n social? \u00bfC\u00f3mo se comprende que las maniobras del t\u00e1ndem Berni-Monta\u00f1a, el palo y la zanahoria de los movimientos,  hayan fracasado en sus intentos de romper nuestra organizaci\u00f3n a base de recursos? \u00bfC\u00f3mo logramos mantener la unidad en momentos de extrema polarizaci\u00f3n, con un movimiento obrero dividido en cinco centrales, en un a\u00f1o electoral donde la pol\u00edtica se lleva puesto todo? \u00bfC\u00f3mo se explica que, a pesar de que esta extra\u00f1a unidad sea mala palabra en el Inaes y est\u00e9 totalmente marginada de la pol\u00edtica oficial de ayuda a cooperativas, casi todo el asociativismo popular, desde el Movimiento Nacional de Empresas Recuperadas hasta la Federaci\u00f3n de Cooperativas de Cartoneros y Recicladores est\u00e9 encuadrado all\u00ed?<br \/> La respuesta no est\u00e1 en conspiraciones pol\u00edticas ni disputas de recursos, y por eso, para los que conciben que los pobres s\u00f3lo se expresan cada dos a\u00f1os en las urnas o que se los disciplina repartiendo un pollito, un subsidio o alguna cooperativita, este armado es incomprensible (e insoportable). Tambi\u00e9n escapa al entendimiento de los que utilizan a los humildes como plataforma de despliegue de un peque\u00f1o n\u00facleo militante que opta por el espacio controlable frente al proceso impredecible. Mucho menos lo entienden las vanguardias iluminadas que conciben al sector como un lumpenproletariado indigno de las revelaciones del pseudomarxismo.<\/p>\n<p>La Confederaci\u00f3n de Trabajadores de la Econom\u00eda Popular (CTEP) repudiada por los distintas afluentes del liberalismo ilustrado, es una herramienta gremial del pueblo pobre, de los trabajadores sin derechos, sin reconocimiento, sin capital y sin patr\u00f3n. Es, podr\u00eda decirse, la CGT de los Excluidos. La CTEP agrupa cartoneros, campesinos, artesanos, vendedores ambulantes, feriantes, costureros, limpiavidrios, cuidacoches, constructores, gasistas, cerrajeros, trabajadores de empresas recuperadas, del transporte informal, de cooperativas populares, de programas sociales, de infraestructura barrial, de organizaciones de acci\u00f3n comunitaria (cuidadores, cocineros, educadores) o de peque\u00f1os talleres y unidades productivas (mec\u00e1nica, carpinter\u00eda, alimentos). No es una coordinadora de organizaciones: los agrupamientos funcionan como tendencias internas dentro del Gremio, a veces consensuando, a veces disputando por los espacios internos y la orientaci\u00f3n sindical.<br \/> Esta herramienta no surge espont\u00e1neamente ni la historia del sector comienza con su nacimiento. Atr\u00e1s hay experiencias, victorias, derrotas y muchos luchadores que construyeron las condiciones para su emergencia. En la econom\u00eda popular, la militancia es doblemente importante por las caracter\u00edsticas del sector: nuestros compa\u00f1eros est\u00e1n dispersos en el territorio, en peque\u00f1as unidades econ\u00f3micas, sin una patronal identificable (no reunidos en f\u00e1bricas o establecimientos donde la din\u00e1mica de la relaci\u00f3n obrero-patronal contribuye a la agremiaci\u00f3n). Sin una intervenci\u00f3n militante que construye unidad y activa las luchas ser\u00eda impensable una estructura gremial como la CTEP.<br \/> As\u00ed, el reagrupamiento del movimiento piquetero, cartonero, campesino o de empresas recuperadas, las construcciones territoriales, las peque\u00f1as cooperativas, los miles de trabajadores populares sin encuadramiento pero con la experiencia de la pelea del d\u00eda a d\u00eda, cont\u00f3 con la promoci\u00f3n de una dirigencia que se forj\u00f3 al calor de la resistencia contra el neoliberalismo y las luchas sociales de este milenio. Sin embargo, nuestra dirigencia tiene ideolog\u00eda y posiciones pol\u00edticas, y por ende contradicciones internas. Creci\u00f3 observando c\u00f3mo la disputa por el Estado cambiaba radicalmente las condiciones de vida de los pueblos en toda nuestra am\u00e9rica. La CTEP, pese a lo que algunos afirman, no es la negaci\u00f3n de la pol\u00edtica sino una entidad que asume su especificidad como herramienta reivindicativa. Es hermoso y esperanzador ver a un cooperativista con su uniforme en la lista de concejales o a una campesina santiague\u00f1a explicando la producci\u00f3n de mandioca con citas de Mari\u00e1tegui. Lo promovemos e impulsamos. Pero entendemos que ni en la pol\u00edtica ni en la ideolog\u00eda se agota todo: los sectores populares construyen poder en la lucha por el mango, donde la unidad debe imponerse por sobre las posiciones. Ese es el territorio de la CTEP.<br \/> Uno de los aciertos de la CTEP fue comprender que el factor de aglutinamiento de los excluidos no era ideol\u00f3gico ni pol\u00edtico ni siquiera territorial, sino gremial. Los compa\u00f1eros se inventaron su propio trabajo y desde ah\u00ed inventar\u00e1n su propio destino. Las tradiciones organizativas de nuestro pueblo confirman esta intuici\u00f3n: que la irrupci\u00f3n de los descamisados se estructur\u00f3 en eso que da el pan y la dignidad, eso que permite construir un proyecto personal y colectivo de vida: el trabajo. La CTEP lleg\u00f3 para sanar las heridas que dej\u00f3 el neoliberalismo y que no cicatrizaron en esta etapa de crecimiento econ\u00f3mico. Est\u00e1 para cohesionar y reforzar, desde la cultura del trabajo, el tejido social de eso que algunos llaman \u201cel n\u00facleo duro de la pobreza\u201d, tan castigado por el narco, el clientelismo y otras realidades destructoras.<br \/> La CTEP lucha por un \u201csalario social\u201d estable y digno para todo aquel que trabaja. Se trata del ingreso total del trabajador de la econom\u00eda popular (ya sea directo a trav\u00e9s de su propia producci\u00f3n o indirecto a trav\u00e9s de subsidios y asignaciones), que no debe ser nunca inferior al m\u00ednimo vital y m\u00f3vil, ya sea para el que cartonee en La Quiaca o venda anteojos de sol en Pompeya. Lo llamamos salario social y no salario a secas, porque el Estado y la sociedad en su conjunto deben garantizar que ninguno de sus miembros sufra privaciones con independencia de las posibilidades, si es que quiere garantizar la paz social y evitar la reacci\u00f3n violenta de los que margina.<br \/> Tambi\u00e9n luchamos por los derechos laborales. Nuestro objetivo es que todos los laburantes tengan cobertura de salud y<br \/>\nde accidentes (nuestra Mutual, sin ning\u00fan subsidio, cubre a casi 20.000 trabajadores), que gocen de las licencias habituales por enfermedad o maternidad (las compa\u00f1eras laburan con un bombo de 8 meses porque nadie les cubre el d\u00eda), que reciban la totalidad de las asignaciones familiares (la AUH fue un inmenso avance, pero lamentablemente a\u00fan no se extendieron la asignaci\u00f3n por matrimonio o ayuda escolar), que ning\u00fan compa\u00f1ero trabaje m\u00e1s de ocho horas, que las condiciones de higiene y seguridad sean \u00f3ptimas, que los pibes tengan guarder\u00edas (cu\u00e1ntas veces vemos a los compa\u00f1eros con hijos a cuestas porque no tienen donde dejarlos), que todos tengan acceso a la capacitaci\u00f3n, al deporte y la vida cultural, al cr\u00e9dito para consumo y vivienda, y que puedan conocer la Patria al menos una vez por a\u00f1o gozando de sus merecidas vacaciones como Evita quer\u00eda.<br \/> Nuestro gremio tiene un desaf\u00edo adicional que lo distingue de otros: \u00a1tambi\u00e9n debemos luchar por los medios de producci\u00f3n! Esa preocupaci\u00f3n t\u00edpicamente patronal, en nuestro caso es una tarea sindical: mejorar t\u00e9cnica y humanamente las unidades productivas populares. \u00a1Trabajar en forma cooperativa deber\u00eda ser un orgullo, no un castigo ni un fraude! M\u00e1s producci\u00f3n popular, en clave comunitaria, significa m\u00e1s trabajo, dignidad y felicidad para nuestro pueblo.<br \/> Todo ello es imposible si no se reconoce a los trabajadores de la econom\u00eda popular y su sindicato (sin poder popular, no hay justicia social). Por eso, en la medida que la CTEP demuestra en las calles, el territorio y los papeles una representatividad inmensa, debe ser reconocida como interlocutor para la defensa de los intereses gremiales de su sector frente al Estado y el mercado, como cualquier sindicato. Fortalecer la unidad, la organizaci\u00f3n y el poder del conjunto torrentoso de los humildes, es la tarea de cualquier movimiento, dirigente o gobierno que quiera dejar huella en la historia de los pueblos.<\/p>\n<p>*Dirigente de la Confederaci\u00f3n de los Trabajadores de la Econom\u00eda Popular (CTEP)<\/span><br \/><span style=\"color: blue;font-family: Verdana\">Fuente: Resumen Latinoamericano, Producci\u00f3n Riachuelo<\/span><\/p>\n<div style=\"clear: both;text-align: center\"><a href=\"http:\/\/3.bp.blogspot.com\/-E2QxsQEkqJU\/VNrE-51txPI\/AAAAAAAACv8\/6ohXpwFHoJM\/s1600\/COOP%2BRIACHIUELO%2BPRODUCCIONES.jpg\" style=\"clear: left;float: left;margin-bottom: 1em;margin-right: 1em\"><img loading=\"lazy\" decoding=\"async\" border=\"0\" src=\"http:\/\/3.bp.blogspot.com\/-E2QxsQEkqJU\/VNrE-51txPI\/AAAAAAAACv8\/6ohXpwFHoJM\/s1600\/COOP%2BRIACHIUELO%2BPRODUCCIONES.jpg\" height=\"58\" width=\"200\" \/><\/a><\/div>\n","protected":false},"excerpt":{"rendered":"<p>&nbsp;UNA HERRAMIENTA GREMIAL DEL PUEBLO POBRE, SIN DERECHOS &nbsp;&nbsp;[Resumen Latinoamericano\/ Por Juan Grabois* \/08\/02\/2015.]- Organizaciones sociales procedentes de diversas corrientes ideol\u00f3gicas y partidarias confluyen en la reivindicaci\u00f3n de los derechos de los trabajadores excluidos. Para algunos funcionarios y dirigentes pol\u00edticos es dif\u00edcil de entender qu\u00e9 hac\u00edan, el 1\u00ba de mayo, los kirchneristas Movimiento Evita, el [&hellip;]<\/p>\n","protected":false},"author":4,"featured_media":0,"comment_status":"open","ping_status":"open","sticky":false,"template":"","format":"standard","meta":{"_monsterinsights_skip_tracking":false,"_monsterinsights_sitenote_active":false,"_monsterinsights_sitenote_note":"","_monsterinsights_sitenote_category":0,"jnews-multi-image_gallery":[],"jnews_single_post":{"format":"standard"},"jnews_primary_category":[],"_joinchat":[],"footnotes":""},"categories":[58],"tags":[64,86,156],"class_list":["post-723","post","type-post","status-publish","format-standard","hentry","category-noticiariachuelo","tag-economia-popular","tag-noti-ctep","tag-tierra-techo-y-trabajo"],"_links":{"self":[{"href":"http:\/\/fmriachuelo.it10.com.ar\/index.php\/wp-json\/wp\/v2\/posts\/723","targetHints":{"allow":["GET"]}}],"collection":[{"href":"http:\/\/fmriachuelo.it10.com.ar\/index.php\/wp-json\/wp\/v2\/posts"}],"about":[{"href":"http:\/\/fmriachuelo.it10.com.ar\/index.php\/wp-json\/wp\/v2\/types\/post"}],"author":[{"embeddable":true,"href":"http:\/\/fmriachuelo.it10.com.ar\/index.php\/wp-json\/wp\/v2\/users\/4"}],"replies":[{"embeddable":true,"href":"http:\/\/fmriachuelo.it10.com.ar\/index.php\/wp-json\/wp\/v2\/comments?post=723"}],"version-history":[{"count":1,"href":"http:\/\/fmriachuelo.it10.com.ar\/index.php\/wp-json\/wp\/v2\/posts\/723\/revisions"}],"predecessor-version":[{"id":22531,"href":"http:\/\/fmriachuelo.it10.com.ar\/index.php\/wp-json\/wp\/v2\/posts\/723\/revisions\/22531"}],"wp:attachment":[{"href":"http:\/\/fmriachuelo.it10.com.ar\/index.php\/wp-json\/wp\/v2\/media?parent=723"}],"wp:term":[{"taxonomy":"category","embeddable":true,"href":"http:\/\/fmriachuelo.it10.com.ar\/index.php\/wp-json\/wp\/v2\/categories?post=723"},{"taxonomy":"post_tag","embeddable":true,"href":"http:\/\/fmriachuelo.it10.com.ar\/index.php\/wp-json\/wp\/v2\/tags?post=723"}],"curies":[{"name":"wp","href":"https:\/\/api.w.org\/{rel}","templated":true}]}}