{"id":7217,"date":"2018-05-28T14:10:19","date_gmt":"2018-05-28T14:10:19","guid":{"rendered":"http:\/\/fmriachuelo.com.ar\/?p=7217"},"modified":"2018-05-28T14:10:19","modified_gmt":"2018-05-28T14:10:19","slug":"gran-marcha-federal-por-techo-tierra-y-trabajo","status":"publish","type":"post","link":"http:\/\/fmriachuelo.it10.com.ar\/index.php\/2018\/05\/28\/gran-marcha-federal-por-techo-tierra-y-trabajo\/","title":{"rendered":"GRAN MARCHA FEDERAL POR TECHO TIERRA Y TRABAJO"},"content":{"rendered":"<p><strong>[FM RIACHUELO, 02\/06\/2018]<\/strong> \u00a0\u00a0<strong>La Marcha Federal, organizada por la Confederaci\u00f3n de los Trabajadores de la Econom\u00eda Popular, la Corriente Clasista y Combativa \u00a0y Barrios de Pie, arranc\u00f3 desde distintos puntos del pa\u00eds hace cinco dias y finaliz\u00f3 ayer al mediodia con un importante acto en la Plaza de Mayo<\/strong>.<\/p>\n<p>Bajo las consignas de la CTEP y las dem\u00e1s organizaciones que participaron de: <strong>\u201cFuera el FMI, Basta de Ajuste y Entrega, No a la Doctrina Chocobar, No a la Intervenci\u00f3n de las FFAA en Seguridad Interior y Basta de Represi\u00f3n e Impunidad\u201d, <\/strong> grandes columnas que llegaban desde los cuatro puntos cardinales del pa\u00eds, \u00a0encabezadas por los distintos representantes, se fueron congregando y se dirigieron luego hacia la Plaza de Mayo.<\/p>\n<p><img loading=\"lazy\" decoding=\"async\" class=\"aligncenter wp-image-7223 size-large\" src=\"http:\/\/fmriachuelo.com.ar\/wp-content\/uploads\/2018\/06\/WhatsApp-Image-2018-06-05-at-10.51.22-7-1024x682.jpeg\" alt=\"\" width=\"640\" height=\"426\" srcset=\"http:\/\/fmriachuelo.it10.com.ar\/wp-content\/uploads\/2018\/06\/WhatsApp-Image-2018-06-05-at-10.51.22-7-1024x682.jpeg 1024w, http:\/\/fmriachuelo.it10.com.ar\/wp-content\/uploads\/2018\/06\/WhatsApp-Image-2018-06-05-at-10.51.22-7-300x200.jpeg 300w, http:\/\/fmriachuelo.it10.com.ar\/wp-content\/uploads\/2018\/06\/WhatsApp-Image-2018-06-05-at-10.51.22-7-768x512.jpeg 768w, http:\/\/fmriachuelo.it10.com.ar\/wp-content\/uploads\/2018\/06\/WhatsApp-Image-2018-06-05-at-10.51.22-7-750x500.jpeg 750w, http:\/\/fmriachuelo.it10.com.ar\/wp-content\/uploads\/2018\/06\/WhatsApp-Image-2018-06-05-at-10.51.22-7-1140x760.jpeg 1140w, http:\/\/fmriachuelo.it10.com.ar\/wp-content\/uploads\/2018\/06\/WhatsApp-Image-2018-06-05-at-10.51.22-7.jpeg 1280w\" sizes=\"auto, (max-width: 640px) 100vw, 640px\" \/><\/p>\n<p>La movilizaci\u00f3n \u00a0iba a dirigirse al Congreso para presentar cinco proyectos de ley en beneficio de los sectores \u00a0m\u00e1s castigados por la econom\u00eda neoliberal y los planes de ajuste del gobierno. \u00a0Pero el veto presidencial de la ley sancionada horas antes contra los tarifazos,\u00a0\u00a0motiv\u00f3 que se decidiera marchar hasta la Casa Rosada, ampliando la convocatoria a otras organizaciones y dirigentes sindicales, sociales, pol\u00edticos y de derechos humanos.<\/p>\n<p>As\u00ed, se sumaron las Madres de Plaza de Mayo L\u00ednea Fundadora Nora Corti\u00f1as, el premio Nobel de la Paz Adolfo P\u00e9rez Esquivel, referentes de La Garganta Poderosa, del Frente Popular Dar\u00edo Santill\u00e1n, del Frente de Organizaciones en Lucha y otras organizaciones sociales.<\/p>\n<p>Representando a los sindicatos, se hicieron presentes dirigentes de las dos CTA como Hugo Godoy (ATE), Roberto Baradel (Suteba), Roberto Pianellli (Subte) y de la CGT como Pablo Moyano (Camioneros) y Sergio Palazzo (Bancarios &#8211; Corriente Federal). \u00a0Algunos de ellos tomaron la palabra durante el acto.<\/p>\n<p>Sergio Palazzo dijo: <strong><em>\u201cCon esta maravillosa marcha y \u00a0tom\u00e1ndola como ejemplo, estamos junto a miles de compa\u00f1erxs en la calle, para reclamar que cada argentino tenga un plato de comida en la mesa. Estamos reclamando a la CGT que llame a un paro nacional para que este gobierno deje de mirar solo a los m\u00e1s ricos de la Argentina<\/em><\/strong>\u201d.<\/p>\n<p><img loading=\"lazy\" decoding=\"async\" class=\"alignnone size-full wp-image-7229\" src=\"http:\/\/fmriachuelo.com.ar\/wp-content\/uploads\/2018\/05\/WhatsApp-Image-2018-06-05-at-10.51.22-5.jpeg\" alt=\"\" width=\"1280\" height=\"853\" srcset=\"http:\/\/fmriachuelo.it10.com.ar\/wp-content\/uploads\/2018\/05\/WhatsApp-Image-2018-06-05-at-10.51.22-5.jpeg 1280w, http:\/\/fmriachuelo.it10.com.ar\/wp-content\/uploads\/2018\/05\/WhatsApp-Image-2018-06-05-at-10.51.22-5-300x200.jpeg 300w, http:\/\/fmriachuelo.it10.com.ar\/wp-content\/uploads\/2018\/05\/WhatsApp-Image-2018-06-05-at-10.51.22-5-1024x682.jpeg 1024w, http:\/\/fmriachuelo.it10.com.ar\/wp-content\/uploads\/2018\/05\/WhatsApp-Image-2018-06-05-at-10.51.22-5-768x512.jpeg 768w, http:\/\/fmriachuelo.it10.com.ar\/wp-content\/uploads\/2018\/05\/WhatsApp-Image-2018-06-05-at-10.51.22-5-750x500.jpeg 750w, http:\/\/fmriachuelo.it10.com.ar\/wp-content\/uploads\/2018\/05\/WhatsApp-Image-2018-06-05-at-10.51.22-5-1140x760.jpeg 1140w\" sizes=\"auto, (max-width: 1280px) 100vw, 1280px\" \/><\/p>\n<p>&nbsp;<\/p>\n<p>Durante \u00a0el acto Daniel Men\u00e9ndez de Barrios de Pie, asegur\u00f3 estar contento de compartir el acto <strong><em>\u201cCon dirigentes sindicales que est\u00e1n dispuestos a ponerle el pecho a esta realidad. Porque no es tiempo para cobardes y hay que pagar el precio de salir a la calle y hay que pagar el precio, si es necesario, de convocar a un paro nacional activo con cortes de ruta en todo el pa\u00eds\u201d.<\/em><\/strong><\/p>\n<p>Luego \u00a0Nora Corti\u00f1as en nombre de las Madres de Plaza de Mayo L\u00ednea Fundadora, \u00a0llam\u00f3 a Macri <strong><em>\u201cEl Robin Hood al rev\u00e9s, que le roba a los pobres para darle a los ricos\u201d.<\/em><\/strong><\/p>\n<p>Hugo \u201cCachorro\u201d Godoy (CTA Aut\u00f3noma) tom\u00f3 la palabra y dijo \u00a0<strong><em>\u201cEsta marcha federal nace para alimentar la esperanza\u201d y que todos los presentes en el palco se comprometen \u201ca que en el mes de junio realicemos un gran paro nacional con movilizaci\u00f3n en todo el pa\u00eds\u201d.<\/em><\/strong><\/p>\n<p>En cierre del acto \u00a0Juan Carlos Alderete de la CCC y Esteban \u201cGringo\u201d Castro \u00a0Secretario General de la CTEP tomaron la palabra. \u00a0Alderete dijo<strong><em>: \u201cNecesitamos el paro nacional urgente para pararle la mano a la pol\u00edtica de este gobierno\u201d<\/em><\/strong>.<\/p>\n<p><img loading=\"lazy\" decoding=\"async\" class=\"alignnone size-full wp-image-7230\" src=\"http:\/\/fmriachuelo.com.ar\/wp-content\/uploads\/2018\/05\/34107155_1769116936476847_9186204850164072448_n.jpg\" alt=\"\" width=\"960\" height=\"641\" srcset=\"http:\/\/fmriachuelo.it10.com.ar\/wp-content\/uploads\/2018\/05\/34107155_1769116936476847_9186204850164072448_n.jpg 960w, http:\/\/fmriachuelo.it10.com.ar\/wp-content\/uploads\/2018\/05\/34107155_1769116936476847_9186204850164072448_n-300x200.jpg 300w, http:\/\/fmriachuelo.it10.com.ar\/wp-content\/uploads\/2018\/05\/34107155_1769116936476847_9186204850164072448_n-768x513.jpg 768w, http:\/\/fmriachuelo.it10.com.ar\/wp-content\/uploads\/2018\/05\/34107155_1769116936476847_9186204850164072448_n-750x501.jpg 750w\" sizes=\"auto, (max-width: 960px) 100vw, 960px\" \/><\/p>\n<p>&nbsp;<\/p>\n<p>El \u201cGringo\u201d Castro, por su parte, centr\u00f3 su discurso en explicar los objetivos de la marcha federal, relatando las experiencias recogidas en su \u00a0recorrido \u00a0desde La Quiaca, \u00a0con un claro pronunciamiento <strong><em>\u201cContra las pol\u00edticas de ajuste y entrega de Macri. \u00a0Aclarando que \u201cse fueron sumando cada vez m\u00e1s compa\u00f1eros al saber que se hab\u00eda vetado la ley contra el tarifazo\u201c.<\/em><\/strong><\/p>\n<p>Esteban \u201dGringo\u201d Castro muy emocionado por la gran convocatoria dijo: <strong><em>\u201cNosotros hab\u00edamos dispuesto una marcha federal con cinco leyes para ser aprobadas por el Congreso nacional, esto tiene que ver con nuestro sector social, los trabajadorxs m\u00e1s pobres por los que estamos dispuestos a dar la vida si es necesario\u201d<\/em><\/strong><\/p>\n<p>Continu\u00f3 diciendo para cerrar el acto<strong>: \u00a0\u00a0\u201d<em>Que no nos confundan, nosotrxs peleamos por los que m\u00e1s necesitan, en todos los actos de la Marcha fui mirando las banderas, hay im\u00e1genes de los militantes populares que dieron sus vidas por los compa\u00f1erxs, y ah\u00ed vi la cara de los compa\u00f1eros, que nos van a llevar a la victoria\u201d.<\/em><\/strong><\/p>\n<p>Todos los representantes coincidieron en unirse para llevar adelante un paro general en contra de las pol\u00edticas de ajuste y represi\u00f3n del gobierno de Macri.<\/p>\n<p><strong>BASTA DE AJUSTE, NO AL FMI, BASTA DE REPRESI\u00d3N E IMPUNIDAD.\u00a0\u00a0\u00a0\u00a0\u00a0\u00a0\u00a0\u00a0\u00a0\u00a0\u00a0\u00a0\u00a0\u00a0\u00a0\u00a0\u00a0\u00a0\u00a0\u00a0\u00a0\u00a0\u00a0\u00a0\u00a0\u00a0\u00a0\u00a0\u00a0\u00a0\u00a0\u00a0\u00a0\u00a0\u00a0\u00a0\u00a0\u00a0\u00a0\u00a0\u00a0\u00a0\u00a0\u00a0\u00a0\u00a0\u00a0\u00a0\u00a0\u00a0\u00a0\u00a0\u00a0\u00a0\u00a0\u00a0\u00a0\u00a0\u00a0 <\/strong><\/p>\n<p>&nbsp;<\/p>\n<p>&nbsp;<\/p>\n","protected":false},"excerpt":{"rendered":"<p>[FM RIACHUELO, 02\/06\/2018] \u00a0\u00a0La Marcha Federal, organizada por la Confederaci\u00f3n de los Trabajadores de la Econom\u00eda Popular, la Corriente Clasista y Combativa \u00a0y Barrios de Pie, arranc\u00f3 desde distintos puntos del pa\u00eds hace cinco dias y finaliz\u00f3 ayer al mediodia con un importante acto en la Plaza de Mayo. Bajo las consignas de la CTEP [&hellip;]<\/p>\n","protected":false},"author":5,"featured_media":7222,"comment_status":"open","ping_status":"open","sticky":false,"template":"","format":"standard","meta":{"_monsterinsights_skip_tracking":false,"_monsterinsights_sitenote_active":false,"_monsterinsights_sitenote_note":"","_monsterinsights_sitenote_category":0,"jnews-multi-image_gallery":[],"jnews_single_post":[],"jnews_primary_category":[],"_joinchat":[],"footnotes":""},"categories":[76,74,75],"tags":[],"class_list":["post-7217","post","type-post","status-publish","format-standard","has-post-thumbnail","hentry","category-salud-comunitaria","category-san-cayetano","category-trabajo"],"_links":{"self":[{"href":"http:\/\/fmriachuelo.it10.com.ar\/index.php\/wp-json\/wp\/v2\/posts\/7217","targetHints":{"allow":["GET"]}}],"collection":[{"href":"http:\/\/fmriachuelo.it10.com.ar\/index.php\/wp-json\/wp\/v2\/posts"}],"about":[{"href":"http:\/\/fmriachuelo.it10.com.ar\/index.php\/wp-json\/wp\/v2\/types\/post"}],"author":[{"embeddable":true,"href":"http:\/\/fmriachuelo.it10.com.ar\/index.php\/wp-json\/wp\/v2\/users\/5"}],"replies":[{"embeddable":true,"href":"http:\/\/fmriachuelo.it10.com.ar\/index.php\/wp-json\/wp\/v2\/comments?post=7217"}],"version-history":[{"count":0,"href":"http:\/\/fmriachuelo.it10.com.ar\/index.php\/wp-json\/wp\/v2\/posts\/7217\/revisions"}],"wp:featuredmedia":[{"embeddable":true,"href":"http:\/\/fmriachuelo.it10.com.ar\/index.php\/wp-json\/wp\/v2\/media\/7222"}],"wp:attachment":[{"href":"http:\/\/fmriachuelo.it10.com.ar\/index.php\/wp-json\/wp\/v2\/media?parent=7217"}],"wp:term":[{"taxonomy":"category","embeddable":true,"href":"http:\/\/fmriachuelo.it10.com.ar\/index.php\/wp-json\/wp\/v2\/categories?post=7217"},{"taxonomy":"post_tag","embeddable":true,"href":"http:\/\/fmriachuelo.it10.com.ar\/index.php\/wp-json\/wp\/v2\/tags?post=7217"}],"curies":[{"name":"wp","href":"https:\/\/api.w.org\/{rel}","templated":true}]}}