{"id":7216,"date":"2018-06-05T14:31:02","date_gmt":"2018-06-05T14:31:02","guid":{"rendered":"http:\/\/fmriachuelo.com.ar\/?p=7216"},"modified":"2018-06-05T14:31:02","modified_gmt":"2018-06-05T14:31:02","slug":"lxs-trabajadorxs-de-la-economia-popular-tambien-salieron-a-la-calle-a-gritar-ni-una-menos","status":"publish","type":"post","link":"http:\/\/fmriachuelo.it10.com.ar\/index.php\/2018\/06\/05\/lxs-trabajadorxs-de-la-economia-popular-tambien-salieron-a-la-calle-a-gritar-ni-una-menos\/","title":{"rendered":"LXS TRABAJADORXS DE LA ECONOM\u00cdA POPULAR TAMBI\u00c9N SALIERON A LA CALLE A GRITAR: \u00a1NI UNA MENOS!"},"content":{"rendered":"<p><strong>[FM Riachuelo 05\/06\/2018] Ayer lxs trabajadorxs de la Econom\u00eda Popular nucleadas en la CTEP, participaron de la 4ta marcha de \u201cNI UNA MENOS\u201d, bajo las consignas VIVAS, LIBRES Y CON TRABAJO DIGNO NOS QUEREMOS. La concentraci\u00f3n se realiz\u00f3 en Hip\u00f3lito Irigoyen y Diagonal Sur y se moviliz\u00f3 hasta el Congreso Nacional donde se realiz\u00f3 el acto central.<\/strong><br \/>\nDesde el barrio de la Boca las trabajadoras de La Casa Popular el Patio; El Paseo de la Econom\u00eda Popular Martin Oso Cisneros; La Organizaci\u00f3n Social y Pol\u00edtica Los Pibes y FM Riachuelo,\u00a0 salieron a la calle a gritar: \u00a1NI UNA MENOS!. Gritamos porque creemos que el rol de la mujer fue, es y ser\u00e1 central en la organizaci\u00f3n de la lucha popular; porque queremos crear un nuevo mundo posible que nos garantice la reproducci\u00f3n de nuestras vidas en condiciones dignas y en igualdad, porque no queremos ni una compa\u00f1era m\u00e1s muerta, ni abortos clandestinos, porque no queremos ni una mujer m\u00e1s v\u00edctima por femicidio. Gritamos por todas las pibas que ya no pueden hacerlo.<br \/>\nFm Riachuelo realiz\u00f3 una cobertura con m\u00f3vil en vivo, y entrevist\u00f3 a la Negra Cano, referente de la Casa Popular El Patio, que marco la importancia de estar presentes, como trabajadoras de la econom\u00eda popular, en la marcha para luchar por todas las mujeres y hacer visibles los problemas del sector que sufren las pol\u00edticas de ajuste del Gobierno de Macri.<\/p>\n<p><img loading=\"lazy\" decoding=\"async\" class=\"alignnone size-full wp-image-7219\" src=\"http:\/\/fmriachuelo.com.ar\/wp-content\/uploads\/2018\/06\/WhatsApp-Image-2018-06-04-at-10.18.11-PM.jpeg\" alt=\"\" width=\"1280\" height=\"720\" srcset=\"http:\/\/fmriachuelo.it10.com.ar\/wp-content\/uploads\/2018\/06\/WhatsApp-Image-2018-06-04-at-10.18.11-PM.jpeg 1280w, http:\/\/fmriachuelo.it10.com.ar\/wp-content\/uploads\/2018\/06\/WhatsApp-Image-2018-06-04-at-10.18.11-PM-300x169.jpeg 300w, http:\/\/fmriachuelo.it10.com.ar\/wp-content\/uploads\/2018\/06\/WhatsApp-Image-2018-06-04-at-10.18.11-PM-1024x576.jpeg 1024w, http:\/\/fmriachuelo.it10.com.ar\/wp-content\/uploads\/2018\/06\/WhatsApp-Image-2018-06-04-at-10.18.11-PM-768x432.jpeg 768w, http:\/\/fmriachuelo.it10.com.ar\/wp-content\/uploads\/2018\/06\/WhatsApp-Image-2018-06-04-at-10.18.11-PM-750x422.jpeg 750w, http:\/\/fmriachuelo.it10.com.ar\/wp-content\/uploads\/2018\/06\/WhatsApp-Image-2018-06-04-at-10.18.11-PM-1140x641.jpeg 1140w\" sizes=\"auto, (max-width: 1280px) 100vw, 1280px\" \/><\/p>\n<p><em><strong>\u201cLas mujeres que estamos en el espacio de la econom\u00eda popular estamos viviendo un momento hist\u00f3rico, porque si bien reclamamos por reivindicar las luchas de las mujeres, el laburo y dem\u00e1s. Tambi\u00e9n est\u00e1 pasando que todos los d\u00edas est\u00e1n despidiendo a mujeres de sus labores, est\u00e1n despidiendo a maestras, medicas, asistentes sociales, a compa\u00f1eras del INTA\u201d<\/strong><\/em>, dijo Marta Sanagua referente del Paseo de la Econom\u00eda Popular Mart\u00edn Oso Cisneros.<\/p>\n<p>Marta remarc\u00f3 la falta de respuestas del Gobierno a las mujeres productoras de la agricultura familiar,<strong><em> \u201chay muchas mujeres que producen y el Gobierno Nacional no las acompa\u00f1a con ning\u00fan tipo de subsidios para sustentar gastos y perdidas. Entonces, nosotras como luchadoras de la econom\u00eda popular estamos diciendo: ac\u00e1 presente.\u00bb<\/em><\/strong><\/p>\n<p>La movilizaci\u00f3n cerr\u00f3 con un acto central en el Congreso Nacional con la presencia de numerosos colectivos y agrupaciones feministas,\u00a0 y distintas agrupaciones pol\u00edticas, junto a muchas mujeres que decidieron acompa\u00f1ar la marcha con sus hijxs. Desde el palco se pudieron escuchar los discursos de las organizadorxs , el documento central entre otros puntos reclam\u00f3<strong><em>:\u00bbBasta de obligar a parir a v\u00edctimas de violaci\u00f3n; Aplicaci\u00f3n inmediata del Protocolo Nacional Para la Atenci\u00f3n Integral de Personas con Derecho a la Interrupci\u00f3n Legal del Embarazo en todo el pa\u00eds; Presupuesto para garantizar los abortos no punibles en todos los hospitales del pa\u00eds.\u00bb<\/em><\/strong><\/p>\n<p>En otro de los puntos se dijo<strong><em>\u00abNo al pago de la deuda externa. Abajo el ajuste de Macri y los gobernadores. Basta de despidos, suspensiones y represi\u00f3n. Repudiamos la decisi\u00f3n del Gobierno de Mauricio Macri, de llevar adelante un acuerdo con el FMI que significa HAMBRE. \u00ab<\/em><\/strong><\/p>\n<p>EL cierre fue bajo el grito de todxs lxs presentes\u00bbNI UNA MENOS VIVAS NOS QUEREMOS\u00bb<\/p>\n","protected":false},"excerpt":{"rendered":"<p>[FM Riachuelo 05\/06\/2018] Ayer lxs trabajadorxs de la Econom\u00eda Popular nucleadas en la CTEP, participaron de la 4ta marcha de \u201cNI UNA MENOS\u201d, bajo las consignas VIVAS, LIBRES Y CON TRABAJO DIGNO NOS QUEREMOS. La concentraci\u00f3n se realiz\u00f3 en Hip\u00f3lito Irigoyen y Diagonal Sur y se moviliz\u00f3 hasta el Congreso Nacional donde se realiz\u00f3 el [&hellip;]<\/p>\n","protected":false},"author":5,"featured_media":7218,"comment_status":"open","ping_status":"open","sticky":false,"template":"","format":"standard","meta":{"_monsterinsights_skip_tracking":false,"_monsterinsights_sitenote_active":false,"_monsterinsights_sitenote_note":"","_monsterinsights_sitenote_category":0,"jnews-multi-image_gallery":[],"jnews_single_post":[],"jnews_primary_category":[],"_joinchat":[],"footnotes":""},"categories":[79,76,77],"tags":[],"class_list":["post-7216","post","type-post","status-publish","format-standard","has-post-thumbnail","hentry","category-nadie-se-salva-solo","category-salud-comunitaria","category-soberania"],"_links":{"self":[{"href":"http:\/\/fmriachuelo.it10.com.ar\/index.php\/wp-json\/wp\/v2\/posts\/7216","targetHints":{"allow":["GET"]}}],"collection":[{"href":"http:\/\/fmriachuelo.it10.com.ar\/index.php\/wp-json\/wp\/v2\/posts"}],"about":[{"href":"http:\/\/fmriachuelo.it10.com.ar\/index.php\/wp-json\/wp\/v2\/types\/post"}],"author":[{"embeddable":true,"href":"http:\/\/fmriachuelo.it10.com.ar\/index.php\/wp-json\/wp\/v2\/users\/5"}],"replies":[{"embeddable":true,"href":"http:\/\/fmriachuelo.it10.com.ar\/index.php\/wp-json\/wp\/v2\/comments?post=7216"}],"version-history":[{"count":0,"href":"http:\/\/fmriachuelo.it10.com.ar\/index.php\/wp-json\/wp\/v2\/posts\/7216\/revisions"}],"wp:featuredmedia":[{"embeddable":true,"href":"http:\/\/fmriachuelo.it10.com.ar\/index.php\/wp-json\/wp\/v2\/media\/7218"}],"wp:attachment":[{"href":"http:\/\/fmriachuelo.it10.com.ar\/index.php\/wp-json\/wp\/v2\/media?parent=7216"}],"wp:term":[{"taxonomy":"category","embeddable":true,"href":"http:\/\/fmriachuelo.it10.com.ar\/index.php\/wp-json\/wp\/v2\/categories?post=7216"},{"taxonomy":"post_tag","embeddable":true,"href":"http:\/\/fmriachuelo.it10.com.ar\/index.php\/wp-json\/wp\/v2\/tags?post=7216"}],"curies":[{"name":"wp","href":"https:\/\/api.w.org\/{rel}","templated":true}]}}