{"id":721,"date":"2015-02-11T13:31:00","date_gmt":"2015-02-11T13:31:00","guid":{"rendered":"http:\/\/fmriachuelo.observatorioess.org.ar\/index.php\/2015\/02\/11\/parque-lezama-entre-rejas\/"},"modified":"2025-03-26T15:12:13","modified_gmt":"2025-03-26T18:12:13","slug":"parque-lezama-entre-rejas","status":"publish","type":"post","link":"http:\/\/fmriachuelo.it10.com.ar\/index.php\/2015\/02\/11\/parque-lezama-entre-rejas\/","title":{"rendered":"PARQUE LEZAMA ENTRE REJAS"},"content":{"rendered":"<div style=\"clear: both;text-align: center\"><a href=\"http:\/\/4.bp.blogspot.com\/-IY0T81b2IJU\/VNtZOja94KI\/AAAAAAAACws\/wFQQXwEUWHQ\/s1600\/lezama%2B3.jpg\" style=\"margin-left: 1em;margin-right: 1em\"><img loading=\"lazy\" decoding=\"async\" border=\"0\" src=\"http:\/\/4.bp.blogspot.com\/-IY0T81b2IJU\/VNtZOja94KI\/AAAAAAAACws\/wFQQXwEUWHQ\/s1600\/lezama%2B3.jpg\" height=\"207\" width=\"400\" \/><\/a><\/div>\n<p><span style=\"color: red;font-family: Verdana, sans-serif;font-size: large\"><strong>PRESOS DE LAS ARBITRARIEDADES<\/strong><\/span><br \/><strong><span style=\"color: black;font-family: Verdana\">Difundimos Comunicado<\/span><\/strong><\/p>\n<p><span style=\"font-family: Verdana, sans-serif\"><span style=\"color: black\"><strong>REJAS ILEGALES EN EL PARQUE LEZAMA<br \/>&nbsp; <\/strong><br \/>A pesar de encontrarse fuera del proyecto, y de no haber sido aprobada por la Comisi\u00f3n Nacional de Museo, lugares y Monumentos Hist\u00f3ricos. En forma inconsulta el GCBA hizo un intento de poner rejas al Parque Lezama. R\u00e1pidamente nos hicimos presente los miembros de la Comisi\u00f3n Vecinal.<\/p>\n<p> Posteriormente en reuni\u00f3n con Patricio Di Stefano nos afirmo que piensan seguir adelante con el proyecto las rejas ilegales. Por lo que durante la asamblea de las 18hs decidimos para el d\u00eda Mi\u00e9rcoles 11: <br \/>Plantarnos en el parque de 7 a 17 hs.<br \/>Reunirnos en Asamblea a las 17hs en el monumento a la cordialidad ARG-URU.<br \/>Cortar la calle hasta que seamos escuchados. <br \/><a name='more'><\/a><\/p>\n<p> Estas decisiones surgen luego de agotar todas las instancias administrativas e institucionales relacionadas con las obras del parque como vecinxs y no lograr respuesta alguna de parte del gobierno de la ciudad.<br \/> Tanto este funcionario como el que tomo la decisi\u00f3n de instalar rejas ilegales No entienden que: NO QUEREMOS REJAS EN EL PARQUE y que vamos a defender el parque de las rejas.<\/p>\n<p> Proyectamos para el fin de semana hacer un festival para visibilizar el problema de un parque que hace 8 meses que se encuentra cerrado (cuando tendr\u00eda que haber terminado en 5meses), con obras demoradas, con varios errores y roturas que pudimos constatar, reducci\u00f3n de espacios verdes y contra el intento de convertir un parque de todos en un paseo para unxs pocxs.<\/p>\n<p> <\/span>Se agradece m\u00e1xima difusi\u00f3n.<\/p>\n<p>Asamblea Parque Lezama<\/p>\n<p>Adhieren:<br \/> Red Interparques y Plazas, Organizaci\u00f3n Social y Pol\u00edtica Los Pibes, Asamblea Plaza Dorrego, Asambleas del Pueblo, Asamblea Parque Lezama, Cooperativa de vivienda Ex Padelai,  Frente de Artistas Ambulantes Organizados (FAAO) Movimiento Afrocultural, Comisi\u00f3n en defensa el predio Polideportivo Martina C\u00e9spedes, Centro Murga Caprichosos de San Telmo, Club Social y deportivo Martina C\u00e9spedes, A.P.O.A.A( Asamblea Permanente de Organizaciones Afrodescendientes), Huerta Comunitaria Parque Ameghino, SALCES (Sociedad Argentina de Lucha Contra el Sedentarismo) Estudio Paisajista y Ambiental de Maria Elisa Cerrone  Antu\u00f1a, BA desde abajo, Edith Oviedo, juntista junta comunal 1, Miguel Vayo, juntista junta comunal 4,Martin Iommi juntista junta comunal 6 , Paula Resels juntista junta comunal 11, Alejandro Bodart, legislador MST, Pablo Ferreyra legislador Seamos Libres Maria Jos\u00e9 Lubertino, ex legisladora FPV, Mario Hernandez. Periodista y escritor. Miembro de la Comisi\u00f3n Directiva de la Coordinadora de Medios de la CABA (COMECI), Peri\u00f3dico VAS, FM Riachuelo, Programa Espantarrejas, Movimiento Comunero, Ate legislatura, Secretar\u00eda de Asuntos Institucionales de la CTA ciudad, La campora San telmo, Corriente Villera Independiente, Movimiento Popular Patria Grande, Camino de Los Libres, Tierra para vivir en COB La Brecha CABA, Confluencia MPLD-MTK en el Frente Nacional Pueblo Unido, COVILPI (Cooperativa de vivienda Los Pibes), Frente Popular Dar\u00edo Santill\u00e1n, Rocio Sanchez Andia, San Telmo K, Adrian Camps (Legislador MC), Boca es Pueblo, Movimiento Evita.<\/p>\n<p>Para adherir:  <\/span><a href=\"mailto:asamblealezama@gmail.com?subject=Adhesiones\"><span style=\"font-family: Verdana, sans-serif\">asamblealezama@gmail.com<\/span><\/a><br \/><span style=\"font-family: Verdana, sans-serif\"> contactos de prensa:<br \/> 15 5517 2333<br \/> 15 3629 1256<br \/><\/span><a href=\"http:\/\/www.asablealezama.blogspot.com.ar\/\"><span style=\"font-family: Verdana, sans-serif\">www.asablealezama.blogspot.com<\/span><\/a><br \/><a href=\"http:\/\/www.facebook.com\/asamblealezama\"><span style=\"font-family: Verdana, sans-serif\">www.facebook.com\/asamblealezama<\/span><\/a><br \/><a href=\"http:\/\/www.twitter.com\/asamblealezama\"><span style=\"font-family: Verdana, sans-serif\">www.twitter.com\/asamblealezama<\/span><\/a><\/p>\n","protected":false},"excerpt":{"rendered":"<p>PRESOS DE LAS ARBITRARIEDADESDifundimos Comunicado REJAS ILEGALES EN EL PARQUE LEZAMA&nbsp; A pesar de encontrarse fuera del proyecto, y de no haber sido aprobada por la Comisi\u00f3n Nacional de Museo, lugares y Monumentos Hist\u00f3ricos. En forma inconsulta el GCBA hizo un intento de poner rejas al Parque Lezama. R\u00e1pidamente nos hicimos presente los miembros de [&hellip;]<\/p>\n","protected":false},"author":4,"featured_media":0,"comment_status":"open","ping_status":"open","sticky":false,"template":"","format":"standard","meta":{"_monsterinsights_skip_tracking":false,"_monsterinsights_sitenote_active":false,"_monsterinsights_sitenote_note":"","_monsterinsights_sitenote_category":0,"jnews-multi-image_gallery":[],"jnews_single_post":{"format":"standard"},"jnews_primary_category":[],"_joinchat":[],"footnotes":""},"categories":[58],"tags":[81,147],"class_list":["post-721","post","type-post","status-publish","format-standard","hentry","category-noticiariachuelo","tag-aguafuertes-portenas","tag-habitat"],"_links":{"self":[{"href":"http:\/\/fmriachuelo.it10.com.ar\/index.php\/wp-json\/wp\/v2\/posts\/721","targetHints":{"allow":["GET"]}}],"collection":[{"href":"http:\/\/fmriachuelo.it10.com.ar\/index.php\/wp-json\/wp\/v2\/posts"}],"about":[{"href":"http:\/\/fmriachuelo.it10.com.ar\/index.php\/wp-json\/wp\/v2\/types\/post"}],"author":[{"embeddable":true,"href":"http:\/\/fmriachuelo.it10.com.ar\/index.php\/wp-json\/wp\/v2\/users\/4"}],"replies":[{"embeddable":true,"href":"http:\/\/fmriachuelo.it10.com.ar\/index.php\/wp-json\/wp\/v2\/comments?post=721"}],"version-history":[{"count":1,"href":"http:\/\/fmriachuelo.it10.com.ar\/index.php\/wp-json\/wp\/v2\/posts\/721\/revisions"}],"predecessor-version":[{"id":22533,"href":"http:\/\/fmriachuelo.it10.com.ar\/index.php\/wp-json\/wp\/v2\/posts\/721\/revisions\/22533"}],"wp:attachment":[{"href":"http:\/\/fmriachuelo.it10.com.ar\/index.php\/wp-json\/wp\/v2\/media?parent=721"}],"wp:term":[{"taxonomy":"category","embeddable":true,"href":"http:\/\/fmriachuelo.it10.com.ar\/index.php\/wp-json\/wp\/v2\/categories?post=721"},{"taxonomy":"post_tag","embeddable":true,"href":"http:\/\/fmriachuelo.it10.com.ar\/index.php\/wp-json\/wp\/v2\/tags?post=721"}],"curies":[{"name":"wp","href":"https:\/\/api.w.org\/{rel}","templated":true}]}}