{"id":7201,"date":"2018-05-30T20:12:36","date_gmt":"2018-05-30T20:12:36","guid":{"rendered":"http:\/\/fmriachuelo.com.ar\/?p=7201"},"modified":"2018-05-30T20:12:36","modified_gmt":"2018-05-30T20:12:36","slug":"violencia-institucional-a-trabajadorxs-de-prensa","status":"publish","type":"post","link":"http:\/\/fmriachuelo.it10.com.ar\/index.php\/2018\/05\/30\/violencia-institucional-a-trabajadorxs-de-prensa\/","title":{"rendered":"VIOLENCIA INSTITUCIONAL A TRABAJADORXS DE PRENSA"},"content":{"rendered":"<p>[<strong>FM Riachuelo 30\/05\/2018]\u00a0Este mi\u00e9rcoles se realiz\u00f3 una conferencia de prensa para denunciar los ataques policiales y persecuci\u00f3n a lxs \u00a0trabajadorxs de distintos medios de comunicaci\u00f3n.Fue organizada por el Sindicato de Prensa de Buenos Aires, la \u00a0Coordinara Contra la Represi\u00f3n Policial e Institucional y la Red Nacional de Medios Alternativos, bajo la consigna BASTA DE PERSEGUIR TRABAJADORXS\u00a0 DE PRENSA\u00a0y por la defensa de lxs luchadorxs de la protesta.<\/strong><\/p>\n<p>Al inicio de la presentaci\u00f3n Tomas Eliaschev,\u00a0 secretario de Derechos Humanos de SIPREBA,\u00a0 expres\u00f3 \u201c<em><strong>Hay una intencionalidad deliberada por parte del Gobierno Nacional, y el\u00a0 Gobierno de la Ciudad, no quieren que se produzca evidencias de su accionar represivo que est\u00e1 re\u00f1ido por las leyes vigentes\u201d.<\/strong><\/em><\/p>\n<p>La conferencia de prensa comenz\u00f3 pasada las 11:30 hs en la sala del Sindicato de Prensa de Buenos Aires, ubicado en M\u00e9xico al 441. \u00a0Para denunciar p\u00fablicamente el accionar del fiscal Germ\u00e1n Mold\u00e9s, quien vuelve a perseguir y criminalizar a \u00a0lxs \u00a0cuatro trabajadorxs de prensa que realizaban tareas period\u00edsticas el 1 de Septiembre del 2017, en la movilizaci\u00f3n\u00a0 que\u00a0 reclamaba aparici\u00f3n con vida de Santiago Maldonado. Ese d\u00eda se desataron ferozmente detenciones arbitrarias contra los diferentes manifestantes, y quienes registraban los hechos fueron v\u00edctimas de la violencia institucional.<\/p>\n<p>FM Riachuelo, estuvo presente en el lugar y habl\u00f3 con Carlos Guerra, uno de los trabajadores que fue detenido por estar haciendo su trabajo, expres\u00f3 la importancia de defender los derechos colectivos sociales de todxs los comunicadores de prensa, y remarco <em><strong>\u201cno somos criminales, somos productores de medios audiovisuales\u201d<\/strong><\/em>.<\/p>\n<p>Mar\u00eda del Carmen Verdu, presente en la conferencia destac\u00f3 que <em><strong>\u201cTener una c\u00e1mara, un celular, estar transmitiendo en facebook o cualquier otro sistema \u00a0se convirti\u00f3 en una situaci\u00f3n m\u00e1s peligrosa, para cualquier compa\u00f1erx, que estar participando de la movilizaci\u00f3n como un manifestante mas\u201d.<\/strong><\/em><\/p>\n<p>La conferencia finaliz\u00f3, convocando a la audiencia\u00a0 para el\u00a0 6 de junio desde las 9 de la ma\u00f1ana en los\u00a0 tribunales de Comodoro Py, donde\u00a0 el fiscal Germ\u00e1n Mold\u00e9s deber\u00e1 sostener su postura y CORREPI realizar\u00e1 la defensa de los acusados. Se har\u00e1\u00a0radio abierta, intervenciones art\u00edsticas para acompa\u00f1ar a lxs trabajadorxs de prensa.<\/p>\n<p>&nbsp;<\/p>\n<p>&nbsp;<\/p>\n","protected":false},"excerpt":{"rendered":"<p>[FM Riachuelo 30\/05\/2018]\u00a0Este mi\u00e9rcoles se realiz\u00f3 una conferencia de prensa para denunciar los ataques policiales y persecuci\u00f3n a lxs \u00a0trabajadorxs de distintos medios de comunicaci\u00f3n.Fue organizada por el Sindicato de Prensa de Buenos Aires, la \u00a0Coordinara Contra la Represi\u00f3n Policial e Institucional y la Red Nacional de Medios Alternativos, bajo la consigna BASTA DE PERSEGUIR [&hellip;]<\/p>\n","protected":false},"author":5,"featured_media":7202,"comment_status":"open","ping_status":"open","sticky":false,"template":"","format":"standard","meta":{"_monsterinsights_skip_tracking":false,"_monsterinsights_sitenote_active":false,"_monsterinsights_sitenote_note":"","_monsterinsights_sitenote_category":0,"jnews-multi-image_gallery":[],"jnews_single_post":[],"jnews_primary_category":[],"_joinchat":[],"footnotes":""},"categories":[79,76,77],"tags":[],"class_list":["post-7201","post","type-post","status-publish","format-standard","has-post-thumbnail","hentry","category-nadie-se-salva-solo","category-salud-comunitaria","category-soberania"],"_links":{"self":[{"href":"http:\/\/fmriachuelo.it10.com.ar\/index.php\/wp-json\/wp\/v2\/posts\/7201","targetHints":{"allow":["GET"]}}],"collection":[{"href":"http:\/\/fmriachuelo.it10.com.ar\/index.php\/wp-json\/wp\/v2\/posts"}],"about":[{"href":"http:\/\/fmriachuelo.it10.com.ar\/index.php\/wp-json\/wp\/v2\/types\/post"}],"author":[{"embeddable":true,"href":"http:\/\/fmriachuelo.it10.com.ar\/index.php\/wp-json\/wp\/v2\/users\/5"}],"replies":[{"embeddable":true,"href":"http:\/\/fmriachuelo.it10.com.ar\/index.php\/wp-json\/wp\/v2\/comments?post=7201"}],"version-history":[{"count":0,"href":"http:\/\/fmriachuelo.it10.com.ar\/index.php\/wp-json\/wp\/v2\/posts\/7201\/revisions"}],"wp:featuredmedia":[{"embeddable":true,"href":"http:\/\/fmriachuelo.it10.com.ar\/index.php\/wp-json\/wp\/v2\/media\/7202"}],"wp:attachment":[{"href":"http:\/\/fmriachuelo.it10.com.ar\/index.php\/wp-json\/wp\/v2\/media?parent=7201"}],"wp:term":[{"taxonomy":"category","embeddable":true,"href":"http:\/\/fmriachuelo.it10.com.ar\/index.php\/wp-json\/wp\/v2\/categories?post=7201"},{"taxonomy":"post_tag","embeddable":true,"href":"http:\/\/fmriachuelo.it10.com.ar\/index.php\/wp-json\/wp\/v2\/tags?post=7201"}],"curies":[{"name":"wp","href":"https:\/\/api.w.org\/{rel}","templated":true}]}}