{"id":720,"date":"2015-02-13T17:20:00","date_gmt":"2015-02-13T17:20:00","guid":{"rendered":"http:\/\/fmriachuelo.observatorioess.org.ar\/index.php\/2015\/02\/13\/el-gobierno-de-la-ciudad-avanza-con-sus-politicas\/"},"modified":"2025-03-26T15:14:48","modified_gmt":"2025-03-26T18:14:48","slug":"el-gobierno-de-la-ciudad-avanza-con-sus-politicas","status":"publish","type":"post","link":"http:\/\/fmriachuelo.it10.com.ar\/index.php\/2015\/02\/13\/el-gobierno-de-la-ciudad-avanza-con-sus-politicas\/","title":{"rendered":"EL GOBIERNO DE LA CIUDAD AVANZA CON SUS POLITICAS"},"content":{"rendered":"<p><span style=\"color: red;font-family: Verdana, sans-serif;font-size: large\"><strong>DESTRUYENDO BUENOS AIRES<\/strong><\/span><\/p>\n<p><span style=\"color: black;font-family: Verdana;font-size: large\"><strong>El gobierno porte\u00f1o tal\u00f3 el hist\u00f3rico omb\u00fa de Plaza Roma<\/strong><\/p>\n<div style=\"clear: both;text-align: center\"><a href=\"http:\/\/4.bp.blogspot.com\/-rSrNJJqwN1Q\/VN4xDWgoIhI\/AAAAAAAACw8\/JyPs6Nhg_5U\/s1600\/medio-ambiente-1810215h430.jpg\" style=\"clear: left;float: left;margin-bottom: 1em;margin-right: 1em\"><img loading=\"lazy\" decoding=\"async\" border=\"0\" src=\"http:\/\/4.bp.blogspot.com\/-rSrNJJqwN1Q\/VN4xDWgoIhI\/AAAAAAAACw8\/JyPs6Nhg_5U\/s1600\/medio-ambiente-1810215h430.jpg\" height=\"213\" width=\"320\" \/><\/a><\/div>\n<p><\/span><span style=\"font-family: Verdana, sans-serif\">En Plaza Roma, en la ciudad de Buenos Aires, hab\u00eda un omb\u00fa hist\u00f3rico, de nudosas ra\u00edces; en su tronco, de dimensiones colosales, un coraz\u00f3n enlazaba los nombres \u00abPaulo y Beatriz\u00bb; durante el d\u00eda, era el refugio de enamorados, tambi\u00e9n la sombra para una buena siesta en verano; por las noches, era casa para los sin techo. Desde el martes pasado, ya no hay omb\u00fa, ni refugio, ni sombra. Qued\u00f3 apenas parte del tronco y las ra\u00edces, como serpientes inmensas en la tierra.<br \/>Seg\u00fan el&nbsp;<\/span><span style=\"font-family: Verdana, sans-serif\">Observatorio de Pol\u00edticas Urbanas y Patrimoniales<\/span><span style=\"font-family: Verdana, sans-serif\">&nbsp;el \u00e1rbol fue talado el martes pasado, luego de la tormenta del lunes. Seg\u00fan constataron en la organizaci\u00f3n, algunas ramas del omb\u00fa hab\u00edan sido afectadas por los vientos, pero nada que hiciera pensar en una tala feroz. \u00abNos encontramos con un cerco de cintas amarillas, como las que coloca el gobierno de la ciudad en lugares de obras p\u00fablicas. \u00abNo sabemos por qu\u00e9 esta tala, no nos dieron una explicaci\u00f3n formal de por qu\u00e9 decidieron destruirlo as\u00ed\u00bb, dijeron.<\/span><br \/><span style=\"color: blue;font-family: Verdana\">Fuente: La Naci\u00f3n, Producci\u00f3n Riachuelo<\/span><\/p>\n<div style=\"clear: both;text-align: center\"><a href=\"http:\/\/3.bp.blogspot.com\/-RBUBAHCJtbA\/VN4yO-WywMI\/AAAAAAAACxI\/yy8o8ICedxM\/s1600\/COOP%2BRIACHIUELO%2BPRODUCCIONES.jpg\" style=\"clear: left;float: left;margin-bottom: 1em;margin-right: 1em\"><img loading=\"lazy\" decoding=\"async\" border=\"0\" src=\"http:\/\/3.bp.blogspot.com\/-RBUBAHCJtbA\/VN4yO-WywMI\/AAAAAAAACxI\/yy8o8ICedxM\/s1600\/COOP%2BRIACHIUELO%2BPRODUCCIONES.jpg\" height=\"58\" width=\"200\" \/><\/a><\/div>\n<p><strong><span style=\"color: red;font-family: Verdana;font-size: large\"><\/span><\/strong><\/p>\n","protected":false},"excerpt":{"rendered":"<p>DESTRUYENDO BUENOS AIRES El gobierno porte\u00f1o tal\u00f3 el hist\u00f3rico omb\u00fa de Plaza Roma En Plaza Roma, en la ciudad de Buenos Aires, hab\u00eda un omb\u00fa hist\u00f3rico, de nudosas ra\u00edces; en su tronco, de dimensiones colosales, un coraz\u00f3n enlazaba los nombres \u00abPaulo y Beatriz\u00bb; durante el d\u00eda, era el refugio de enamorados, tambi\u00e9n la sombra para [&hellip;]<\/p>\n","protected":false},"author":4,"featured_media":0,"comment_status":"open","ping_status":"open","sticky":false,"template":"","format":"standard","meta":{"_monsterinsights_skip_tracking":false,"_monsterinsights_sitenote_active":false,"_monsterinsights_sitenote_note":"","_monsterinsights_sitenote_category":0,"jnews-multi-image_gallery":[],"jnews_single_post":{"format":"standard"},"jnews_primary_category":[],"_joinchat":[],"footnotes":""},"categories":[58],"tags":[147],"class_list":["post-720","post","type-post","status-publish","format-standard","hentry","category-noticiariachuelo","tag-habitat"],"_links":{"self":[{"href":"http:\/\/fmriachuelo.it10.com.ar\/index.php\/wp-json\/wp\/v2\/posts\/720","targetHints":{"allow":["GET"]}}],"collection":[{"href":"http:\/\/fmriachuelo.it10.com.ar\/index.php\/wp-json\/wp\/v2\/posts"}],"about":[{"href":"http:\/\/fmriachuelo.it10.com.ar\/index.php\/wp-json\/wp\/v2\/types\/post"}],"author":[{"embeddable":true,"href":"http:\/\/fmriachuelo.it10.com.ar\/index.php\/wp-json\/wp\/v2\/users\/4"}],"replies":[{"embeddable":true,"href":"http:\/\/fmriachuelo.it10.com.ar\/index.php\/wp-json\/wp\/v2\/comments?post=720"}],"version-history":[{"count":1,"href":"http:\/\/fmriachuelo.it10.com.ar\/index.php\/wp-json\/wp\/v2\/posts\/720\/revisions"}],"predecessor-version":[{"id":22534,"href":"http:\/\/fmriachuelo.it10.com.ar\/index.php\/wp-json\/wp\/v2\/posts\/720\/revisions\/22534"}],"wp:attachment":[{"href":"http:\/\/fmriachuelo.it10.com.ar\/index.php\/wp-json\/wp\/v2\/media?parent=720"}],"wp:term":[{"taxonomy":"category","embeddable":true,"href":"http:\/\/fmriachuelo.it10.com.ar\/index.php\/wp-json\/wp\/v2\/categories?post=720"},{"taxonomy":"post_tag","embeddable":true,"href":"http:\/\/fmriachuelo.it10.com.ar\/index.php\/wp-json\/wp\/v2\/tags?post=720"}],"curies":[{"name":"wp","href":"https:\/\/api.w.org\/{rel}","templated":true}]}}