{"id":719,"date":"2015-02-13T18:11:00","date_gmt":"2015-02-13T18:11:00","guid":{"rendered":"http:\/\/fmriachuelo.observatorioess.org.ar\/index.php\/2015\/02\/13\/encuentro-de-mujeres-originarias-por-el-buen-vivir\/"},"modified":"2025-03-26T15:17:17","modified_gmt":"2025-03-26T18:17:17","slug":"encuentro-de-mujeres-originarias-por-el-buen-vivir","status":"publish","type":"post","link":"http:\/\/fmriachuelo.it10.com.ar\/index.php\/2015\/02\/13\/encuentro-de-mujeres-originarias-por-el-buen-vivir\/","title":{"rendered":"ENCUENTRO DE MUJERES ORIGINARIAS POR EL BUEN VIVIR"},"content":{"rendered":"<div style=\"clear: both;text-align: left\"><span style=\"color: red;font-family: Verdana, sans-serif;font-size: large\"><strong>\u00abCAMINAMOS PARA SER, SOMOS PORQUE CAMINAMOS\u00bb<\/strong><\/span><\/div>\n<p><span style=\"color: red;font-family: Verdana, sans-serif;font-size: large\"><\/p>\n<div style=\"clear: both;text-align: left\"><span style=\"color: black;font-size: small\"><strong>Mujeres representantes de 36 naciones originarias del territorio Argentino<\/strong><\/span><\/div>\n<p><strong><\/p>\n<div style=\"clear: both;text-align: center\">&nbsp;<\/div>\n<div style=\"clear: both;text-align: center\"><a href=\"http:\/\/1.bp.blogspot.com\/-tsU92NE9Js8\/VN49N2jCs7I\/AAAAAAAACxY\/ZveGH3Hiw3g\/s1600\/MARCHA%2BDE%2BMUJERS%2BORIG.jpg\" style=\"clear: left;float: left;margin-bottom: 1em;margin-right: 1em\"><img loading=\"lazy\" decoding=\"async\" border=\"0\" src=\"http:\/\/1.bp.blogspot.com\/-tsU92NE9Js8\/VN49N2jCs7I\/AAAAAAAACxY\/ZveGH3Hiw3g\/s1600\/MARCHA%2BDE%2BMUJERS%2BORIG.jpg\" height=\"320\" width=\"320\" \/><\/a><\/div>\n<p>&nbsp;<\/strong>&nbsp;<\/span><span style=\"font-family: Verdana, sans-serif\">Con&nbsp;la consigna \u201cCaminamos para ser; Somos porque caminamos\u201d, cientos de mujeres originarias de distintos puntos del pa\u00eds se movilizan hacia el encuentro que se desarrollara del 13 al 16 de febrero con el objetivo de discutir y redactar lo que sera la ley de el Buen Vivir.<\/p>\n<p>El lago Puelo y los hermanos mapuche de la comunidad Cay\u00fan, recibir\u00e1n en la belleza de su paisaje y la calidez del fog\u00f3n, a las mujeres originarias convocadas por el llamamiento de sus hermanas, quienes trabajan desde hace dos a\u00f1os por construir la ley del buen vivir.<\/span><br \/><span style=\"font-family: Verdana, sans-serif\"><\/span><a name='more'><\/a><span style=\"font-family: Verdana, sans-serif\"><br \/>Ancestralmente somos las mujeres, protectoras, dadoras de luz y vida, sembradoras, generadoras, gestantes, creadoras, tejedoras, defensoras, transmisoras, dinamizadoras y perpetuadoras del saber que sostiene la armon\u00eda entre el ser humano y la naturaleza. Ahora las protagonistas de esta actividad y quienes representan a las 36 naciones originarias en el territorio Argentino, cimientan el empoderamiento de su identidad como mujeres y descendientes de los primeros pobladores de este continente, tras cientos de a\u00f1os en resistencia y lucha, contra el avasallamiento de sus or\u00edgenes, g\u00e9nero y cultura, contra la imposici\u00f3n colonizadora patriarcal que se perpetua hasta hoy, contra la invisibilizaci\u00f3n, el silencio, la censura, la muerte.<\/p>\n<p>Ellas, ahora mas que siempre, ahora, en el momento justo, no acallan su grito de digna rabia, de libertad, de amor porque inician la transformaci\u00f3n que necesita nuestra humanidad para contrarrestar la barbarie del sistema depredador actual.<\/p>\n<p>Este encuentro, es la segunda etapa para desarrollar lo que sera la Primer Marcha de Mujeres Originarias por el Buen Vivir, a realizarse en abril; all\u00ed, ellas acompa\u00f1adas del pueblo argentino presentaran al Congreso de la Naci\u00f3n un proyecto de ley que promueve un dialogo por la vida, por la esperanza, por la integraci\u00f3n, por el bienestar mutuo, por la comuni\u00f3n con todos los seres vivos, por el retorno a la humanidad.<\/p>\n<p>El precedente de este encuentro en Chubut, fue el \u201cLlamamiento\u201d, tarea en la que un grupo de mujeres y hombres comprometidos con esta causa, recorrieron de punta a punta el territorio argentino, difundiendo el mensaje del retorno al Buen Vivir, convocando a las mujeres en las distintas comunidades para su participaci\u00f3n en el Encuentro de Mujeres Originarias por el Buen Vivir, como tambi\u00e9n en la 1er Marcha de Mujeres Originarias.<\/p>\n<p>Durante 4 d\u00edas, se discutir\u00e1n asuntos como; derechos fundamentales para la mujer originaria, derechos espec\u00edficos para sus territorios, derechos sociales puntuales para las comunidades, derechos referentes a la interculturalidad y los saberes ancestrales, derechos de la madre tierra, soberan\u00eda alimentaria, recursos naturales, y adem\u00e1s construcci\u00f3n de una relaci\u00f3n arm\u00f3nica con el pueblo argentino en general, como con el estado y sus instituciones.<\/p>\n<p>El Buen Vivir, dentro de la cosmovisi\u00f3n originaria, es el paradigma del equilibrio entre el ser humano y su entorno, la satisfacci\u00f3n de nuestras necesidades, buscando la sana relaci\u00f3n socio-econ\u00f3mica, sostenible, contraria al capitalismo devastador, entendiendo de que todo lo que existe es parte del equilibrio y la armon\u00eda con la vida; las comunidades ind\u00edgenas, los ciudadanos, los territorios, la naturaleza, y el estado.<\/p>\n<p>Este concepto se plantea como herramienta de discusi\u00f3n y exigencia de los derechos para las comunidades ind\u00edgenas, que pugnan constantemente, en sus territorios contra la explotaci\u00f3n salvaje como la extracci\u00f3n minera, la agronom\u00eda intensiva y explotaci\u00f3n tur\u00edstica indiscriminada.<\/p>\n<p>Las mujeres originarias se re\u00fanen para revivir un modelo que implica e invita a todos los habitantes de Argentina para participar en la b\u00fasqueda del equilibrio entre la mujer y el hombre con su entorno; desde la visiones, experiencias, voces, propuestas, herencias ancestrales y diversidad de las mujeres participantes. En Chubut se gestara y dar\u00e1 vida al Buen Vivir para todo el territorio argentino.<\/p>\n<p>*Acerca de nosotrXs: somos el Equipo de coordinaci\u00f3n de la 1er Marcha de Mujeres Originarias por el Buen Vivir, somos mujeres y hombres autoconovocadXs, originarios y no originarios, de diferentes lugares y culturas, autogestionados, convencidos de que es posible transformar, dar los primeros pasos para crear un lugar mejor, un lugar de Buen Vivir.<\/p>\n<p>Telefonos de contacto: Luciano(54) (011) 1539556716.<br \/>&nbsp;<\/span><a href=\"mailto:originariasporelbuenvivir@gmail.com\"><span style=\"font-family: Verdana, sans-serif\">originariasporelbuenvivir@gmail.com<\/span><\/a><span style=\"font-family: Verdana, sans-serif\">&nbsp;&nbsp; <\/span><\/p>\n<p><span style=\"font-family: Verdana, sans-serif\"><span style=\"color: blue\">Fuente: Agencia Rodolfo Walsh, Producci\u00f3n Riachuelo<\/span><\/span><\/p>\n<div style=\"clear: both;text-align: center\"><a href=\"http:\/\/2.bp.blogspot.com\/-QqR_gmDvBZE\/VN4-Gul8_gI\/AAAAAAAACxg\/UB2Ird9kS_o\/s1600\/COOP%2BRIACHIUELO%2BPRODUCCIONES.jpg\" style=\"clear: left;float: left;margin-bottom: 1em;margin-right: 1em\"><img loading=\"lazy\" decoding=\"async\" border=\"0\" src=\"http:\/\/2.bp.blogspot.com\/-QqR_gmDvBZE\/VN4-Gul8_gI\/AAAAAAAACxg\/UB2Ird9kS_o\/s1600\/COOP%2BRIACHIUELO%2BPRODUCCIONES.jpg\" height=\"58\" width=\"200\" \/><\/a><\/div>\n<p><span style=\"font-family: Verdana\"><\/span><\/p>\n","protected":false},"excerpt":{"rendered":"<p>\u00abCAMINAMOS PARA SER, SOMOS PORQUE CAMINAMOS\u00bb Mujeres representantes de 36 naciones originarias del territorio Argentino &nbsp; &nbsp;&nbsp;Con&nbsp;la consigna \u201cCaminamos para ser; Somos porque caminamos\u201d, cientos de mujeres originarias de distintos puntos del pa\u00eds se movilizan hacia el encuentro que se desarrollara del 13 al 16 de febrero con el objetivo de discutir y redactar lo [&hellip;]<\/p>\n","protected":false},"author":4,"featured_media":0,"comment_status":"open","ping_status":"open","sticky":false,"template":"","format":"standard","meta":{"_monsterinsights_skip_tracking":false,"_monsterinsights_sitenote_active":false,"_monsterinsights_sitenote_note":"","_monsterinsights_sitenote_category":0,"jnews-multi-image_gallery":[],"jnews_single_post":{"format":"standard"},"jnews_primary_category":[],"_joinchat":[],"footnotes":""},"categories":[58],"tags":[174,71],"class_list":["post-719","post","type-post","status-publish","format-standard","hentry","category-noticiariachuelo","tag-cultura-originaria","tag-de-la-tierra"],"_links":{"self":[{"href":"http:\/\/fmriachuelo.it10.com.ar\/index.php\/wp-json\/wp\/v2\/posts\/719","targetHints":{"allow":["GET"]}}],"collection":[{"href":"http:\/\/fmriachuelo.it10.com.ar\/index.php\/wp-json\/wp\/v2\/posts"}],"about":[{"href":"http:\/\/fmriachuelo.it10.com.ar\/index.php\/wp-json\/wp\/v2\/types\/post"}],"author":[{"embeddable":true,"href":"http:\/\/fmriachuelo.it10.com.ar\/index.php\/wp-json\/wp\/v2\/users\/4"}],"replies":[{"embeddable":true,"href":"http:\/\/fmriachuelo.it10.com.ar\/index.php\/wp-json\/wp\/v2\/comments?post=719"}],"version-history":[{"count":1,"href":"http:\/\/fmriachuelo.it10.com.ar\/index.php\/wp-json\/wp\/v2\/posts\/719\/revisions"}],"predecessor-version":[{"id":22536,"href":"http:\/\/fmriachuelo.it10.com.ar\/index.php\/wp-json\/wp\/v2\/posts\/719\/revisions\/22536"}],"wp:attachment":[{"href":"http:\/\/fmriachuelo.it10.com.ar\/index.php\/wp-json\/wp\/v2\/media?parent=719"}],"wp:term":[{"taxonomy":"category","embeddable":true,"href":"http:\/\/fmriachuelo.it10.com.ar\/index.php\/wp-json\/wp\/v2\/categories?post=719"},{"taxonomy":"post_tag","embeddable":true,"href":"http:\/\/fmriachuelo.it10.com.ar\/index.php\/wp-json\/wp\/v2\/tags?post=719"}],"curies":[{"name":"wp","href":"https:\/\/api.w.org\/{rel}","templated":true}]}}