{"id":7189,"date":"2018-05-29T14:59:14","date_gmt":"2018-05-29T14:59:14","guid":{"rendered":"http:\/\/fmriachuelo.com.ar\/?p=7189"},"modified":"2018-05-29T14:59:14","modified_gmt":"2018-05-29T14:59:14","slug":"impa-la-fabrica-cumplio-20-anos-de-lucha-social-y-popular","status":"publish","type":"post","link":"http:\/\/fmriachuelo.it10.com.ar\/index.php\/2018\/05\/29\/impa-la-fabrica-cumplio-20-anos-de-lucha-social-y-popular\/","title":{"rendered":"IMPA LA FABRICA CUMPLI\u00d3 20 A\u00d1OS DE LUCHA SOCIAL Y POPULAR"},"content":{"rendered":"<p><strong>[FM Riachuelo-Al Gran Pueblo Salud 29\/05\/2018]Ayer durante el programa Al Gran Pueblo Salud, se entrevist\u00f3 a Eduardo \u201cVasco\u201d Mur\u00faa, referente del Movimiento Nacional de Empresas Recuperadas (MNER) y trabajador de la Industria Metal\u00fargicas y Pl\u00e1sticas Argentina(IMPA), quien nos relat\u00f3 un poco los or\u00edgenes de la empresa recuperada y el clima similar a los 90 que se vive actualmente.<\/strong><\/p>\n<p>Se cumplieron 20 a\u00f1os de IMPA como empresa recuperada, y es as\u00ed, que el 22 de mayo con un festejo en el lugar, acompa\u00f1ado de todos los compa\u00f1eros, se conmemoro tantos a\u00f1os de trabajo y lucha social. Entre tanto, tambi\u00e9n se dieron el espacio de debatir entre los trabajadores, los principales temas que atraviesan a nuestro pueblo.<\/p>\n<p>Fue a finales de 1998 que en un marco de 40% de desocupaci\u00f3n, los trabajadores de la f\u00e1brica decidieron llevar adelante un nuevo m\u00e9todo de lucha, por el cual se plantearon tomar la f\u00e1brica y tener una pol\u00edtica de autogesti\u00f3n, para en cierta forma, frenar el clima que se ven\u00eda gestando en los 90.\u201c<strong><em>Hab\u00eda una necesidad concreta de que todo el mundo comprendiera la situaci\u00f3n para poner el hombro<\/em><\/strong>\u201d, coment\u00f3 el referente de MNER.<\/p>\n<p>\u201c<strong><em>En IMPA lo que hacemos es poner el espacio a disposici\u00f3n del conjunto de nuestro pueblo. No es solamente para la producci\u00f3n, sino que le brindamos el espacio para la educaci\u00f3n, para la salud, para la cultura<\/em><\/strong>\u201d. As\u00ed explicaba el \u201cVasco\u201d la metodolog\u00eda de una de las f\u00e1bricas de aluminio m\u00e1s grandes del pa\u00eds, que no solo funciona como tal, sino que tambi\u00e9n utiliza el lugar como centro cultural, gan\u00e1ndose el nombre de Centro Cultural IMPA La Fabrica.<\/p>\n<p>Por otro lado, se charl\u00f3 tambi\u00e9n la situaci\u00f3n actual del pa\u00eds, con un gobierno de derecha continuamente golpeando y persiguiendo a los sectores m\u00e1s humildes. Mur\u00faa critico la dirigencia sindical, entre los cuales se inclu\u00eda, argumentando que \u201c<strong><em>no est\u00e1 a la altura de la circunstancia del ajuste que el gobierno ha desatado contra nuestro pueblo<\/em><\/strong>\u201d. Continuo diciendo: \u201c<strong><em>La represi\u00f3n se va a acentuar, el gatillo f\u00e1cil se va a hacer peor, y todo se va a llevar a cabo en democracia. As\u00ed que tendr\u00e1 que salir una nueva dirigencia de los j\u00f3venes o la dirigencia se pondr\u00e1 a la cabeza de la lucha del campo popular<\/em><\/strong>\u201d.<\/p>\n<p>Finalmente, llam\u00f3 a que tengamos empat\u00eda con los compa\u00f1eros y a \u201cidear nuevos mecanismos de producci\u00f3n\u201d para finalmente estar en pie de dar batallas en contra de la injusticia que se vive hoy por hoy en el a\u00f1o 2018.<\/p>\n<p>Escucha la entrevista\u00a0<a href=\"https:\/\/radiocut.fm\/audiocut\/impa-la-fabrica-cumplio-20-anos-de-lucha-social-y-popular\/\" target=\"_blank\" rel=\"noopener\"><strong><span style=\"color: #ff0000\">AC\u00c1<\/span><\/strong><\/a><\/p>\n","protected":false},"excerpt":{"rendered":"<p>[FM Riachuelo-Al Gran Pueblo Salud 29\/05\/2018]Ayer durante el programa Al Gran Pueblo Salud, se entrevist\u00f3 a Eduardo \u201cVasco\u201d Mur\u00faa, referente del Movimiento Nacional de Empresas Recuperadas (MNER) y trabajador de la Industria Metal\u00fargicas y Pl\u00e1sticas Argentina(IMPA), quien nos relat\u00f3 un poco los or\u00edgenes de la empresa recuperada y el clima similar a los 90 que [&hellip;]<\/p>\n","protected":false},"author":5,"featured_media":7190,"comment_status":"open","ping_status":"open","sticky":false,"template":"","format":"standard","meta":{"_monsterinsights_skip_tracking":false,"_monsterinsights_sitenote_active":false,"_monsterinsights_sitenote_note":"","_monsterinsights_sitenote_category":0,"jnews-multi-image_gallery":[],"jnews_single_post":[],"jnews_primary_category":[],"_joinchat":[],"footnotes":""},"categories":[76,77,75],"tags":[],"class_list":["post-7189","post","type-post","status-publish","format-standard","has-post-thumbnail","hentry","category-salud-comunitaria","category-soberania","category-trabajo"],"_links":{"self":[{"href":"http:\/\/fmriachuelo.it10.com.ar\/index.php\/wp-json\/wp\/v2\/posts\/7189","targetHints":{"allow":["GET"]}}],"collection":[{"href":"http:\/\/fmriachuelo.it10.com.ar\/index.php\/wp-json\/wp\/v2\/posts"}],"about":[{"href":"http:\/\/fmriachuelo.it10.com.ar\/index.php\/wp-json\/wp\/v2\/types\/post"}],"author":[{"embeddable":true,"href":"http:\/\/fmriachuelo.it10.com.ar\/index.php\/wp-json\/wp\/v2\/users\/5"}],"replies":[{"embeddable":true,"href":"http:\/\/fmriachuelo.it10.com.ar\/index.php\/wp-json\/wp\/v2\/comments?post=7189"}],"version-history":[{"count":0,"href":"http:\/\/fmriachuelo.it10.com.ar\/index.php\/wp-json\/wp\/v2\/posts\/7189\/revisions"}],"wp:featuredmedia":[{"embeddable":true,"href":"http:\/\/fmriachuelo.it10.com.ar\/index.php\/wp-json\/wp\/v2\/media\/7190"}],"wp:attachment":[{"href":"http:\/\/fmriachuelo.it10.com.ar\/index.php\/wp-json\/wp\/v2\/media?parent=7189"}],"wp:term":[{"taxonomy":"category","embeddable":true,"href":"http:\/\/fmriachuelo.it10.com.ar\/index.php\/wp-json\/wp\/v2\/categories?post=7189"},{"taxonomy":"post_tag","embeddable":true,"href":"http:\/\/fmriachuelo.it10.com.ar\/index.php\/wp-json\/wp\/v2\/tags?post=7189"}],"curies":[{"name":"wp","href":"https:\/\/api.w.org\/{rel}","templated":true}]}}