{"id":718,"date":"2015-02-14T18:32:00","date_gmt":"2015-02-14T18:32:00","guid":{"rendered":"http:\/\/fmriachuelo.observatorioess.org.ar\/index.php\/2015\/02\/14\/parque-lezama-en-asamblea\/"},"modified":"2025-03-26T15:21:46","modified_gmt":"2025-03-26T18:21:46","slug":"parque-lezama-en-asamblea","status":"publish","type":"post","link":"http:\/\/fmriachuelo.it10.com.ar\/index.php\/2015\/02\/14\/parque-lezama-en-asamblea\/","title":{"rendered":"PARQUE LEZAMA EN ASAMBLEA"},"content":{"rendered":"<h4 style=\"color: #202020;font-family: Arial;font-weight: bold;line-height: 100%;margin: 0px 0px 10px;text-align: left\"><span><span style=\"color: navy\"><span style=\"color: red;font-family: Verdana, sans-serif;font-size: large\">LA LUCHA ORGANIZADA&nbsp;Y LA SOLIDARIDAD<\/span><\/span><\/span><\/h4>\n<h4 style=\"line-height: 100%;margin: 0px 0px 10px;text-align: left\"><span style=\"font-family: Verdana;font-weight: normal\">DIFUNDIMOS COMUNICADO<\/span><\/h4>\n<h4 style=\"font-weight: bold;line-height: 100%;margin: 0px 0px 10px;text-align: left\"><strong style=\"color: #202020;font-family: Verdana, sans-serif\">Funcionarios del GCBA suspenden el enrejado hasta el 23 de Febrero<\/strong><\/h4>\n<div style=\"clear: both;text-align: center\"><a href=\"http:\/\/3.bp.blogspot.com\/-c64z1K-KGmk\/VN-UWDfFZBI\/AAAAAAAACx8\/9VtKKU091e8\/s1600\/SIN%2BREJAS.jpg\" style=\"clear: left;float: left;margin-bottom: 1em;margin-right: 1em\"><img loading=\"lazy\" decoding=\"async\" border=\"0\" src=\"http:\/\/3.bp.blogspot.com\/-c64z1K-KGmk\/VN-UWDfFZBI\/AAAAAAAACx8\/9VtKKU091e8\/s1600\/SIN%2BREJAS.jpg\" height=\"225\" width=\"400\" \/><\/a><\/div>\n<p><span style=\"font-family: Verdana, sans-serif\">[Viernes 13\/02\/15]Esta tarde fuimos convocados a la Defensoria del Pueblo las partes involucradas en el conflicto por las obras del Parque Lezama, asistimos la Comisi\u00f3n vecinal Parque Lezama, otras voces del parque y el GCBA a una mesa de mediaci\u00f3n propuesta por la defensoria. De parte del Ministerio de Ambiente y Espacio P\u00fablico estuvieron presentes Nicolas Quintana, director de espacios verdes junto a equipo t\u00e9cnico y arquitectos.<\/span><br \/><a name='more'><\/a><span style=\"font-family: Verdana, sans-serif\"><br \/> Luego de mas de 2 horas de reuni\u00f3n y debido a que los funcionarios no ten\u00edan las respuestas necesarias o no pod\u00edan comprometerse por su rango a darlas se paso a un cuarto intermedio y los funcionarios del GCBA  se comprometieron a presentar en la pr\u00f3xima reuni\u00f3n:<\/p>\n<p> -Las denuncias que avalen los dichos de vandalismo recientes<br \/> -La autorizaci\u00f3n de la Comisi\u00f3n Nacional de Museos que afirman tener.<br \/> -La proyecci\u00f3n de finalizaci\u00f3n de obras (fecha)<br \/> -Resolver el problema de la iluminaci\u00f3n en el parque mientras duren las obras<br \/> -Terminar cuanto antes las veredas de todo el perimetro del parque.<br \/> -Trabajar en buscar concenso para un Plan de Manejo Participativo<\/p>\n<p> Finalmente se comprometieron a &#8216;no avanzar en las obras de enrejado&#8217; hasta la pr\u00f3xima mediaci\u00f3n que es el 23 de Febrero.<\/p>\n<p> En la asamblea de vecinos posterior a la mediaci\u00f3n decidimos continuar con las actividades convocadas para el fin de semana (ver flyer abajo) y con las asambleas todos los d\u00edas a las 17hs.<br \/> Se resolvi\u00f3 suspeder momentaneamente las guardias vecinales hasta el pr\u00f3ximo 23 de Febrero.<\/p>\n<p>Los vecinos organizados logramos un paso importante en esta lucha haciendonos escuchar y defendiendo nuestro derecho a un parque libre y en buenas condiciones.<\/p>\n<p><span style=\"color: blue\">Fuente: Asamblea del Parque Lezama, Producci\u00f3n Riachuelo<\/span><\/p>\n<div style=\"clear: both;text-align: center\"><a href=\"http:\/\/1.bp.blogspot.com\/-dcwEalm-mmI\/VN-UkN4MQ5I\/AAAAAAAACyE\/BVDnyNhuRqM\/s1600\/COOP%2BRIACHIUELO%2BPRODUCCIONES.jpg\" style=\"clear: left;float: left;margin-bottom: 1em;margin-right: 1em\"><img loading=\"lazy\" decoding=\"async\" border=\"0\" src=\"http:\/\/1.bp.blogspot.com\/-dcwEalm-mmI\/VN-UkN4MQ5I\/AAAAAAAACyE\/BVDnyNhuRqM\/s1600\/COOP%2BRIACHIUELO%2BPRODUCCIONES.jpg\" height=\"58\" width=\"200\" \/><\/a><\/div>\n<p>&nbsp;<\/span><\/p>\n","protected":false},"excerpt":{"rendered":"<p>LA LUCHA ORGANIZADA&nbsp;Y LA SOLIDARIDAD DIFUNDIMOS COMUNICADO Funcionarios del GCBA suspenden el enrejado hasta el 23 de Febrero [Viernes 13\/02\/15]Esta tarde fuimos convocados a la Defensoria del Pueblo las partes involucradas en el conflicto por las obras del Parque Lezama, asistimos la Comisi\u00f3n vecinal Parque Lezama, otras voces del parque y el GCBA a una [&hellip;]<\/p>\n","protected":false},"author":4,"featured_media":0,"comment_status":"open","ping_status":"open","sticky":false,"template":"","format":"standard","meta":{"_monsterinsights_skip_tracking":false,"_monsterinsights_sitenote_active":false,"_monsterinsights_sitenote_note":"","_monsterinsights_sitenote_category":0,"jnews-multi-image_gallery":[],"jnews_single_post":{"format":"standard"},"jnews_primary_category":[],"_joinchat":[],"footnotes":""},"categories":[58],"tags":[147],"class_list":["post-718","post","type-post","status-publish","format-standard","hentry","category-noticiariachuelo","tag-habitat"],"_links":{"self":[{"href":"http:\/\/fmriachuelo.it10.com.ar\/index.php\/wp-json\/wp\/v2\/posts\/718","targetHints":{"allow":["GET"]}}],"collection":[{"href":"http:\/\/fmriachuelo.it10.com.ar\/index.php\/wp-json\/wp\/v2\/posts"}],"about":[{"href":"http:\/\/fmriachuelo.it10.com.ar\/index.php\/wp-json\/wp\/v2\/types\/post"}],"author":[{"embeddable":true,"href":"http:\/\/fmriachuelo.it10.com.ar\/index.php\/wp-json\/wp\/v2\/users\/4"}],"replies":[{"embeddable":true,"href":"http:\/\/fmriachuelo.it10.com.ar\/index.php\/wp-json\/wp\/v2\/comments?post=718"}],"version-history":[{"count":1,"href":"http:\/\/fmriachuelo.it10.com.ar\/index.php\/wp-json\/wp\/v2\/posts\/718\/revisions"}],"predecessor-version":[{"id":22537,"href":"http:\/\/fmriachuelo.it10.com.ar\/index.php\/wp-json\/wp\/v2\/posts\/718\/revisions\/22537"}],"wp:attachment":[{"href":"http:\/\/fmriachuelo.it10.com.ar\/index.php\/wp-json\/wp\/v2\/media?parent=718"}],"wp:term":[{"taxonomy":"category","embeddable":true,"href":"http:\/\/fmriachuelo.it10.com.ar\/index.php\/wp-json\/wp\/v2\/categories?post=718"},{"taxonomy":"post_tag","embeddable":true,"href":"http:\/\/fmriachuelo.it10.com.ar\/index.php\/wp-json\/wp\/v2\/tags?post=718"}],"curies":[{"name":"wp","href":"https:\/\/api.w.org\/{rel}","templated":true}]}}