{"id":7179,"date":"2018-05-29T02:24:35","date_gmt":"2018-05-29T02:24:35","guid":{"rendered":"http:\/\/fmriachuelo.com.ar\/?p=7179"},"modified":"2018-05-29T02:24:35","modified_gmt":"2018-05-29T02:24:35","slug":"violencia-institucional-en-la-villa-21-no-es-un-hecho-aislado-esto-responde-a-una-politica-represiva","status":"publish","type":"post","link":"http:\/\/fmriachuelo.it10.com.ar\/index.php\/2018\/05\/29\/violencia-institucional-en-la-villa-21-no-es-un-hecho-aislado-esto-responde-a-una-politica-represiva\/","title":{"rendered":"VIOLENCIA INSTITUCIONAL EN LA VILLA 21: \u201cNO ES UN HECHO AISLADO, ESTO RESPONDE A UNA POL\u00cdTICA REPRESIVA\u201d"},"content":{"rendered":"<p><strong>[FM RIACHUELO 28-05-2018] En la madrugada del domingo pasado Prefectura Naval irrumpi\u00f3 a los tiros en una casa de la Villa 21 y detuvo a tres personas que intentaron registrar lo que estaba sucediendo. Uno de los detenidos fue Roque Azcurraire, reportero gr\u00e1fico de la Garganta Poderosa, y la casa baleada por las fuerzas es nada m\u00e1s y nada menos, que la de Iv\u00e1n Navarro, un joven que en septiembre de 2016 denunci\u00f3 a 6 prefectos por torturas y amenazas, que hoy se encuentran en prisi\u00f3n preventiva mientras se desarrolla el juicio en su contra.<\/strong><\/p>\n<p>Rompe el Cerco Informativo entrevist\u00f3 a Tatiana, miembro de la organizaci\u00f3n territorial \u201cLa Poderosa\u201d, que viene denunciando los atropellos cotidianos de las fuerzas de seguridad contra los vecinos del barrio. La militante explic\u00f3 que el s\u00e1bado por la noche un grupo de oficiales se ensa\u00f1\u00f3 y golpe\u00f3 a un joven sin motivo, y \u00a0cuando la familia se acerc\u00f3 a impedir que contin\u00faen con la violencia, comenz\u00f3 una represi\u00f3n desmedida con insultos, golpes, gases lacrim\u00f3genos, balas de goma e incluso la irrupci\u00f3n ilegal en una de las casas.<\/p>\n<p>La militante explic\u00f3 que \u201ccuando los vecinos ped\u00edan explicaciones sobre por qu\u00e9 sistem\u00e1ticamente golpean a los pibes del barrio, levantaron las armas y comenzaron a disparar a la casa de Ezequiel y de Iv\u00e1n sin ning\u00fan motivo\u201d. Cabe destacar que ambos j\u00f3venes fueron quienes en septiembre de 2016 denunciaron el hostigamiento y torturas de prefectos que hoy est\u00e1n siendo juzgados en el Tribunal Oral en lo Criminal N\u00b09. Dichos efectivos hoy se encuentran detenidos con prisi\u00f3n preventiva, mientras se desarrollan las audiencias del juicio y se presentan los testigos a declarar (de hecho se espera que durante esta semana las familias de las v\u00edctimas declaren ante el tribunal).<\/p>\n<p>Tatiana cont\u00f3 que \u201clos agentes ingresaron a la casa de Roque, arrinconaron a su hermana Jesica, a quien adem\u00e1s manosearon, mientras sus hijos y sobrinos se escond\u00edan debajo de la cama. A Pablo, el cu\u00f1ado de Roque, le pegaron una trompada, lo arrastraron por el pasillo al grito de \u2018agarramos a uno, chupen a cualquiera\u2019\u201d. Luego detuvieron a la hermana de Roque, Silvia, de la cual no se supo nada por m\u00e1s de una hora, ya que a la comisaria donde se hab\u00eda informado que ser\u00eda trasladada, nunca lleg\u00f3. La joven de hecho, nunca baj\u00f3 del patrullero, donde estuvo retenida todo el tiempo junto a los efectivos: \u201cla llevaron hasta la garita cerca del Riachuelo donde fueron torturados Iv\u00e1n y Ezequiel en 2016, despu\u00e9s la trasladaron hasta la comisaria 32\u201d, explic\u00f3 Tatiana.<\/p>\n<p>La militante de la Poderosa tambi\u00e9n relat\u00f3 que transitan estos momentos de recrudecimiento de la violencia institucional con angustia, pero tambi\u00e9n con m\u00e1s fuerza: \u201cno es la primera vez que nos pasa, desde el mes pasado desde el dispositivo que controla a las fuerzas de seguridad, presentamos 6 denuncias de torturas iguales a las de Iv\u00e1n y Ezequiel. La semana pasada en el marco del juicio contra los 6 prefectos, Ezequiel fue demorado por Prefectura, despu\u00e9s de haber declarado en el juicio, y perseguido hasta la casa, se\u00f1alado como el buch\u00f3n. Por eso entendemos que lo que pas\u00f3 el s\u00e1bado no es un hecho aislado de violencia, sino que responde a una pol\u00edtica represiva\u201d.<\/p>\n<p>Esta tarde, tras presentar declaraci\u00f3n indagatoria, Roque y Pablo fueron liberados y la organizaci\u00f3n ya inici\u00f3 la correspondiente denuncia en la Procuradur\u00eda contra la violencia institucional, para que se comience a investigar la actuaci\u00f3n de los prefectos. Sin embargo, seg\u00fan Tatiana, los recursos de protecci\u00f3n de testigos que est\u00e1n declarando en el marco del juicio que se est\u00e1 llevando adelante contra los agentes, resultan in\u00fatiles: \u201cporque tenemos prefectura las 24 hs del d\u00eda en la puerta de nuestras casas. Est\u00e1n permanentemente caminando en nuestras veredas y pasillos. M\u00e1s all\u00e1 de que nunca hubo voluntad desde la justicia para garantizar nuestra integridad f\u00edsica, nadie controla a las fuerzas\u201d.<\/p>\n<p>Este viernes 1 de junio, \u00a0se realizar\u00e1 una movilizaci\u00f3n que partir\u00e1 desde la Casa de la Cultura de la Villa 21-24, a las 8 de la ma\u00f1ana, junto a organismos de derechos humanos y organizaciones sociales, hasta el palacio de tribunales donde se va a desarrollar la tercera audiencia del juicio que busca que se haga justicia por Ezequiel e Iv\u00e1n, as\u00ed como tambien por todos los pibes de los barrios que sufren diariamente la persecuci\u00f3n y hostigamiento policial.<\/p>\n<p>Escucha la entrevista completa:<\/p>\n<p><a href=\"https:\/\/radiocut.fm\/audiocut\/la-prefectura-baleo-una-casa-y-detuvo-a-un-fotografo-de-la-poderosa\/?replay=11#evtCat=AudioCutDetail&amp;evtAct=Progress&amp;evtLabel=ExitReplay\">https:\/\/radiocut.fm\/audiocut\/la-prefectura-baleo-una-casa-y-detuvo-a-un-fotografo-de-la-poderosa\/?replay=11#evtCat=AudioCutDetail&amp;evtAct=Progress&amp;evtLabel=ExitReplay<\/a><\/p>\n","protected":false},"excerpt":{"rendered":"<p>[FM RIACHUELO 28-05-2018] En la madrugada del domingo pasado Prefectura Naval irrumpi\u00f3 a los tiros en una casa de la Villa 21 y detuvo a tres personas que intentaron registrar lo que estaba sucediendo. Uno de los detenidos fue Roque Azcurraire, reportero gr\u00e1fico de la Garganta Poderosa, y la casa baleada por las fuerzas es [&hellip;]<\/p>\n","protected":false},"author":5,"featured_media":7180,"comment_status":"open","ping_status":"open","sticky":false,"template":"","format":"standard","meta":{"_monsterinsights_skip_tracking":false,"_monsterinsights_sitenote_active":false,"_monsterinsights_sitenote_note":"","_monsterinsights_sitenote_category":0,"jnews-multi-image_gallery":[],"jnews_single_post":[],"jnews_primary_category":[],"_joinchat":[],"footnotes":""},"categories":[78,76],"tags":[],"class_list":["post-7179","post","type-post","status-publish","format-standard","has-post-thumbnail","hentry","category-economia-popular","category-salud-comunitaria"],"_links":{"self":[{"href":"http:\/\/fmriachuelo.it10.com.ar\/index.php\/wp-json\/wp\/v2\/posts\/7179","targetHints":{"allow":["GET"]}}],"collection":[{"href":"http:\/\/fmriachuelo.it10.com.ar\/index.php\/wp-json\/wp\/v2\/posts"}],"about":[{"href":"http:\/\/fmriachuelo.it10.com.ar\/index.php\/wp-json\/wp\/v2\/types\/post"}],"author":[{"embeddable":true,"href":"http:\/\/fmriachuelo.it10.com.ar\/index.php\/wp-json\/wp\/v2\/users\/5"}],"replies":[{"embeddable":true,"href":"http:\/\/fmriachuelo.it10.com.ar\/index.php\/wp-json\/wp\/v2\/comments?post=7179"}],"version-history":[{"count":0,"href":"http:\/\/fmriachuelo.it10.com.ar\/index.php\/wp-json\/wp\/v2\/posts\/7179\/revisions"}],"wp:featuredmedia":[{"embeddable":true,"href":"http:\/\/fmriachuelo.it10.com.ar\/index.php\/wp-json\/wp\/v2\/media\/7180"}],"wp:attachment":[{"href":"http:\/\/fmriachuelo.it10.com.ar\/index.php\/wp-json\/wp\/v2\/media?parent=7179"}],"wp:term":[{"taxonomy":"category","embeddable":true,"href":"http:\/\/fmriachuelo.it10.com.ar\/index.php\/wp-json\/wp\/v2\/categories?post=7179"},{"taxonomy":"post_tag","embeddable":true,"href":"http:\/\/fmriachuelo.it10.com.ar\/index.php\/wp-json\/wp\/v2\/tags?post=7179"}],"curies":[{"name":"wp","href":"https:\/\/api.w.org\/{rel}","templated":true}]}}