{"id":7173,"date":"2018-05-28T19:15:15","date_gmt":"2018-05-28T19:15:15","guid":{"rendered":"http:\/\/fmriachuelo.com.ar\/?p=7173"},"modified":"2018-05-28T19:15:15","modified_gmt":"2018-05-28T19:15:15","slug":"festejo-por-la-patria-y-22-anos-de-lucha-de-la-organizacion-los-pibes","status":"publish","type":"post","link":"http:\/\/fmriachuelo.it10.com.ar\/index.php\/2018\/05\/28\/festejo-por-la-patria-y-22-anos-de-lucha-de-la-organizacion-los-pibes\/","title":{"rendered":"FESTEJO POR LA PATRIA Y 22 A\u00d1OS DE LUCHA DE LA ORGANIZACI\u00d3N LOS PIBES"},"content":{"rendered":"<p><strong>[FM Riachuelo 28\/05\/2018]El viernes 25 de Mayo en la plaza Matheu, frente a la casa Popular \u201cEl Patio\u201d,en el barrio de La Boca, se festej\u00f3 los 22 a\u00f1os de lucha de la Organizaci\u00f3n Social y Pol\u00edtica Los Pibes,y el aniversario de La Patria.Se comparti\u00f3 un desayuno con\u00a0 vecinos, compa\u00f1eros y referentes de otras organizaciones hermanas que se acercaron \u00a0para festejar y reivindicar el compromiso que la organizaci\u00f3n tiene hace tantos a\u00f1os.<\/strong><\/p>\n<p>Alrededor de las 9 de la ma\u00f1ana comenz\u00f3 el armado del festejo, entre mates y torta fritas, se dio un ambiente de fraternidad y patriotismo. Con micr\u00f3fono abierto, se dieron a conocer distintas an\u00e9cdotas, apelando al recuerdo de tantos a\u00f1os de lucha, y del inolvidable \u201cOso\u201d Cisneros. Entre los invitados, se encontraba Rafael Klejzer, Secretario de CTEP Capital, <strong>Roxana <\/strong>Cainzos, Mama de Nehu\u00e9n Rodr\u00edguez \u00a0y vecina de la Boca, Daniel Otero, periodista y fot\u00f3grafo, Jhonny, compa\u00f1ero del Frente Popular Dar\u00edo Santill\u00e1n, entre otros.<\/p>\n<p>Rafael Klejzer fue uno de los primeros invitados en tomar la palabra frente a los presentes: \u201c<strong><em>No s\u00e9 si hay muchas cosas para festejar este d\u00eda, pero si podemos celebrar la voluntad de querer transformar la realidad. Y si lo hacemos en unidad, no hay mas belleza que eso<\/em><\/strong>\u201d.<\/p>\n<p>Por otro lado, el periodista Daniel Otero, se pronuncio en apoyo a la organizaci\u00f3n, diciendo: \u201c<strong><em>Me gusta mucho ser testigo, de lo que se hizo, lo que se hace y lo que se va a hacer ac\u00e1. Ustedes transmiten emociones y valores que quedan, que sirven, que suman y que hacen m\u00e1s bancable todo lo que nos toca vivir<\/em><\/strong>\u201d.<\/p>\n<p>Contin\u00fao Gloria, una de las primeras compa\u00f1eras de la organizaci\u00f3n, quien record\u00f3 su llegada a Los Pibes, bajo circunstancias de enorme necesidad, encontrando contenci\u00f3n y una herramienta para expresarse en pos de la lucha social. Aun con m\u00e1s emoci\u00f3n, rememoro a Martin \u201cOso\u201d Cisneros, quien le dio la bienvenida a la organizaci\u00f3n.<\/p>\n<p>Cerca del mediod\u00eda, con la llegada de una torta especial para la ocasi\u00f3n, al canto del feliz cumplea\u00f1os, se dio por finalizada la actividad.<\/p>\n","protected":false},"excerpt":{"rendered":"<p>[FM Riachuelo 28\/05\/2018]El viernes 25 de Mayo en la plaza Matheu, frente a la casa Popular \u201cEl Patio\u201d,en el barrio de La Boca, se festej\u00f3 los 22 a\u00f1os de lucha de la Organizaci\u00f3n Social y Pol\u00edtica Los Pibes,y el aniversario de La Patria.Se comparti\u00f3 un desayuno con\u00a0 vecinos, compa\u00f1eros y referentes de otras organizaciones hermanas [&hellip;]<\/p>\n","protected":false},"author":5,"featured_media":7176,"comment_status":"open","ping_status":"open","sticky":false,"template":"","format":"standard","meta":{"_monsterinsights_skip_tracking":false,"_monsterinsights_sitenote_active":false,"_monsterinsights_sitenote_note":"","_monsterinsights_sitenote_category":0,"jnews-multi-image_gallery":[],"jnews_single_post":[],"jnews_primary_category":[],"_joinchat":[],"footnotes":""},"categories":[76,77],"tags":[],"class_list":["post-7173","post","type-post","status-publish","format-standard","has-post-thumbnail","hentry","category-salud-comunitaria","category-soberania"],"_links":{"self":[{"href":"http:\/\/fmriachuelo.it10.com.ar\/index.php\/wp-json\/wp\/v2\/posts\/7173","targetHints":{"allow":["GET"]}}],"collection":[{"href":"http:\/\/fmriachuelo.it10.com.ar\/index.php\/wp-json\/wp\/v2\/posts"}],"about":[{"href":"http:\/\/fmriachuelo.it10.com.ar\/index.php\/wp-json\/wp\/v2\/types\/post"}],"author":[{"embeddable":true,"href":"http:\/\/fmriachuelo.it10.com.ar\/index.php\/wp-json\/wp\/v2\/users\/5"}],"replies":[{"embeddable":true,"href":"http:\/\/fmriachuelo.it10.com.ar\/index.php\/wp-json\/wp\/v2\/comments?post=7173"}],"version-history":[{"count":0,"href":"http:\/\/fmriachuelo.it10.com.ar\/index.php\/wp-json\/wp\/v2\/posts\/7173\/revisions"}],"wp:featuredmedia":[{"embeddable":true,"href":"http:\/\/fmriachuelo.it10.com.ar\/index.php\/wp-json\/wp\/v2\/media\/7176"}],"wp:attachment":[{"href":"http:\/\/fmriachuelo.it10.com.ar\/index.php\/wp-json\/wp\/v2\/media?parent=7173"}],"wp:term":[{"taxonomy":"category","embeddable":true,"href":"http:\/\/fmriachuelo.it10.com.ar\/index.php\/wp-json\/wp\/v2\/categories?post=7173"},{"taxonomy":"post_tag","embeddable":true,"href":"http:\/\/fmriachuelo.it10.com.ar\/index.php\/wp-json\/wp\/v2\/tags?post=7173"}],"curies":[{"name":"wp","href":"https:\/\/api.w.org\/{rel}","templated":true}]}}