{"id":717,"date":"2015-02-15T01:53:00","date_gmt":"2015-02-15T01:53:00","guid":{"rendered":"http:\/\/fmriachuelo.observatorioess.org.ar\/index.php\/2015\/02\/15\/amenaza-golpista-en-venezuela\/"},"modified":"2025-03-26T15:22:59","modified_gmt":"2025-03-26T18:22:59","slug":"amenaza-golpista-en-venezuela","status":"publish","type":"post","link":"http:\/\/fmriachuelo.it10.com.ar\/index.php\/2015\/02\/15\/amenaza-golpista-en-venezuela\/","title":{"rendered":"AMENAZA GOLPISTA EN VENEZUELA"},"content":{"rendered":"<p><span style=\"font-family: Verdana, sans-serif\"><strong><span style=\"color: red;font-size: large\">LAS IMPLICACIONES DE EE.UU.<\/span> <\/strong><\/span><br \/><span style=\"font-family: Verdana, sans-serif\"><strong>EL ATENTADO GOLPISTA DESCUBIERTO EN VENEZUELA PRETEND\u00cdA ASESINAR A NICOL\u00c1S MADURO<\/strong><\/span><br \/><strong><span style=\"font-family: Verdana\"><\/span><\/strong><\/p>\n<div style=\"clear: both;text-align: center\"><a href=\"http:\/\/1.bp.blogspot.com\/-ucOF6KV2LDY\/VN_8EBpTybI\/AAAAAAAACys\/KFLw8AiGVlY\/s1600\/MADURO.jpg\" style=\"clear: left;float: left;margin-bottom: 1em;margin-right: 1em\"><img loading=\"lazy\" decoding=\"async\" border=\"0\" src=\"http:\/\/1.bp.blogspot.com\/-ucOF6KV2LDY\/VN_8EBpTybI\/AAAAAAAACys\/KFLw8AiGVlY\/s1600\/MADURO.jpg\" height=\"225\" width=\"320\" \/><\/a><\/div>\n<p><span style=\"font-family: Verdana, sans-serif\"><strong>[Resumen Latinoamericano, 12 febrero 2015.]- El Presidente denunci\u00f3 la implicancia y financiaci\u00f3n desde EEUU para que los golpistas actuaran en estos d\u00edas en que se recuerdan las guarimbas violentas del 2014<\/strong><br \/>El presidente de Venezuela, Nicol\u00e1s Maduro, anunci\u00f3 este jueves que fue desmantelado un atentado golpista contra la naci\u00f3n suramericana.<\/p>\n<p>Durante la entrega de obras p\u00fablicas en Caracas (capital venezolana) el mandatario explic\u00f3 a la naci\u00f3n que se trata de un intento violento contra el Gobierno venezolano.<\/p>\n<p>\u201cBuscaban utilizar a un grupo de oficiales de la aviaci\u00f3n militar para provocar un hecho violento, un ataque, un coletazo del golpe de Estado\u201d, dijo.<\/span><a name='more'><\/a><span style=\"font-family: Verdana, sans-serif\"><br \/>Dio a conocer que \u201cel grupo de oficiales fue financiado desde Miami (EE.UU.) y ten\u00eda orquestado grabar un video este 12 y 13 de febrero en los actos del D\u00eda de la Juventud, levantar un avi\u00f3n Tucano y atacar el Palacio de Miraflores o el lugar donde yo participara en una de estas manifestaciones\u201d, dijo<\/p>\n<p>\u201cQuiero darle las gracias a los oficiales j\u00f3venes, a los organismos de inteligencia porque le pudimos hacer seguimiento a esta intentona golpista contra nuestro pa\u00eds\u201d, apunt\u00f3.<\/p>\n<p>Al tiempo sostuvo que \u201clos grupos fascistas que promueven planes golpistas contra la Revoluci\u00f3n Bolivariana ser\u00e1n derrotados por la conciencia y la movilizaci\u00f3n popular de nuestra gente\u201d, refiri\u00f3 el mandatario.<\/p>\n<p>M\u00e1s temprano, el presidente de la Asamblea Nacional (AN) de Venezuela, Diosdado Cabello, inform\u00f3 que los cuerpos de seguridad detuvieron a un individuo que pretend\u00eda ejecutar un plan desestabilizador contra el Gobierno de Nicol\u00e1s Maduro.<\/p>\n<p>Cabello explic\u00f3 que el ciudadano identificado como \u00c1lvaro Jes\u00fas Carmona Rodr\u00edguez pretend\u00eda activar su plan magnicida durante una actividad en la que participar\u00eda el presidente venezolano en la ciudad de Valencia, estado Carabobo (centro).<\/p>\n<p>A un a\u00f1o de los hechos violentos que inici\u00f3 la derecha golpista contra el Gobierno de Presidente Maduro los venezolanos contin\u00faan respaldando el proyecto de pa\u00eds dise\u00f1ado por el L\u00edder de la Revoluci\u00f3n Bolivariana, Hugo Ch\u00e1vez.<\/p>\n<p>AS\u00cd IBA A DESARROLLARSE EL GOLPE ULTRADERECHISTA<br \/> En transmisi\u00f3n para VTV, el Mandatario expuso que el plan consist\u00eda en artillar un Avi\u00f3n Tucano y bombardear el Palacio de Miraflores o los eventos p\u00fablicos donde participara.<\/p>\n<p>La orden para poner en marcha el magnicidio -dijo- era la publicaci\u00f3n de un programa de gobierno, con su propio gabinete de transici\u00f3n, en un diario de circulaci\u00f3n nacional.<\/p>\n<p>Apunt\u00f3 que oficiales y civiles que participaron en la elaboraci\u00f3n de este intento golpista fueron aprehendidos entre la madrugada del mi\u00e9rcoles y el transcurso de este jueves. Adem\u00e1s, se procedi\u00f3 a la b\u00fasqueda para capturar a los otros autores intelectuales.<\/p>\n<p>Entre los mecanismos previos, se encontraba la grabaci\u00f3n y difusi\u00f3n con un mensaje que pronunciar\u00eda el General Oswaldo Hern\u00e1ndez, quien se encuentra detenido en la c\u00e1rcel de La Pica, Matur\u00edn. Sin embargo, la intervenci\u00f3n de los cuerpos de inteligencia permiti\u00f3 detener la operaci\u00f3n.<\/p>\n<p>\u201cA ese general le dieron la tarea de contactar otros (\u2026) Ya declar\u00f3 qui\u00e9n le dio el dinero, qui\u00e9n traz\u00f3 el mapa de los objetivos a ser bombardeados\u201d, apunt\u00f3 el Jefe de Estado, mientras asever\u00f3 al un\u00edsono hab\u00edan trazado la destrucci\u00f3n de Telesur, Ministerio para la Defensa, entre otros entes p\u00fablicos.<\/p>\n<p>Pidi\u00f3 al presidente de la Asamblea Nacional (AN), Diosdado Cabello, dar detalles sobre intento de magnicidio. \u201cEstamos desmantelando al resto a este intento de atentado golpista contra el pueblo y la democracia\u201d, a\u00f1adi\u00f3.<\/span><br \/><span style=\"color: blue;font-family: Verdana\">Fuente: Resumen Latinoamericano, Producci\u00f3n Riachuelo<\/span><\/p>\n<div style=\"clear: both;text-align: center\"><a href=\"http:\/\/3.bp.blogspot.com\/-P1p6l-0LWcc\/VN_7-Hv1ncI\/AAAAAAAACyk\/9-IQtDcqP3I\/s1600\/COOP%2BRIACHIUELO%2BPRODUCCIONES.jpg\" style=\"clear: left;float: left;margin-bottom: 1em;margin-right: 1em\"><img loading=\"lazy\" decoding=\"async\" border=\"0\" src=\"http:\/\/3.bp.blogspot.com\/-P1p6l-0LWcc\/VN_7-Hv1ncI\/AAAAAAAACyk\/9-IQtDcqP3I\/s1600\/COOP%2BRIACHIUELO%2BPRODUCCIONES.jpg\" height=\"58\" width=\"200\" \/><\/a><\/div>\n","protected":false},"excerpt":{"rendered":"<p>LAS IMPLICACIONES DE EE.UU. EL ATENTADO GOLPISTA DESCUBIERTO EN VENEZUELA PRETEND\u00cdA ASESINAR A NICOL\u00c1S MADURO [Resumen Latinoamericano, 12 febrero 2015.]- El Presidente denunci\u00f3 la implicancia y financiaci\u00f3n desde EEUU para que los golpistas actuaran en estos d\u00edas en que se recuerdan las guarimbas violentas del 2014El presidente de Venezuela, Nicol\u00e1s Maduro, anunci\u00f3 este jueves que [&hellip;]<\/p>\n","protected":false},"author":4,"featured_media":0,"comment_status":"open","ping_status":"open","sticky":false,"template":"","format":"standard","meta":{"_monsterinsights_skip_tracking":false,"_monsterinsights_sitenote_active":false,"_monsterinsights_sitenote_note":"","_monsterinsights_sitenote_category":0,"jnews-multi-image_gallery":[],"jnews_single_post":{"format":"standard"},"jnews_primary_category":[],"_joinchat":[],"footnotes":""},"categories":[58],"tags":[70],"class_list":["post-717","post","type-post","status-publish","format-standard","hentry","category-noticiariachuelo","tag-de-la-patria-grande"],"_links":{"self":[{"href":"http:\/\/fmriachuelo.it10.com.ar\/index.php\/wp-json\/wp\/v2\/posts\/717","targetHints":{"allow":["GET"]}}],"collection":[{"href":"http:\/\/fmriachuelo.it10.com.ar\/index.php\/wp-json\/wp\/v2\/posts"}],"about":[{"href":"http:\/\/fmriachuelo.it10.com.ar\/index.php\/wp-json\/wp\/v2\/types\/post"}],"author":[{"embeddable":true,"href":"http:\/\/fmriachuelo.it10.com.ar\/index.php\/wp-json\/wp\/v2\/users\/4"}],"replies":[{"embeddable":true,"href":"http:\/\/fmriachuelo.it10.com.ar\/index.php\/wp-json\/wp\/v2\/comments?post=717"}],"version-history":[{"count":1,"href":"http:\/\/fmriachuelo.it10.com.ar\/index.php\/wp-json\/wp\/v2\/posts\/717\/revisions"}],"predecessor-version":[{"id":22538,"href":"http:\/\/fmriachuelo.it10.com.ar\/index.php\/wp-json\/wp\/v2\/posts\/717\/revisions\/22538"}],"wp:attachment":[{"href":"http:\/\/fmriachuelo.it10.com.ar\/index.php\/wp-json\/wp\/v2\/media?parent=717"}],"wp:term":[{"taxonomy":"category","embeddable":true,"href":"http:\/\/fmriachuelo.it10.com.ar\/index.php\/wp-json\/wp\/v2\/categories?post=717"},{"taxonomy":"post_tag","embeddable":true,"href":"http:\/\/fmriachuelo.it10.com.ar\/index.php\/wp-json\/wp\/v2\/tags?post=717"}],"curies":[{"name":"wp","href":"https:\/\/api.w.org\/{rel}","templated":true}]}}