{"id":7164,"date":"2018-05-25T02:54:00","date_gmt":"2018-05-25T02:54:00","guid":{"rendered":"http:\/\/fmriachuelo.com.ar\/?p=7164"},"modified":"2018-05-25T02:54:00","modified_gmt":"2018-05-25T02:54:00","slug":"presidente-del-senado-boliviano-con-radios-populares","status":"publish","type":"post","link":"http:\/\/fmriachuelo.it10.com.ar\/index.php\/2018\/05\/25\/presidente-del-senado-boliviano-con-radios-populares\/","title":{"rendered":"PRESIDENTE DEL SENADO BOLIVIANO CON RADIOS POPULARES"},"content":{"rendered":"<p><strong>[FM RIACHUELO 24\/05\/2018] Esta tarde Alberto Gonzales, presidente del Senado de Bolivia, visit\u00f3 la sede de FARCO (Foro Argentino de Radios Comunitarias) para recibir la resoluci\u00f3n, votada en asamblea nacional, de respaldo a la hist\u00f3rica demanda mar\u00edtima del pa\u00eds hermano. En la reuni\u00f3n se reflexion\u00f3 tambi\u00e9n sobre la situaci\u00f3n comunicacional en Am\u00e9rica Latina en el actual contexto de avanzada neoliberal, y se plantearon estrategias de cooperaci\u00f3n para el dise\u00f1o de pol\u00edticas que permitan la circulaci\u00f3n y difusi\u00f3n de informaci\u00f3n del Estado Plurinacional a sus ciudadanos residentes en nuestro pa\u00eds.<\/strong><\/p>\n<p>La reuni\u00f3n inici\u00f3 con la lectura del pronunciamiento votado por las radios comunitarias argentinas en asamblea, que manifiesta <strong>\u201cel apoyo pleno al justo y soberano reclamo del Estado Plurinacional de Bolivia por la recuperaci\u00f3n de la salida al mar de su pa\u00eds arrebatada por la acci\u00f3n de la oligarqu\u00eda chilena y las nacionales inglesas en febrero de 1879\u201d<\/strong>. As\u00ed mismo el documento expresa el total respaldo a las medidas tomadas por el gobierno boliviano en instancias internacionales, y reitera el compromiso asumido por los y las comunicadoras populares de seguir brindando difusi\u00f3n de dicho reclamo. La resoluci\u00f3n finaliza haciendo \u00e9nfasis en \u00a0que \u201csomos parte de una tierra en lucha por su autodeterminaci\u00f3n y soberan\u00eda frente a la voracidad de los capitales internacionales\u201d.<\/p>\n<p>Antes de cederle el micr\u00f3fono al funcionario boliviano, el presidente de FARCO, Pablo Antonini hizo entrega del manual de estilo FARCO, producido por radios populares, y resalt\u00f3 \u00a0que \u201cel informativo nacional que sale por m\u00e1s de 200 emisoras en todo el pa\u00eds, es un material que aun en este momento dif\u00edcil, seguimos produciendo\u201d. Por su lado, Alberto Gonzales, presidente del Senado de Bolivia, inici\u00f3 su exposici\u00f3n llamando a futuras reuniones para debatir y reflexionar en conjunto pol\u00edticas que fortalezcan la unidad latinoamericana en tiempos donde la oligarqu\u00eda local, junto al poder financiero global, amenazan con terminar con las conquistas y derechos ganados despu\u00e9s de tantos a\u00f1os de lucha popular.<\/p>\n<p>El senador boliviano expres\u00f3: <strong>\u201cayer en un acto recordamos los 10 a\u00f1os de creaci\u00f3n de la UNASUR y sent\u00ed que est\u00e1bamos haciendo una autopsia, y ve\u00edamos qu\u00e9 errores hab\u00edamos cometido. Nosotros hab\u00edamos propuesto avanzar hacia la diplomacia de los pueblos que es la posibilidad de que la gente que no est\u00e1 en la institucionalidad pueda establecer estas relaciones y hacer el tejido regional, mas all\u00e1 de quien sea el presidente o presidenta\u201d<\/strong>. Y agreg\u00f3 que \u201cquiz\u00e1 sea momento de volver a plantearnos \u00e9sta alternativa, mas all\u00e1 de embajadores, c\u00f3nsules y toda la pompa que tiene la institucionalidad en torno a relaciones diplom\u00e1ticas, que haya un mecanismo de encuentro y tejido por debajo. Si lo hubi\u00e9ramos hecho le hubiera costado un poco m\u00e1s a Macri y a Temer llegar\u201d.<\/p>\n<p>El funcionario, tambi\u00e9n se refiri\u00f3 al rol de la comunicaci\u00f3n popular como herramienta clave en el proceso de lucha de los pueblos y sostuvo que \u201ces el momento de retomar el camino, apelar a este tipo de instancias institucionales, creo que el hecho de que nos acerquemos con FARCO es una muy buena posibilidad, ahora ustedes van a jugar un rol decisivo en el tiempo que viene.\u201d Y record\u00f3 parte de la historia boliviana que tiene puntos en com\u00fan con la actualidad argentina: \u201cAnoche les ped\u00eda que repasen la historia de Bolivia entre 2000 y 2005, fueron cinco a\u00f1os muy aleccionadores, sufr\u00edamos pr\u00e1cticamente las mismas cosas que hoy se pretenden implementar en Argentina: guerra del agua, del gas.\u201d Y concluy\u00f3 que <strong>\u201ccuando la gente sale a la calle es muy duro, muy dif\u00edcil para los pol\u00edticos, y ustedes (medios alternativos) tienen un rol fundamental que quiero destacar\u201d.<\/strong><\/p>\n<p>Escucha los testimonios de la conferencia:<\/p>\n<p><iframe loading=\"lazy\" title=\"24-05-2018 PRESIDENTE DEL SENADO DE BOLIVIA CON RADIOS COMUNITARIAS ARGENTINAS by FMR\" width=\"500\" height=\"450\" scrolling=\"no\" frameborder=\"no\" src=\"https:\/\/w.soundcloud.com\/player\/?visual=true&#038;url=https%3A%2F%2Fapi.soundcloud.com%2Fplaylists%2F526769292&#038;show_artwork=true&#038;maxheight=750&#038;maxwidth=500\"><\/iframe><\/p>\n","protected":false},"excerpt":{"rendered":"<p>[FM RIACHUELO 24\/05\/2018] Esta tarde Alberto Gonzales, presidente del Senado de Bolivia, visit\u00f3 la sede de FARCO (Foro Argentino de Radios Comunitarias) para recibir la resoluci\u00f3n, votada en asamblea nacional, de respaldo a la hist\u00f3rica demanda mar\u00edtima del pa\u00eds hermano. En la reuni\u00f3n se reflexion\u00f3 tambi\u00e9n sobre la situaci\u00f3n comunicacional en Am\u00e9rica Latina en el [&hellip;]<\/p>\n","protected":false},"author":5,"featured_media":7169,"comment_status":"open","ping_status":"open","sticky":false,"template":"","format":"standard","meta":{"_monsterinsights_skip_tracking":false,"_monsterinsights_sitenote_active":false,"_monsterinsights_sitenote_note":"","_monsterinsights_sitenote_category":0,"jnews-multi-image_gallery":[],"jnews_single_post":[],"jnews_primary_category":[],"_joinchat":[],"footnotes":""},"categories":[78,76,77],"tags":[],"class_list":["post-7164","post","type-post","status-publish","format-standard","has-post-thumbnail","hentry","category-economia-popular","category-salud-comunitaria","category-soberania"],"_links":{"self":[{"href":"http:\/\/fmriachuelo.it10.com.ar\/index.php\/wp-json\/wp\/v2\/posts\/7164","targetHints":{"allow":["GET"]}}],"collection":[{"href":"http:\/\/fmriachuelo.it10.com.ar\/index.php\/wp-json\/wp\/v2\/posts"}],"about":[{"href":"http:\/\/fmriachuelo.it10.com.ar\/index.php\/wp-json\/wp\/v2\/types\/post"}],"author":[{"embeddable":true,"href":"http:\/\/fmriachuelo.it10.com.ar\/index.php\/wp-json\/wp\/v2\/users\/5"}],"replies":[{"embeddable":true,"href":"http:\/\/fmriachuelo.it10.com.ar\/index.php\/wp-json\/wp\/v2\/comments?post=7164"}],"version-history":[{"count":0,"href":"http:\/\/fmriachuelo.it10.com.ar\/index.php\/wp-json\/wp\/v2\/posts\/7164\/revisions"}],"wp:featuredmedia":[{"embeddable":true,"href":"http:\/\/fmriachuelo.it10.com.ar\/index.php\/wp-json\/wp\/v2\/media\/7169"}],"wp:attachment":[{"href":"http:\/\/fmriachuelo.it10.com.ar\/index.php\/wp-json\/wp\/v2\/media?parent=7164"}],"wp:term":[{"taxonomy":"category","embeddable":true,"href":"http:\/\/fmriachuelo.it10.com.ar\/index.php\/wp-json\/wp\/v2\/categories?post=7164"},{"taxonomy":"post_tag","embeddable":true,"href":"http:\/\/fmriachuelo.it10.com.ar\/index.php\/wp-json\/wp\/v2\/tags?post=7164"}],"curies":[{"name":"wp","href":"https:\/\/api.w.org\/{rel}","templated":true}]}}