{"id":715,"date":"2015-02-22T15:54:00","date_gmt":"2015-02-22T15:54:00","guid":{"rendered":"http:\/\/fmriachuelo.observatorioess.org.ar\/index.php\/2015\/02\/22\/en-defensa-de-la-revolucion-bolivariana\/"},"modified":"2025-03-26T15:26:04","modified_gmt":"2025-03-26T18:26:04","slug":"en-defensa-de-la-revolucion-bolivariana","status":"publish","type":"post","link":"http:\/\/fmriachuelo.it10.com.ar\/index.php\/2015\/02\/22\/en-defensa-de-la-revolucion-bolivariana\/","title":{"rendered":"EN DEFENSA DE LA REVOLUCI\u00d3N BOLIVARIANA"},"content":{"rendered":"<div><span style=\"color: red;font-family: Verdana, sans-serif;font-size: x-large\"><b>\u00a1HASTA VENCER!<\/b><\/span><\/div>\n<div style=\"clear: both;text-align: center\"><a href=\"http:\/\/2.bp.blogspot.com\/-hJgE6my0-Cs\/VO3wHsc3_jI\/AAAAAAAAC0w\/npVOivQkxAQ\/s1600\/unnamed.jpg\" style=\"clear: left;float: left;margin-bottom: 1em;margin-right: 1em\"><img decoding=\"async\" border=\"0\" src=\"http:\/\/2.bp.blogspot.com\/-hJgE6my0-Cs\/VO3wHsc3_jI\/AAAAAAAAC0w\/npVOivQkxAQ\/s1600\/unnamed.jpg\" \/><\/a><\/div>\n<div><b style=\"font-family: Verdana, sans-serif\"><br \/><\/b><\/div>\n<div><b style=\"font-family: Verdana, sans-serif\">[<\/b><span style=\"font-family: Verdana, sans-serif\"><b>GACETILA DE PRENSA DE LA O.S. y P. LOS PIBES 22\/02\/15]&nbsp;<\/b><\/span><b style=\"font-family: Verdana, sans-serif\">Ya no hay tiempo para dudas.<\/b><\/div>\n<div><span style=\"font-family: Verdana, sans-serif\">Las maniobras y operaciones golpistas de todo tipo que se suceden en Venezuela en estos momentos, ponen la realidad mundial sobre la mesa, y en particular, las&nbsp;intenciones imperialistas sobre la regi\u00f3n: <b>la restauraci\u00f3n conservadora est\u00e1 en marcha.<\/b><\/span><\/p>\n<div><span style=\"font-family: Verdana, sans-serif\">Charlie-Hebdo, Ucrania, 18F, la guerra econ\u00f3mica, golpes blandos, poder medi\u00e1tico, corporaciones&nbsp;judiciales. Es cada vez m\u00e1s vertiginoso y descarado el despliegue de la ofensiva anti-popular, y por lo tanto, una <b>obligaci\u00f3n de las organizaciones y gobiernos populares, superar diferencias coyunturales y personales, para ponerse a la altura<\/b> de la urgente circunstancia. <\/span><\/div>\n<div><span style=\"font-family: Verdana, sans-serif\">Es necesario, como militantes de las luchas por la emancipaci\u00f3n de nuestros pueblos, <b>recuperar la&nbsp;capacidad de interpretaci\u00f3n y reacci\u00f3n<\/b> frente a estos acontecimientos.<br \/>Como advert\u00eda <b>\u00c1lvaro Garc\u00eda Linera<\/b> en el \u00faltimo encuentro de intelectuales organizado en Caracas: <i><b>\u201cNos estamos jugando la vida en Venezuela\u201d.<\/b><\/i><\/span><\/div>\n<div><span style=\"font-family: Verdana, sans-serif\">Todos los gobiernos, organizaciones sociales y militantes le debemos a <b>Venezuela <\/b>haber expresado&nbsp;con tanta convicci\u00f3n, y militado con vocaci\u00f3n de unidad, el <b>proyecto de Emancipaci\u00f3n de&nbsp;<\/b><\/span><span style=\"font-family: Verdana, sans-serif\"><b>Nuestram\u00e9rica;<\/b> hoy tenemos que pronunciarnos, sin falta y sin demora, en <b>solidaridad activa con&nbsp;<\/b><\/span><span style=\"font-family: Verdana, sans-serif\"><b>el gobierno de Nicol\u00e1s Maduro y contra la embestida del Imperialismo<\/b> y los poderes f\u00e1cticos.<\/span><\/div>\n<div><span style=\"font-family: Verdana, sans-serif\"><br \/><\/span><\/div>\n<div><span style=\"font-family: Verdana, sans-serif\"><span style=\"color: red;font-size: large\"><b>\u00a1NO PASAR\u00c1N!<br \/>\u00a1CHAVEZ VIVE, LA LUCHA SIGUE!<\/b><\/span><\/span><\/div>\n<div><span style=\"font-family: Verdana, sans-serif\">Para m\u00e1s informaci\u00f3n comunicarse con el Coordinador Nacional de la Organizaci\u00f3n Social y Pol\u00edtica Los Pibes, Lito Borello, al 15-5451-2139<\/span><\/div>\n<\/div>\n","protected":false},"excerpt":{"rendered":"<p>\u00a1HASTA VENCER! [GACETILA DE PRENSA DE LA O.S. y P. LOS PIBES 22\/02\/15]&nbsp;Ya no hay tiempo para dudas. Las maniobras y operaciones golpistas de todo tipo que se suceden en Venezuela en estos momentos, ponen la realidad mundial sobre la mesa, y en particular, las&nbsp;intenciones imperialistas sobre la regi\u00f3n: la restauraci\u00f3n conservadora est\u00e1 en marcha. [&hellip;]<\/p>\n","protected":false},"author":4,"featured_media":0,"comment_status":"open","ping_status":"open","sticky":false,"template":"","format":"standard","meta":{"_monsterinsights_skip_tracking":false,"_monsterinsights_sitenote_active":false,"_monsterinsights_sitenote_note":"","_monsterinsights_sitenote_category":0,"jnews-multi-image_gallery":[],"jnews_single_post":{"format":"standard"},"jnews_primary_category":[],"_joinchat":[],"footnotes":""},"categories":[58],"tags":[70],"class_list":["post-715","post","type-post","status-publish","format-standard","hentry","category-noticiariachuelo","tag-de-la-patria-grande"],"_links":{"self":[{"href":"http:\/\/fmriachuelo.it10.com.ar\/index.php\/wp-json\/wp\/v2\/posts\/715","targetHints":{"allow":["GET"]}}],"collection":[{"href":"http:\/\/fmriachuelo.it10.com.ar\/index.php\/wp-json\/wp\/v2\/posts"}],"about":[{"href":"http:\/\/fmriachuelo.it10.com.ar\/index.php\/wp-json\/wp\/v2\/types\/post"}],"author":[{"embeddable":true,"href":"http:\/\/fmriachuelo.it10.com.ar\/index.php\/wp-json\/wp\/v2\/users\/4"}],"replies":[{"embeddable":true,"href":"http:\/\/fmriachuelo.it10.com.ar\/index.php\/wp-json\/wp\/v2\/comments?post=715"}],"version-history":[{"count":1,"href":"http:\/\/fmriachuelo.it10.com.ar\/index.php\/wp-json\/wp\/v2\/posts\/715\/revisions"}],"predecessor-version":[{"id":22540,"href":"http:\/\/fmriachuelo.it10.com.ar\/index.php\/wp-json\/wp\/v2\/posts\/715\/revisions\/22540"}],"wp:attachment":[{"href":"http:\/\/fmriachuelo.it10.com.ar\/index.php\/wp-json\/wp\/v2\/media?parent=715"}],"wp:term":[{"taxonomy":"category","embeddable":true,"href":"http:\/\/fmriachuelo.it10.com.ar\/index.php\/wp-json\/wp\/v2\/categories?post=715"},{"taxonomy":"post_tag","embeddable":true,"href":"http:\/\/fmriachuelo.it10.com.ar\/index.php\/wp-json\/wp\/v2\/tags?post=715"}],"curies":[{"name":"wp","href":"https:\/\/api.w.org\/{rel}","templated":true}]}}