{"id":7148,"date":"2018-05-23T22:38:20","date_gmt":"2018-05-23T22:38:20","guid":{"rendered":"http:\/\/fmriachuelo.com.ar\/?p=7148"},"modified":"2018-05-23T22:38:20","modified_gmt":"2018-05-23T22:38:20","slug":"solidaridad-de-los-trabajadores-en-la-marcha-federal-docente","status":"publish","type":"post","link":"http:\/\/fmriachuelo.it10.com.ar\/index.php\/2018\/05\/23\/solidaridad-de-los-trabajadores-en-la-marcha-federal-docente\/","title":{"rendered":"SOLIDARIDAD DE LOS TRABAJADORES  EN LA MARCHA FEDERAL DOCENTE"},"content":{"rendered":"<p><b>[FM Riachuelo 23\/05\/2018] Hoy se llev\u00f3 a cabo la segunda Marcha Federal Educativa, realizada por los trabajadores de la educaci\u00f3n p\u00fablica, que participaron desde diferentes puntos del pa\u00eds.\u00a0 En las consignas de reclamo se pidi\u00f3\u00a0<\/b><strong>\u00a0que se convoque a\u00a0 la reapertura de las paritarias, un mayor financiamiento educativo, rechazar al FMI y en contra del cierre de los 29 Institutos Terciarios.\u00a0<\/strong><\/p>\n<p>Hubo gran\u00a0 solidaridad por parte de los trabajadores de la Econom\u00eda Popular, organizaciones sociales, gremios y sindicatos, mostrando unidad en la \u00a0lucha y contra el \u00a0ajuste y represi\u00f3n del\u00a0 gobierno de Mauricio Macri. La concentraci\u00f3n comenz\u00f3 desde las diez de la ma\u00f1ana hasta las dos de la tarde en diferentes puntos de la Capital Federal y Provincia de Buenos Aires, para luego concluir en Plaza de Mayo.<\/p>\n<p>FM Riachuelo, estuvo acompa\u00f1ando a los docentes y entrevist\u00f3 a\u00a0 \u00a0Rafael Klejzer, Secretario General\u00a0 de la CTEP de Capital Federal, quien se solidariz\u00f3 con la lucha docente, <strong>\u201cimag\u00ednense lxs trabajadorxs de la econom\u00eda popular sin una escuela, sin trabajadores de\u00a0 la educaci\u00f3n dignos y peleando por lo suyo. Toda nuestra total\u00a0 solidaridad con la lucha de los\u00a0 docentes en la ciudad y el resto del pa\u00eds.\u201d<\/strong><\/p>\n<p><img loading=\"lazy\" decoding=\"async\" class=\"alignnone size-full wp-image-7157\" src=\"http:\/\/fmriachuelo.com.ar\/wp-content\/uploads\/2018\/05\/WhatsApp-Image-2018-05-23-at-7.19.27-PM-1.jpeg\" alt=\"\" width=\"1280\" height=\"853\" srcset=\"http:\/\/fmriachuelo.it10.com.ar\/wp-content\/uploads\/2018\/05\/WhatsApp-Image-2018-05-23-at-7.19.27-PM-1.jpeg 1280w, http:\/\/fmriachuelo.it10.com.ar\/wp-content\/uploads\/2018\/05\/WhatsApp-Image-2018-05-23-at-7.19.27-PM-1-300x200.jpeg 300w, http:\/\/fmriachuelo.it10.com.ar\/wp-content\/uploads\/2018\/05\/WhatsApp-Image-2018-05-23-at-7.19.27-PM-1-1024x682.jpeg 1024w, http:\/\/fmriachuelo.it10.com.ar\/wp-content\/uploads\/2018\/05\/WhatsApp-Image-2018-05-23-at-7.19.27-PM-1-768x512.jpeg 768w, http:\/\/fmriachuelo.it10.com.ar\/wp-content\/uploads\/2018\/05\/WhatsApp-Image-2018-05-23-at-7.19.27-PM-1-750x500.jpeg 750w, http:\/\/fmriachuelo.it10.com.ar\/wp-content\/uploads\/2018\/05\/WhatsApp-Image-2018-05-23-at-7.19.27-PM-1-1140x760.jpeg 1140w\" sizes=\"auto, (max-width: 1280px) 100vw, 1280px\" \/><\/p>\n<p>Taty Almeida, \u00a0integrante de\u00a0Madres de Plaza de Mayo L\u00ednea Fundadora, tambi\u00e9n acompa\u00f1o la marcha e hizo hincapi\u00e9 a la persecuci\u00f3n y violaci\u00f3n de los Derechos Humanos por parte del Gobierno, <strong>\u201c<em>ac\u00e1 estamos para decirle a Macri y compa\u00f1\u00eda, \u00a1BASTA! de perseguir a la ense\u00f1anza p\u00fablica, que \u00a0tambi\u00e9n es un derecho humano, lamentablemente\u00a0 desde que esta Macri todos los d\u00edas por diferentes motivos\u00a0 se violan los derechos humanos, \u00a0por eso hoy lo estamos repudiando\u201d.\u00a0 <\/em><\/strong><\/p>\n<p>El escenario se armo sobre la Avenida de Mayo frente al Cabildo, donde culmin\u00f3 la marcha federal. Se expresaron docentes de todo el pa\u00eds\u00a0 reclamando no solo por salarios justos sino tambi\u00e9n por una educaci\u00f3n digna\u00a0 y un claro repudio al juste del Gobierno de Macri.<\/p>\n<p>El primer orador durante el acto fue\u00a0 \u00a0Eduardo L\u00f3pez, Secretario General de UTE,agradeci\u00f3 a \u00a0los diferentes sectores que se hicieron presentes en la marcha, y dijo que el acto se realiz\u00f3 frente al Cabildo porque la Plaza de Mayo esta enrejada. Y que \u00a0en este contexto los trabajadores dicen, <strong>PATRIA S\u00cd, COLONIA NO.<\/strong><\/p>\n<p>Roberto Baradel, Secretario General de Suteba, durante su discurso se solidariz\u00f3 con los trabajadores del subte y Cresta Roja, que est\u00e1n en lucha y que fueron brutalmente reprimidos durante \u00a0sus reclamos. Y convoc\u00f3 a la UNIDAD de la clase trabajadora para el paro general en contra del FMI y de las pol\u00edticas de ajuste.<\/p>\n<p>Tambi\u00e9n estuvo presente Beto Pianelli, Secretario General Asociaci\u00f3n Gremial de los Trabajadores del Subte y Premetro, que agradeci\u00f3 la solidaridad recibida por parte de diferentes sectores de trabajadores, en el marco de las detenciones arbitrarias \u00a0a delegados durante un reclamo salarial.<\/p>\n<p>Cerr\u00f3 el acto Sonia Alesso, titular de CTERA<em>,\u00a0 quien remarc\u00f3,\u00a0 <strong>\u201cnos quieren volver a meter para adentro no nos confundamos, quieren que dejemos de pensar en los grandes destinos nacionales, para que solamente discutamos uno o dos temas. La discusi\u00f3n con el Gobierno no es solo el modelo educativo, es el modelo para esta Patria. Por eso el 25 vamos a estar con los trabajadores, por eso estuvimos con los trabajadores del Subte, con los bancarios, con los movimientos sociales y con cada trabajador que lucha y resiste para construir un modelo mejor para esta Patria. <\/strong><\/em><\/p>\n<p><strong><em>\u00a0<a href=\"https:\/\/soundcloud.com\/prensa-fm-riachuelo\/sets\/23-05-2018-marcha-federal\">COBERTURA RIACHUELO<\/a><\/em><\/strong><\/p>\n","protected":false},"excerpt":{"rendered":"<p>[FM Riachuelo 23\/05\/2018] Hoy se llev\u00f3 a cabo la segunda Marcha Federal Educativa, realizada por los trabajadores de la educaci\u00f3n p\u00fablica, que participaron desde diferentes puntos del pa\u00eds.\u00a0 En las consignas de reclamo se pidi\u00f3\u00a0\u00a0que se convoque a\u00a0 la reapertura de las paritarias, un mayor financiamiento educativo, rechazar al FMI y en contra del cierre [&hellip;]<\/p>\n","protected":false},"author":5,"featured_media":7149,"comment_status":"open","ping_status":"open","sticky":false,"template":"","format":"standard","meta":{"_monsterinsights_skip_tracking":false,"_monsterinsights_sitenote_active":false,"_monsterinsights_sitenote_note":"","_monsterinsights_sitenote_category":0,"jnews-multi-image_gallery":[],"jnews_single_post":[],"jnews_primary_category":[],"_joinchat":[],"footnotes":""},"categories":[76,77],"tags":[],"class_list":["post-7148","post","type-post","status-publish","format-standard","has-post-thumbnail","hentry","category-salud-comunitaria","category-soberania"],"_links":{"self":[{"href":"http:\/\/fmriachuelo.it10.com.ar\/index.php\/wp-json\/wp\/v2\/posts\/7148","targetHints":{"allow":["GET"]}}],"collection":[{"href":"http:\/\/fmriachuelo.it10.com.ar\/index.php\/wp-json\/wp\/v2\/posts"}],"about":[{"href":"http:\/\/fmriachuelo.it10.com.ar\/index.php\/wp-json\/wp\/v2\/types\/post"}],"author":[{"embeddable":true,"href":"http:\/\/fmriachuelo.it10.com.ar\/index.php\/wp-json\/wp\/v2\/users\/5"}],"replies":[{"embeddable":true,"href":"http:\/\/fmriachuelo.it10.com.ar\/index.php\/wp-json\/wp\/v2\/comments?post=7148"}],"version-history":[{"count":0,"href":"http:\/\/fmriachuelo.it10.com.ar\/index.php\/wp-json\/wp\/v2\/posts\/7148\/revisions"}],"wp:featuredmedia":[{"embeddable":true,"href":"http:\/\/fmriachuelo.it10.com.ar\/index.php\/wp-json\/wp\/v2\/media\/7149"}],"wp:attachment":[{"href":"http:\/\/fmriachuelo.it10.com.ar\/index.php\/wp-json\/wp\/v2\/media?parent=7148"}],"wp:term":[{"taxonomy":"category","embeddable":true,"href":"http:\/\/fmriachuelo.it10.com.ar\/index.php\/wp-json\/wp\/v2\/categories?post=7148"},{"taxonomy":"post_tag","embeddable":true,"href":"http:\/\/fmriachuelo.it10.com.ar\/index.php\/wp-json\/wp\/v2\/tags?post=7148"}],"curies":[{"name":"wp","href":"https:\/\/api.w.org\/{rel}","templated":true}]}}