{"id":714,"date":"2015-02-24T17:16:00","date_gmt":"2015-02-24T17:16:00","guid":{"rendered":"http:\/\/fmriachuelo.observatorioess.org.ar\/index.php\/2015\/02\/24\/se-profundizan-los-lazos-entre-ctep-y-fucvam-de-uruguay\/"},"modified":"2025-03-26T15:29:25","modified_gmt":"2025-03-26T18:29:25","slug":"se-profundizan-los-lazos-entre-ctep-y-fucvam-de-uruguay","status":"publish","type":"post","link":"http:\/\/fmriachuelo.it10.com.ar\/index.php\/2015\/02\/24\/se-profundizan-los-lazos-entre-ctep-y-fucvam-de-uruguay\/","title":{"rendered":"SE PROFUNDIZAN LOS LAZOS ENTRE CTEP Y FUCVAM DE URUGUAY"},"content":{"rendered":"<div style=\"margin: 0px;padding: 0px\">\n<div>\n<div style=\"border: none;color: #252324;font-size: 13px;line-height: normal;margin-bottom: 0.0001pt;padding: 0cm\"><span style=\"font-family: Verdana, sans-serif;font-size: 12pt\"><span style=\"background-color: #f3f3f3\">construcci\u00f3n de vivienda por ayuda mutua<\/span><\/span><\/div>\n<div style=\"border: none;color: #252324;font-size: 13px;line-height: normal;margin-bottom: 0.0001pt;padding: 0cm\"><b><span style=\"color: red;font-family: Verdana, sans-serif;font-size: large\">el nuevo paradigma de la patria grande:<\/span><\/b><br \/><b><span style=\"color: red;font-family: Verdana, sans-serif;font-size: large\">la econom\u00eda popular<\/span><\/b><\/div>\n<div style=\"border: none;line-height: normal;margin-bottom: 0.0001pt;padding: 0cm\"><a href=\"https:\/\/images-blogger-opensocial.googleusercontent.com\/gadgets\/proxy?url=http%3A%2F%2F1.bp.blogspot.com%2F-f7i7OvSWdOY%2FVOyv-4qAPgI%2FAAAAAAAACzk%2FOKHX6nkwWY8%2Fs1600%2Fdescarga-1.jpg&amp;container=blogger&amp;gadget=a&amp;rewriteMime=image%2F*\" style=\"clear: left;float: left;margin-bottom: 1em;margin-right: 1em\"><\/a><a href=\"https:\/\/images-blogger-opensocial.googleusercontent.com\/gadgets\/proxy?url=http%3A%2F%2F2.bp.blogspot.com%2F-VYc_hqKeEfQ%2FVOyv7VY_B8I%2FAAAAAAAACzQ%2FcdwC5W8laP4%2Fs1600%2Fdescarga1.jpg&amp;container=blogger&amp;gadget=a&amp;rewriteMime=image%2F*\" style=\"clear: left;float: left;margin-bottom: 1em;margin-right: 1em;text-align: center\"><img loading=\"lazy\" decoding=\"async\" border=\"0\" src=\"http:\/\/2.bp.blogspot.com\/-VYc_hqKeEfQ\/VOyv7VY_B8I\/AAAAAAAACzQ\/cdwC5W8laP4\/s1600\/descarga1.jpg\" height=\"132\" width=\"200\" \/><\/a><span style=\"font-family: Verdana, sans-serif\"><\/span><br \/><a href=\"https:\/\/images-blogger-opensocial.googleusercontent.com\/gadgets\/proxy?url=http%3A%2F%2F1.bp.blogspot.com%2F-f7i7OvSWdOY%2FVOyv-4qAPgI%2FAAAAAAAACzk%2FOKHX6nkwWY8%2Fs1600%2Fdescarga-1.jpg&amp;container=blogger&amp;gadget=a&amp;rewriteMime=image%2F*\" style=\"clear: left;float: left;margin-bottom: 1em;margin-right: 1em\"><img loading=\"lazy\" decoding=\"async\" border=\"0\" src=\"http:\/\/1.bp.blogspot.com\/-f7i7OvSWdOY\/VOyv-4qAPgI\/AAAAAAAACzk\/OKHX6nkwWY8\/s1600\/descarga-1.jpg\" height=\"149\" width=\"200\" \/><\/a><span style=\"font-family: Verdana, sans-serif\"><b>[PRENSA CTEP 24\/02\/15]<\/b> Durante los d\u00edas 2, 3 y 4 de febrero, en Montevideo se realiz\u00f3 una nueva reuni\u00f3n de trabajo bilateral entre la CTEP, representada por el Secretario de Vivienda y H\u00e1bitat Popular, Lito Borello y la Direcci\u00f3n Nacional de la FUCVAM, para seguir profundizando los lazos entre ambos nucleamientos de organizaciones de las dos orillas rioplatenses.<br \/>Este nuevo encuentro sigue los pasos que se comenzaron a dar durante 2014, en que la Confederaci\u00f3n de Trabajadores de la Econom\u00eda Popular solicit\u00f3 formalmente la incorporaci\u00f3n a la Secretar\u00eda Latinoamericana de Vivienda y H\u00e1bitat Popular -SELVIHP-, y luego con la recepci\u00f3n de una delegaci\u00f3n de la Direcci\u00f3n Nacional, se suscribiera un acuerdo de reciprocidad entre las 2 organizaciones.<\/span><br \/><span style=\"font-family: Verdana, sans-serif\"><br \/>En la reuni\u00f3n de trabajo en Uruguay CTEP-FUCVAM, se convers\u00f3 sobre la siguiente agenda:<\/span><\/p>\n<div style=\"clear: both;text-align: center\"><a href=\"http:\/\/1.bp.blogspot.com\/-Qq6snvGfelA\/VOy5RZ8yZ7I\/AAAAAAAAC0E\/ObBd3UWdlaQ\/s1600\/descarga-2.jpg\" style=\"clear: left;float: left;margin-bottom: 1em;margin-right: 1em\"><img loading=\"lazy\" decoding=\"async\" border=\"0\" src=\"http:\/\/1.bp.blogspot.com\/-Qq6snvGfelA\/VOy5RZ8yZ7I\/AAAAAAAAC0E\/ObBd3UWdlaQ\/s1600\/descarga-2.jpg\" height=\"132\" width=\"200\" \/><\/a><\/div>\n<p><span style=\"font-family: Verdana, sans-serif\">Se curs\u00f3 invitaci\u00f3n para la participaci\u00f3n de una delegaci\u00f3n uruguaya en el pr\u00f3ximo Encuentro Nacional de Vivienda y H\u00e1bitat de la CTEP, que se llevar\u00e1 adelante en la ciudad de C\u00f3rdoba para el pr\u00f3ximo 14 y 15 de marzo.<\/span><br \/><span style=\"font-family: Verdana, sans-serif\">Se convers\u00f3 sobre la posibilidad de realizar un esquema de pasant\u00edas entre ambas organizaciones, con contingentes que viajar\u00edan al pa\u00eds hermano durante una semana a instalarse en una Cooperativa, realizando Ayuda Mutua y vivenciando los modelos de trabajo y organizaci\u00f3n. El primer intercambio podr\u00eda realizarse durante el mes de abril en Uruguay, en una cooperativa a definir por la FUCVAM.<\/span><span style=\"font-family: Verdana, sans-serif\">Se invit\u00f3 a participar de la inauguraci\u00f3n oficial de la COVILPI (experiencia de 33 unidades habitacionales en La Boca, construida por autogesti\u00f3n y ayuda mutua a trav\u00e9s de la Ley 341 de la CABA), donde, se prev\u00e9 que la Secretar\u00eda de Vivienda y H\u00e1bitat de la CTEP lance un Plan de Trabajo por una Ley Nacional de H\u00e1bitat que contemple la Autogesti\u00f3n.<br \/>Por \u00faltimo, se convers\u00f3 sobre la posibilidad de coincidir en el Encuentro Mundial de Movimientos Sociales que tendr\u00e1 lugar en Bolivia a mitad de a\u00f1o, sobre las 3T planteadas en el 1er Encuentro Mundial realizado en Roma donde participaron el Papa Francisco y el presidente del Estado Plurinacional de Bolivia Evo Morales, ratificando la importancia de la Tierra en la agenda de los pueblos. En dicho encuentro, junto a otras organizaciones del mundo, tambi\u00e9n participaron, la FUCVAM y una delegaci\u00f3n de la CTEP.<\/span><\/div>\n<\/div>\n<div style=\"background-color: white;color: #252324;font-size: 13px;line-height: normal;margin-bottom: 0.0001pt\"><b style=\"color: #0b5394;font-family: Verdana, sans-serif;line-height: 22.1000003814697px\">SECRETAR\u00cdA DE VIVIENDA Y H\u00c1BITAT POPULAR<\/b><\/div>\n<div style=\"background-color: white;color: #252324;font-size: 13px;line-height: normal;margin-bottom: 0.0001pt\"><span style=\"font-family: Verdana, sans-serif\">M\u00e1s informaci\u00f3n 15-5451-2139 (Lito Borello)<\/span><\/div>\n<\/div>\n","protected":false},"excerpt":{"rendered":"<p>construcci\u00f3n de vivienda por ayuda mutua el nuevo paradigma de la patria grande:la econom\u00eda popular [PRENSA CTEP 24\/02\/15] Durante los d\u00edas 2, 3 y 4 de febrero, en Montevideo se realiz\u00f3 una nueva reuni\u00f3n de trabajo bilateral entre la CTEP, representada por el Secretario de Vivienda y H\u00e1bitat Popular, Lito Borello y la Direcci\u00f3n Nacional [&hellip;]<\/p>\n","protected":false},"author":4,"featured_media":0,"comment_status":"open","ping_status":"open","sticky":false,"template":"","format":"standard","meta":{"_monsterinsights_skip_tracking":false,"_monsterinsights_sitenote_active":false,"_monsterinsights_sitenote_note":"","_monsterinsights_sitenote_category":0,"jnews-multi-image_gallery":[],"jnews_single_post":{"format":"standard"},"jnews_primary_category":[],"_joinchat":[],"footnotes":""},"categories":[58],"tags":[88,70,147,86],"class_list":["post-714","post","type-post","status-publish","format-standard","hentry","category-noticiariachuelo","tag-de-la-economia-social","tag-de-la-patria-grande","tag-habitat","tag-noti-ctep"],"_links":{"self":[{"href":"http:\/\/fmriachuelo.it10.com.ar\/index.php\/wp-json\/wp\/v2\/posts\/714","targetHints":{"allow":["GET"]}}],"collection":[{"href":"http:\/\/fmriachuelo.it10.com.ar\/index.php\/wp-json\/wp\/v2\/posts"}],"about":[{"href":"http:\/\/fmriachuelo.it10.com.ar\/index.php\/wp-json\/wp\/v2\/types\/post"}],"author":[{"embeddable":true,"href":"http:\/\/fmriachuelo.it10.com.ar\/index.php\/wp-json\/wp\/v2\/users\/4"}],"replies":[{"embeddable":true,"href":"http:\/\/fmriachuelo.it10.com.ar\/index.php\/wp-json\/wp\/v2\/comments?post=714"}],"version-history":[{"count":1,"href":"http:\/\/fmriachuelo.it10.com.ar\/index.php\/wp-json\/wp\/v2\/posts\/714\/revisions"}],"predecessor-version":[{"id":22541,"href":"http:\/\/fmriachuelo.it10.com.ar\/index.php\/wp-json\/wp\/v2\/posts\/714\/revisions\/22541"}],"wp:attachment":[{"href":"http:\/\/fmriachuelo.it10.com.ar\/index.php\/wp-json\/wp\/v2\/media?parent=714"}],"wp:term":[{"taxonomy":"category","embeddable":true,"href":"http:\/\/fmriachuelo.it10.com.ar\/index.php\/wp-json\/wp\/v2\/categories?post=714"},{"taxonomy":"post_tag","embeddable":true,"href":"http:\/\/fmriachuelo.it10.com.ar\/index.php\/wp-json\/wp\/v2\/tags?post=714"}],"curies":[{"name":"wp","href":"https:\/\/api.w.org\/{rel}","templated":true}]}}